{"id":4124,"date":"2019-11-22T11:40:05","date_gmt":"2019-11-22T14:40:05","guid":{"rendered":"https:\/\/justicapotiguar.com.br\/?p=4124"},"modified":"2019-11-22T11:41:20","modified_gmt":"2019-11-22T14:41:20","slug":"stj-mantem-prisao-de-advogado-por-divida-de-alimentos-para-filhos-maiores-de-idade","status":"publish","type":"post","link":"https:\/\/justicapotiguar.com.br\/index.php\/2019\/11\/22\/stj-mantem-prisao-de-advogado-por-divida-de-alimentos-para-filhos-maiores-de-idade\/","title":{"rendered":"STJ mant\u00e9m pris\u00e3o de advogado por d\u00edvida de alimentos para filhos maiores de idade"},"content":{"rendered":"\n<p>Em decis\u00e3o por maioria, a 4\u00aa turma do STJ manteve decreto prisional contra advogado por d\u00edvida de pens\u00e3o aliment\u00edcia com os dois filhos, que t\u00eam 19 e 21 anos.<\/p>\n\n\n\n<p>O paciente alegou que est\u00e1 desempregado desde 2009, com d\u00edvida de mais de R$ 1 mi, e que al\u00e9m de maiores de idade, os filhos trabalham, de modo que a pris\u00e3o seria constrangimento ilegal. O MP opinou favoravelmente ao habeas.<\/p>\n\n\n\n<p>O relator, ministro Raul Ara\u00fajo, concluiu que a pris\u00e3o era \u201cilegal e indevida\u201d uma vez verificada a maioridade civil e a capacidade econ\u00f4mica dos exequentes, que exercem atividade profissional remunerada.&nbsp;Al\u00e9m disso, Raul entendeu que o valor elevado da d\u00edvida \u2013 que atingiu R$ 64 mil em maio \u00faltimo \u2013 aponta para a inefic\u00e1cia da medida mais gravosa para compelir o devedor \u00e0 quita\u00e7\u00e3o do d\u00e9bito.<\/p>\n\n\n\n<p>O ministro destacou que os filhos abriram m\u00e3o da d\u00edvida original (R$ 122 mil), buscando a execu\u00e7\u00e3o de R$ 11,6 mil, relativo a tr\u00eas meses conforme prev\u00ea a lei, de modo a permitir a pris\u00e3o civil do pai: \u201c<em>Me parece mais uma quest\u00e3o de drama familiar do que propriamente no interesse da percep\u00e7\u00e3o das necessidades mais prementes.<\/em>\u201d Assim, concedeu a ordem de of\u00edcio, garantindo salvo-conduto ao caus\u00eddico.<\/p>\n\n\n\n<figure class=\"wp-block-image\"><img src=\"https:\/\/www.globalframe.com.br\/gf_base\/empresas\/MIGA\/imagens\/6B99DF8A7E180B64563A9764A4164CF56165_prisao.jpg\" alt=\"t\"\/><\/figure>\n\n\n\n<p>J\u00e1 em diverg\u00eancia, o ministro Marco Buzzi negou a concess\u00e3o do HC. De in\u00edcio, ressaltou que a jurisprud\u00eancia evoluiu de modo a n\u00e3o permitir a impetra\u00e7\u00e3o de HC como suced\u00e2neo recursal. O ministro citou jurisprud\u00eancia da Casa consolidada em s\u00famula segundo a qual o d\u00e9bito alimentar que autoriza a pris\u00e3o civil \u00e9 o que compreende tr\u00eas presta\u00e7\u00f5es anteriores \u00e0 execu\u00e7\u00e3o e as que vencerem no curso do processo. E tamb\u00e9m seria incab\u00edvel na via do HC analisar a eventual modifica\u00e7\u00e3o do bin\u00f4nmio necessidade-possibilidade, &#8220;por ser estranha \u00e0 celeridade desse rito&#8221;.<\/p>\n\n\n\n<p>Para o ministro, a maioridade dos alimentados n\u00e3o afasta por si s\u00f3 a necessidade e urg\u00eancia da verba alimentar. O presidente da turma ainda considerou a aus\u00eancia de a\u00e7\u00e3o revisional na origem por parte do pai.<\/p><div class=\"ngjum69f1761bb4afc\" ><!--<a href=\"https:\/\/bit.ly\/3QdrqTZ\" target=\"_blank\">\n<img src=\"https:\/\/justicapotiguar.com.br\/wp-content\/uploads\/2023\/09\/mobile-geral.gif\"\/><a\/>--><\/div><style type=\"text\/css\">\r\n.ngjum69f1761bb4afc {\r\ntext-align: center;\r\n}\r\n@media screen and (min-width: 1201px) {\r\n.ngjum69f1761bb4afc {\r\ndisplay: none;\r\n}\r\n}\r\n@media screen and (min-width: 993px) and (max-width: 1200px) {\r\n.ngjum69f1761bb4afc {\r\ndisplay: none;\r\n}\r\n}\r\n@media screen and (min-width: 769px) and (max-width: 992px) {\r\n.ngjum69f1761bb4afc {\r\ndisplay: none;\r\n}\r\n}\r\n@media screen and (min-width: 768px) and (max-width: 768px) {\r\n.ngjum69f1761bb4afc {\r\ndisplay: block;\r\n}\r\n}\r\n@media screen and (max-width: 767px) {\r\n.ngjum69f1761bb4afc {\r\ndisplay: block;\r\n}\r\n}\r\n<\/style>\r\n<div class=\"bnper69f1761bb4ae8\" ><!--<a href=\"https:\/\/bit.ly\/3QdrqTZ\" target=\"_blank\">\n<img src=\"https:\/\/justicapotiguar.com.br\/wp-content\/uploads\/2023\/09\/desktop-geral.gif\"\/><a\/>--><\/div><style type=\"text\/css\">\r\n.bnper69f1761bb4ae8 {\r\ntext-align: center;\nmargin-bottom: 1em;\r\n}\r\n@media screen and (min-width: 1201px) {\r\n.bnper69f1761bb4ae8 {\r\ndisplay: block;\r\n}\r\n}\r\n@media screen and (min-width: 993px) and (max-width: 1200px) {\r\n.bnper69f1761bb4ae8 {\r\ndisplay: block;\r\n}\r\n}\r\n@media screen and (min-width: 769px) and (max-width: 992px) {\r\n.bnper69f1761bb4ae8 {\r\ndisplay: block;\r\n}\r\n}\r\n@media screen and (min-width: 768px) and (max-width: 768px) {\r\n.bnper69f1761bb4ae8 {\r\ndisplay: none;\r\n}\r\n}\r\n@media screen and (max-width: 767px) {\r\n.bnper69f1761bb4ae8 {\r\ndisplay: none;\r\n}\r\n}\r\n<\/style>\r\n\n\n\n\n<p>O ministro Buzzi entendeu que os filhos desistido de um valor maior, tendo em vista que conforme jurisprud\u00eancia e doutrina, perde-se o car\u00e1ter alimentar urgente.<\/p>\n\n\n\n<p>Os ministros Isabel Gallotti, Antonio Carlos Ferreira e Luis Felipe Salom\u00e3o acompanharam a diverg\u00eancia. A ministra Gallotti ressaltou que \u201c<em>os valores chegaram a essa import\u00e2ncia porque o paciente est\u00e1 inadimplente desde 2015 e houve n\u00e3o propriamente desist\u00eancia de parte expressiva de valor de execu\u00e7\u00e3o, mas para adequar ao rito e cobrar as \u00faltimas tr\u00eas presta\u00e7\u00f5es, houve readequa\u00e7\u00e3o da execu\u00e7\u00e3o. Para avaliar essa situa\u00e7\u00e3o de pen\u00faria econ\u00f4mica seria necess\u00e1ria a\u00e7\u00e3o revisional para apurar as condi\u00e7\u00f5es<\/em>\u201d.<\/p>\n\n\n\n<p>Por sua vez, o ministro Salom\u00e3o refor\u00e7ou que a quest\u00e3o do montante n\u00e3o lhe impressiona: \u201c<em>Se ele deixou de pagar e n\u00e3o ajuizou medida nenhuma, tem que arcar com sua conduta. E o fato de n\u00e3o ter bens refor\u00e7a a ideia de que foge ao pagamento do que \u00e9 devido. N\u00e3o vislumbro nenhuma ilegalidade no decreto prisional.<\/em>\u201d<\/p>\n\n\n\n<p>Vencido, o ministro Raul ainda assentou: \u201c<em>N\u00e3o \u00e9 ilegalidade, \u00e9 inconstitucionalidade. Mas a 4\u00aa turma n\u00e3o concede HC, pode colocar em uma placa<\/em>.\u201d&nbsp;Denegada a ordem, o ministro Buzzi ser\u00e1 o redator do ac\u00f3rd\u00e3o.<\/p>\n\n\n\n<p><strong>Migalhas<\/strong><\/p>\n","protected":false},"excerpt":{"rendered":"<p>Para o ministro, a maioridade dos alimentados n\u00e3o afasta por si s\u00f3 a necessidade e urg\u00eancia da verba alimentar<br \/><a class=\"more-link\" href=\"https:\/\/justicapotiguar.com.br\/index.php\/2019\/11\/22\/stj-mantem-prisao-de-advogado-por-divida-de-alimentos-para-filhos-maiores-de-idade\/\">Mais&#8230;<\/a><\/p>\n","protected":false},"author":5,"featured_media":4125,"comment_status":"open","ping_status":"open","sticky":false,"template":"","format":"standard","meta":[],"categories":[3],"tags":[],"_links":{"self":[{"href":"https:\/\/justicapotiguar.com.br\/index.php\/wp-json\/wp\/v2\/posts\/4124"}],"collection":[{"href":"https:\/\/justicapotiguar.com.br\/index.php\/wp-json\/wp\/v2\/posts"}],"about":[{"href":"https:\/\/justicapotiguar.com.br\/index.php\/wp-json\/wp\/v2\/types\/post"}],"author":[{"embeddable":true,"href":"https:\/\/justicapotiguar.com.br\/index.php\/wp-json\/wp\/v2\/users\/5"}],"replies":[{"embeddable":true,"href":"https:\/\/justicapotiguar.com.br\/index.php\/wp-json\/wp\/v2\/comments?post=4124"}],"version-history":[{"count":2,"href":"https:\/\/justicapotiguar.com.br\/index.php\/wp-json\/wp\/v2\/posts\/4124\/revisions"}],"predecessor-version":[{"id":4138,"href":"https:\/\/justicapotiguar.com.br\/index.php\/wp-json\/wp\/v2\/posts\/4124\/revisions\/4138"}],"wp:featuredmedia":[{"embeddable":true,"href":"https:\/\/justicapotiguar.com.br\/index.php\/wp-json\/wp\/v2\/media\/4125"}],"wp:attachment":[{"href":"https:\/\/justicapotiguar.com.br\/index.php\/wp-json\/wp\/v2\/media?parent=4124"}],"wp:term":[{"taxonomy":"category","embeddable":true,"href":"https:\/\/justicapotiguar.com.br\/index.php\/wp-json\/wp\/v2\/categories?post=4124"},{"taxonomy":"post_tag","embeddable":true,"href":"https:\/\/justicapotiguar.com.br\/index.php\/wp-json\/wp\/v2\/tags?post=4124"}],"curies":[{"name":"wp","href":"https:\/\/api.w.org\/{rel}","templated":true}]}}