{"id":41142,"date":"2025-03-21T10:52:38","date_gmt":"2025-03-21T13:52:38","guid":{"rendered":"https:\/\/justicapotiguar.com.br\/?p=41142"},"modified":"2025-03-21T10:52:38","modified_gmt":"2025-03-21T13:52:38","slug":"stj-autoriza-multa-para-pais-que-nao-vacinarem-filhos-contra-a-covid-19","status":"publish","type":"post","link":"https:\/\/justicapotiguar.com.br\/index.php\/2025\/03\/21\/stj-autoriza-multa-para-pais-que-nao-vacinarem-filhos-contra-a-covid-19\/","title":{"rendered":"STJ autoriza multa para pais que n\u00e3o vacinarem filhos contra a Covid-19"},"content":{"rendered":"\n<figure class=\"wp-block-image size-large\"><img loading=\"lazy\" width=\"680\" height=\"453\" src=\"https:\/\/justicapotiguar.com.br\/wp-content\/uploads\/2019\/08\/vacina\u00e7\u00e3o-de-crian\u00e7a.jpg\" alt=\"\" class=\"wp-image-406\" srcset=\"https:\/\/justicapotiguar.com.br\/wp-content\/uploads\/2019\/08\/vacina\u00e7\u00e3o-de-crian\u00e7a.jpg 680w, https:\/\/justicapotiguar.com.br\/wp-content\/uploads\/2019\/08\/vacina\u00e7\u00e3o-de-crian\u00e7a-300x200.jpg 300w\" sizes=\"(max-width: 680px) 100vw, 680px\" \/><\/figure>\n\n\n\n<p>A Terceira Turma do Superior Tribunal de Justi\u00e7a (STJ) estabeleceu que est\u00e3o sujeitos \u00e0 multa prevista no&nbsp;<a href=\"https:\/\/www.planalto.gov.br\/ccivil_03\/leis\/l8069.htm#art249\">artigo 249 do Estatuto da Crian\u00e7a e do Adolescente (ECA)<\/a>&nbsp;os pais que se recusarem a vacinar seus filhos contra a Covid-19.<\/p>\n\n\n\n<p>Na decis\u00e3o, o colegiado levou em conta que a vacina\u00e7\u00e3o contra a doen\u00e7a foi recomendada em todo o pa\u00eds a partir de 2022, e que o Supremo Tribunal Federal (STF) considerou constitucional a obrigatoriedade da imuniza\u00e7\u00e3o, desde que a vacina tenha sido inclu\u00edda no Programa Nacional de Imuniza\u00e7\u00f5es, ou que sua aplica\u00e7\u00e3o seja imposta por lei ou, ainda, determinada pelo poder p\u00fablico com base em consenso cient\u00edfico (<a href=\"https:\/\/portal.stf.jus.br\/jurisprudenciaRepercussao\/verAndamentoProcesso.asp?incidente=5909870&amp;numeroProcesso=1267879&amp;classeProcesso=ARE&amp;numeroTema=1103\">Tema 1.103<\/a>).<\/p><div class=\"guvdi69f13a84d7b9c\" ><!--<a href=\"https:\/\/bit.ly\/3QdrqTZ\" target=\"_blank\">\n<img src=\"https:\/\/justicapotiguar.com.br\/wp-content\/uploads\/2023\/09\/mobile-geral.gif\"\/><a\/>--><\/div><style type=\"text\/css\">\r\n.guvdi69f13a84d7b9c {\r\ntext-align: center;\r\n}\r\n@media screen and (min-width: 1201px) {\r\n.guvdi69f13a84d7b9c {\r\ndisplay: none;\r\n}\r\n}\r\n@media screen and (min-width: 993px) and (max-width: 1200px) {\r\n.guvdi69f13a84d7b9c {\r\ndisplay: none;\r\n}\r\n}\r\n@media screen and (min-width: 769px) and (max-width: 992px) {\r\n.guvdi69f13a84d7b9c {\r\ndisplay: none;\r\n}\r\n}\r\n@media screen and (min-width: 768px) and (max-width: 768px) {\r\n.guvdi69f13a84d7b9c {\r\ndisplay: block;\r\n}\r\n}\r\n@media screen and (max-width: 767px) {\r\n.guvdi69f13a84d7b9c {\r\ndisplay: block;\r\n}\r\n}\r\n<\/style>\r\n<div class=\"khraj69f13a84d7b87\" ><!--<a href=\"https:\/\/bit.ly\/3QdrqTZ\" target=\"_blank\">\n<img src=\"https:\/\/justicapotiguar.com.br\/wp-content\/uploads\/2023\/09\/desktop-geral.gif\"\/><a\/>--><\/div><style type=\"text\/css\">\r\n.khraj69f13a84d7b87 {\r\ntext-align: center;\nmargin-bottom: 1em;\r\n}\r\n@media screen and (min-width: 1201px) {\r\n.khraj69f13a84d7b87 {\r\ndisplay: block;\r\n}\r\n}\r\n@media screen and (min-width: 993px) and (max-width: 1200px) {\r\n.khraj69f13a84d7b87 {\r\ndisplay: block;\r\n}\r\n}\r\n@media screen and (min-width: 769px) and (max-width: 992px) {\r\n.khraj69f13a84d7b87 {\r\ndisplay: block;\r\n}\r\n}\r\n@media screen and (min-width: 768px) and (max-width: 768px) {\r\n.khraj69f13a84d7b87 {\r\ndisplay: none;\r\n}\r\n}\r\n@media screen and (max-width: 767px) {\r\n.khraj69f13a84d7b87 {\r\ndisplay: none;\r\n}\r\n}\r\n<\/style>\r\n\n\n\n\n<p>O entendimento foi firmado pela Terceira Turma ao manter&nbsp;ac\u00f3rd\u00e3o&nbsp;que confirmou a multa de tr\u00eas sal\u00e1rios m\u00ednimos \u2013 a ser revertida ao Fundo Municipal dos Direitos da Crian\u00e7a e do Adolescente \u2013 aplicada aos pais de uma menina que, segundo o Minist\u00e9rio P\u00fablico do Paran\u00e1, n\u00e3o foi vacinada contra a Covid-19 mesmo ap\u00f3s notifica\u00e7\u00e3o do conselho tutelar.<\/p>\n\n\n\n<p>Ao STJ, os pais alegaram que o STF n\u00e3o declarou a vacina contra a Covid-19 obrigat\u00f3ria, mas apenas estabeleceu par\u00e2metros para que a exig\u00eancia do imunizante seja constitucional. Os pais tamb\u00e9m alegaram que temem os efeitos adversos da vacina, pois o imunizante ainda estaria em fase de desenvolvimento.<\/p>\n","protected":false},"excerpt":{"rendered":"<p>A Terceira Turma do Superior Tribunal de Justi\u00e7a (STJ) estabeleceu que est\u00e3o sujeitos \u00e0 multa prevista no&nbsp;artigo 249 do Estatuto da Crian\u00e7a e do Adolescente (ECA)&nbsp;os pais que se recusarem a vacinar seus filhos contra a Covid-19. Na decis\u00e3o, o colegiado levou em conta que a vacina\u00e7\u00e3o contra a doen\u00e7a foi recomendada em todo o<br \/><a class=\"more-link\" href=\"https:\/\/justicapotiguar.com.br\/index.php\/2025\/03\/21\/stj-autoriza-multa-para-pais-que-nao-vacinarem-filhos-contra-a-covid-19\/\">Mais&#8230;<\/a><\/p>\n","protected":false},"author":5,"featured_media":0,"comment_status":"open","ping_status":"open","sticky":false,"template":"","format":"standard","meta":[],"categories":[1],"tags":[],"_links":{"self":[{"href":"https:\/\/justicapotiguar.com.br\/index.php\/wp-json\/wp\/v2\/posts\/41142"}],"collection":[{"href":"https:\/\/justicapotiguar.com.br\/index.php\/wp-json\/wp\/v2\/posts"}],"about":[{"href":"https:\/\/justicapotiguar.com.br\/index.php\/wp-json\/wp\/v2\/types\/post"}],"author":[{"embeddable":true,"href":"https:\/\/justicapotiguar.com.br\/index.php\/wp-json\/wp\/v2\/users\/5"}],"replies":[{"embeddable":true,"href":"https:\/\/justicapotiguar.com.br\/index.php\/wp-json\/wp\/v2\/comments?post=41142"}],"version-history":[{"count":1,"href":"https:\/\/justicapotiguar.com.br\/index.php\/wp-json\/wp\/v2\/posts\/41142\/revisions"}],"predecessor-version":[{"id":41143,"href":"https:\/\/justicapotiguar.com.br\/index.php\/wp-json\/wp\/v2\/posts\/41142\/revisions\/41143"}],"wp:attachment":[{"href":"https:\/\/justicapotiguar.com.br\/index.php\/wp-json\/wp\/v2\/media?parent=41142"}],"wp:term":[{"taxonomy":"category","embeddable":true,"href":"https:\/\/justicapotiguar.com.br\/index.php\/wp-json\/wp\/v2\/categories?post=41142"},{"taxonomy":"post_tag","embeddable":true,"href":"https:\/\/justicapotiguar.com.br\/index.php\/wp-json\/wp\/v2\/tags?post=41142"}],"curies":[{"name":"wp","href":"https:\/\/api.w.org\/{rel}","templated":true}]}}