{"id":4107,"date":"2019-11-21T09:16:25","date_gmt":"2019-11-21T12:16:25","guid":{"rendered":"https:\/\/justicapotiguar.com.br\/?p=4107"},"modified":"2019-11-22T10:45:07","modified_gmt":"2019-11-22T13:45:07","slug":"mp-pede-prisaoex-prefeito-de-serra-de-sao-bento-e-afastado-da-chefia-de-gabinete-do-municipio-por-improbidade-administrativa","status":"publish","type":"post","link":"https:\/\/justicapotiguar.com.br\/index.php\/2019\/11\/21\/mp-pede-prisaoex-prefeito-de-serra-de-sao-bento-e-afastado-da-chefia-de-gabinete-do-municipio-por-improbidade-administrativa\/","title":{"rendered":"MP pede pris\u00e3o de ex-prefeito de Serra de S\u00e3o Bento que \u00e9 afastado da chefia de gabinete do Munic\u00edpio por improbidade administrativa"},"content":{"rendered":"\n<p>O ex-prefeito e atual chefe de gabinete da Prefeitura de Serra de S\u00e3o Bento, Francisco Erasmo de Morais foi afastado do cargo pela Justi\u00e7a por improbidade administrativa.<\/p>\n\n\n\n<figure class=\"wp-block-image\"><img loading=\"lazy\" width=\"660\" height=\"372\" src=\"https:\/\/justicapotiguar.com.br\/wp-content\/uploads\/2019\/08\/justica.jpg\" alt=\"\" class=\"wp-image-912\" srcset=\"https:\/\/justicapotiguar.com.br\/wp-content\/uploads\/2019\/08\/justica.jpg 660w, https:\/\/justicapotiguar.com.br\/wp-content\/uploads\/2019\/08\/justica-300x169.jpg 300w\" sizes=\"(max-width: 660px) 100vw, 660px\" \/><figcaption>Reprodu\u00e7\u00e3o<\/figcaption><\/figure>\n\n\n\n<p>Desde quando era prefeito e hoje sendo sucedido pela filha na gest\u00e3o municipal, o pol\u00edtico responde a dezenas de processos judiciais junto com auxiliares. O MP havia pedido tamb\u00e9m a pris\u00e3o do ex-gestor, mas o juiz n\u00e3o concedeu.<\/p><div class=\"yiqkl69f47dd825352\" ><!--<a href=\"https:\/\/bit.ly\/3QdrqTZ\" target=\"_blank\">\n<img src=\"https:\/\/justicapotiguar.com.br\/wp-content\/uploads\/2023\/09\/mobile-geral.gif\"\/><a\/>--><\/div><style type=\"text\/css\">\r\n.yiqkl69f47dd825352 {\r\ntext-align: center;\r\n}\r\n@media screen and (min-width: 1201px) {\r\n.yiqkl69f47dd825352 {\r\ndisplay: none;\r\n}\r\n}\r\n@media screen and (min-width: 993px) and (max-width: 1200px) {\r\n.yiqkl69f47dd825352 {\r\ndisplay: none;\r\n}\r\n}\r\n@media screen and (min-width: 769px) and (max-width: 992px) {\r\n.yiqkl69f47dd825352 {\r\ndisplay: none;\r\n}\r\n}\r\n@media screen and (min-width: 768px) and (max-width: 768px) {\r\n.yiqkl69f47dd825352 {\r\ndisplay: block;\r\n}\r\n}\r\n@media screen and (max-width: 767px) {\r\n.yiqkl69f47dd825352 {\r\ndisplay: block;\r\n}\r\n}\r\n<\/style>\r\n<div class=\"hdtjj69f47dd82533f\" ><!--<a href=\"https:\/\/bit.ly\/3QdrqTZ\" target=\"_blank\">\n<img src=\"https:\/\/justicapotiguar.com.br\/wp-content\/uploads\/2023\/09\/desktop-geral.gif\"\/><a\/>--><\/div><style type=\"text\/css\">\r\n.hdtjj69f47dd82533f {\r\ntext-align: center;\nmargin-bottom: 1em;\r\n}\r\n@media screen and (min-width: 1201px) {\r\n.hdtjj69f47dd82533f {\r\ndisplay: block;\r\n}\r\n}\r\n@media screen and (min-width: 993px) and (max-width: 1200px) {\r\n.hdtjj69f47dd82533f {\r\ndisplay: block;\r\n}\r\n}\r\n@media screen and (min-width: 769px) and (max-width: 992px) {\r\n.hdtjj69f47dd82533f {\r\ndisplay: block;\r\n}\r\n}\r\n@media screen and (min-width: 768px) and (max-width: 768px) {\r\n.hdtjj69f47dd82533f {\r\ndisplay: none;\r\n}\r\n}\r\n@media screen and (max-width: 767px) {\r\n.hdtjj69f47dd82533f {\r\ndisplay: none;\r\n}\r\n}\r\n<\/style>\r\n\n\n\n\n<p>O caso atual segundo denuncia do MP acolhida pela Justi\u00e7a \u00e9 sobre o uso irregular de um ve\u00edculo no valor de R$ 277 mil, valor esse sequestrado pela Justi\u00e7a contra o r\u00e9u e atuais cargos comissionados da Prefeitura.<\/p>\n\n\n\n<p>Francisco Erasmo foi afastado do cargo e poder\u00e1 responder em a\u00e7\u00e3o penal. <\/p>\n","protected":false},"excerpt":{"rendered":"<p>Francisco Erasmo foi afastado do cargo e poder\u00e1 responder em a\u00e7\u00e3o penal.<br \/><a class=\"more-link\" href=\"https:\/\/justicapotiguar.com.br\/index.php\/2019\/11\/21\/mp-pede-prisaoex-prefeito-de-serra-de-sao-bento-e-afastado-da-chefia-de-gabinete-do-municipio-por-improbidade-administrativa\/\">Mais&#8230;<\/a><\/p>\n","protected":false},"author":5,"featured_media":1055,"comment_status":"open","ping_status":"open","sticky":false,"template":"","format":"standard","meta":[],"categories":[3],"tags":[],"_links":{"self":[{"href":"https:\/\/justicapotiguar.com.br\/index.php\/wp-json\/wp\/v2\/posts\/4107"}],"collection":[{"href":"https:\/\/justicapotiguar.com.br\/index.php\/wp-json\/wp\/v2\/posts"}],"about":[{"href":"https:\/\/justicapotiguar.com.br\/index.php\/wp-json\/wp\/v2\/types\/post"}],"author":[{"embeddable":true,"href":"https:\/\/justicapotiguar.com.br\/index.php\/wp-json\/wp\/v2\/users\/5"}],"replies":[{"embeddable":true,"href":"https:\/\/justicapotiguar.com.br\/index.php\/wp-json\/wp\/v2\/comments?post=4107"}],"version-history":[{"count":4,"href":"https:\/\/justicapotiguar.com.br\/index.php\/wp-json\/wp\/v2\/posts\/4107\/revisions"}],"predecessor-version":[{"id":4114,"href":"https:\/\/justicapotiguar.com.br\/index.php\/wp-json\/wp\/v2\/posts\/4107\/revisions\/4114"}],"wp:featuredmedia":[{"embeddable":true,"href":"https:\/\/justicapotiguar.com.br\/index.php\/wp-json\/wp\/v2\/media\/1055"}],"wp:attachment":[{"href":"https:\/\/justicapotiguar.com.br\/index.php\/wp-json\/wp\/v2\/media?parent=4107"}],"wp:term":[{"taxonomy":"category","embeddable":true,"href":"https:\/\/justicapotiguar.com.br\/index.php\/wp-json\/wp\/v2\/categories?post=4107"},{"taxonomy":"post_tag","embeddable":true,"href":"https:\/\/justicapotiguar.com.br\/index.php\/wp-json\/wp\/v2\/tags?post=4107"}],"curies":[{"name":"wp","href":"https:\/\/api.w.org\/{rel}","templated":true}]}}