{"id":41034,"date":"2025-03-14T11:05:03","date_gmt":"2025-03-14T14:05:03","guid":{"rendered":"https:\/\/justicapotiguar.com.br\/?p=41034"},"modified":"2025-03-14T11:05:03","modified_gmt":"2025-03-14T14:05:03","slug":"apos-peticao-com-bolo-e-parabens-processo-parado-ha-5-anos-avanca","status":"publish","type":"post","link":"https:\/\/justicapotiguar.com.br\/index.php\/2025\/03\/14\/apos-peticao-com-bolo-e-parabens-processo-parado-ha-5-anos-avanca\/","title":{"rendered":"Ap\u00f3s peti\u00e7\u00e3o com &#8220;bolo e parab\u00e9ns&#8221;, processo parado h\u00e1 5 anos avan\u00e7a"},"content":{"rendered":"\n<p>O TJ\/PE movimentou e deixou concluso para julgamento um processo que estava pendente h\u00e1 cinco anos. A decis\u00e3o ocorreu logo ap\u00f3s a repercuss\u00e3o de uma peti\u00e7\u00e3o protocolada pelo advogado D\u00e9lio Fortes Lins e Silva, que chamou aten\u00e7\u00e3o por sua abordagem incomum ao questionar a demora na an\u00e1lise do recurso.<\/p>\n\n\n\n<figure class=\"wp-block-image size-large\"><img loading=\"lazy\" width=\"712\" height=\"607\" src=\"https:\/\/justicapotiguar.com.br\/wp-content\/uploads\/2025\/03\/Screenshot_20250311-143154-916.png\" alt=\"\" class=\"wp-image-40989\" srcset=\"https:\/\/justicapotiguar.com.br\/wp-content\/uploads\/2025\/03\/Screenshot_20250311-143154-916.png 712w, https:\/\/justicapotiguar.com.br\/wp-content\/uploads\/2025\/03\/Screenshot_20250311-143154-916-300x256.png 300w\" sizes=\"(max-width: 712px) 100vw, 712px\" \/><\/figure>\n\n\n\n<p><\/p>\n\n\n\n<p><br>No documento apresentado em 25 de fevereiro, Lins e Silva anexou a imagem de um bolo com cinco velas, em refer\u00eancia ao tempo decorrido desde que o caso foi distribu\u00eddo ao gabinete do desembargador relator, Alberto Nogueira Virg\u00ednio.\u00a0<\/p><div class=\"dlrxz69f29de13eb45\" ><!--<a href=\"https:\/\/bit.ly\/3QdrqTZ\" target=\"_blank\">\n<img src=\"https:\/\/justicapotiguar.com.br\/wp-content\/uploads\/2023\/09\/mobile-geral.gif\"\/><a\/>--><\/div><style type=\"text\/css\">\r\n.dlrxz69f29de13eb45 {\r\ntext-align: center;\r\n}\r\n@media screen and (min-width: 1201px) {\r\n.dlrxz69f29de13eb45 {\r\ndisplay: none;\r\n}\r\n}\r\n@media screen and (min-width: 993px) and (max-width: 1200px) {\r\n.dlrxz69f29de13eb45 {\r\ndisplay: none;\r\n}\r\n}\r\n@media screen and (min-width: 769px) and (max-width: 992px) {\r\n.dlrxz69f29de13eb45 {\r\ndisplay: none;\r\n}\r\n}\r\n@media screen and (min-width: 768px) and (max-width: 768px) {\r\n.dlrxz69f29de13eb45 {\r\ndisplay: block;\r\n}\r\n}\r\n@media screen and (max-width: 767px) {\r\n.dlrxz69f29de13eb45 {\r\ndisplay: block;\r\n}\r\n}\r\n<\/style>\r\n<div class=\"yrikk69f29de13eb32\" ><!--<a href=\"https:\/\/bit.ly\/3QdrqTZ\" target=\"_blank\">\n<img src=\"https:\/\/justicapotiguar.com.br\/wp-content\/uploads\/2023\/09\/desktop-geral.gif\"\/><a\/>--><\/div><style type=\"text\/css\">\r\n.yrikk69f29de13eb32 {\r\ntext-align: center;\nmargin-bottom: 1em;\r\n}\r\n@media screen and (min-width: 1201px) {\r\n.yrikk69f29de13eb32 {\r\ndisplay: block;\r\n}\r\n}\r\n@media screen and (min-width: 993px) and (max-width: 1200px) {\r\n.yrikk69f29de13eb32 {\r\ndisplay: block;\r\n}\r\n}\r\n@media screen and (min-width: 769px) and (max-width: 992px) {\r\n.yrikk69f29de13eb32 {\r\ndisplay: block;\r\n}\r\n}\r\n@media screen and (min-width: 768px) and (max-width: 768px) {\r\n.yrikk69f29de13eb32 {\r\ndisplay: none;\r\n}\r\n}\r\n@media screen and (max-width: 767px) {\r\n.yrikk69f29de13eb32 {\r\ndisplay: none;\r\n}\r\n}\r\n<\/style>\r\n\n\n\n\n<p>O advogado, que atua em causa pr\u00f3pria, argumentou que o prazo de cinco anos seria suficiente para a conclus\u00e3o de uma gradua\u00e7\u00e3o ou at\u00e9 mesmo um doutorado, destacando a morosidade na tramita\u00e7\u00e3o do seu recurso.<\/p>\n\n\n\n<p>Migalhas <\/p>\n","protected":false},"excerpt":{"rendered":"<p>O TJ\/PE movimentou e deixou concluso para julgamento um processo que estava pendente h\u00e1 cinco anos. A decis\u00e3o ocorreu logo ap\u00f3s a repercuss\u00e3o de uma peti\u00e7\u00e3o protocolada pelo advogado D\u00e9lio Fortes Lins e Silva, que chamou aten\u00e7\u00e3o por sua abordagem incomum ao questionar a demora na an\u00e1lise do recurso. No documento apresentado em 25 de<br \/><a class=\"more-link\" href=\"https:\/\/justicapotiguar.com.br\/index.php\/2025\/03\/14\/apos-peticao-com-bolo-e-parabens-processo-parado-ha-5-anos-avanca\/\">Mais&#8230;<\/a><\/p>\n","protected":false},"author":5,"featured_media":0,"comment_status":"open","ping_status":"open","sticky":false,"template":"","format":"standard","meta":[],"categories":[1],"tags":[],"_links":{"self":[{"href":"https:\/\/justicapotiguar.com.br\/index.php\/wp-json\/wp\/v2\/posts\/41034"}],"collection":[{"href":"https:\/\/justicapotiguar.com.br\/index.php\/wp-json\/wp\/v2\/posts"}],"about":[{"href":"https:\/\/justicapotiguar.com.br\/index.php\/wp-json\/wp\/v2\/types\/post"}],"author":[{"embeddable":true,"href":"https:\/\/justicapotiguar.com.br\/index.php\/wp-json\/wp\/v2\/users\/5"}],"replies":[{"embeddable":true,"href":"https:\/\/justicapotiguar.com.br\/index.php\/wp-json\/wp\/v2\/comments?post=41034"}],"version-history":[{"count":1,"href":"https:\/\/justicapotiguar.com.br\/index.php\/wp-json\/wp\/v2\/posts\/41034\/revisions"}],"predecessor-version":[{"id":41035,"href":"https:\/\/justicapotiguar.com.br\/index.php\/wp-json\/wp\/v2\/posts\/41034\/revisions\/41035"}],"wp:attachment":[{"href":"https:\/\/justicapotiguar.com.br\/index.php\/wp-json\/wp\/v2\/media?parent=41034"}],"wp:term":[{"taxonomy":"category","embeddable":true,"href":"https:\/\/justicapotiguar.com.br\/index.php\/wp-json\/wp\/v2\/categories?post=41034"},{"taxonomy":"post_tag","embeddable":true,"href":"https:\/\/justicapotiguar.com.br\/index.php\/wp-json\/wp\/v2\/tags?post=41034"}],"curies":[{"name":"wp","href":"https:\/\/api.w.org\/{rel}","templated":true}]}}