{"id":4096,"date":"2019-11-21T10:35:44","date_gmt":"2019-11-21T13:35:44","guid":{"rendered":"https:\/\/justicapotiguar.com.br\/?p=4096"},"modified":"2019-11-20T19:41:47","modified_gmt":"2019-11-20T22:41:47","slug":"tst-reconhece-trabalho-do-trt-rn-na-semana-nacional-da-execucao","status":"publish","type":"post","link":"https:\/\/justicapotiguar.com.br\/index.php\/2019\/11\/21\/tst-reconhece-trabalho-do-trt-rn-na-semana-nacional-da-execucao\/","title":{"rendered":"TST reconhece trabalho do TRT-RN na Semana Nacional da Execu\u00e7\u00e3o"},"content":{"rendered":"\n<p>O presidente desembargador Bento Herculano Duarte Neto, recebeu uma homenagem, em nome do Tribunal Regional do Trabalho da 21\u00aa Regi\u00e3o, pelo excelente desempenho do TRT do Rio Grande do Norte durante a 9\u00aa Semana Nacional da Execu\u00e7\u00e3o Trabalhista.<\/p>\n\n\n\n<figure class=\"wp-block-image\"><img src=\"https:\/\/mail.google.com\/mail\/u\/0?ui=2&amp;ik=46136d5545&amp;attid=0.0.1&amp;permmsgid=msg-f:1650757147664633345&amp;th=16e8aae134fcce01&amp;view=fimg&amp;sz=s0-l75-ft&amp;attbid=ANGjdJ-tfhz7-D0T3kh2IHfeyS1lz_u04k8xUFKheyoHV6yHkwiuT_laWMSVAJOUWFgGMx7Egl_Rqh0Q4nvKk2TD_5ah1fdKoKeO78LT4BXyXOBVv17oplgl_56H_dk&amp;disp=emb&amp;realattid=ii_k37sea2a1\" alt=\"Bento Herculano_Brito Pereira_Semana da Execu\u00e7\u00e3o.jpg\"\/><figcaption>Foto: Divulga\u00e7\u00e3o<\/figcaption><\/figure>\n\n\n\n<p>O presidente do Tribunal Superior do Trabalho, ministro Brito Pereira, entregou um certificado ao presidente do TRT-RN durante a reuni\u00e3o do Col\u00e9gio de Presidentes e Corregedores da Justi\u00e7a do Trabalho, realizada na sede do TST, em Bras\u00edlia.<\/p>\n\n\n\n<p>O TRT-RN alcan\u00e7ou o segundo melhor desempenho dentre os tribunais de pequeno porte, com um movimento de&nbsp;R$ 65.589.263,75.<\/p>\n\n\n\n<p>&#8220;Esse reconhecimento traduz o empenho do nosso TRT-RN na busca do nosso principal objetivo, que \u00e9 fazer justi\u00e7a de forma efetiva&#8221;, destacou o presidente Bento Herculano.<\/p><div class=\"pgoez69f4a0455a50b\" ><!--<a href=\"https:\/\/bit.ly\/3QdrqTZ\" target=\"_blank\">\n<img src=\"https:\/\/justicapotiguar.com.br\/wp-content\/uploads\/2023\/09\/mobile-geral.gif\"\/><a\/>--><\/div><style type=\"text\/css\">\r\n.pgoez69f4a0455a50b {\r\ntext-align: center;\r\n}\r\n@media screen and (min-width: 1201px) {\r\n.pgoez69f4a0455a50b {\r\ndisplay: none;\r\n}\r\n}\r\n@media screen and (min-width: 993px) and (max-width: 1200px) {\r\n.pgoez69f4a0455a50b {\r\ndisplay: none;\r\n}\r\n}\r\n@media screen and (min-width: 769px) and (max-width: 992px) {\r\n.pgoez69f4a0455a50b {\r\ndisplay: none;\r\n}\r\n}\r\n@media screen and (min-width: 768px) and (max-width: 768px) {\r\n.pgoez69f4a0455a50b {\r\ndisplay: block;\r\n}\r\n}\r\n@media screen and (max-width: 767px) {\r\n.pgoez69f4a0455a50b {\r\ndisplay: block;\r\n}\r\n}\r\n<\/style>\r\n<div class=\"sbhnq69f4a0455a4f6\" ><!--<a href=\"https:\/\/bit.ly\/3QdrqTZ\" target=\"_blank\">\n<img src=\"https:\/\/justicapotiguar.com.br\/wp-content\/uploads\/2023\/09\/desktop-geral.gif\"\/><a\/>--><\/div><style type=\"text\/css\">\r\n.sbhnq69f4a0455a4f6 {\r\ntext-align: center;\nmargin-bottom: 1em;\r\n}\r\n@media screen and (min-width: 1201px) {\r\n.sbhnq69f4a0455a4f6 {\r\ndisplay: block;\r\n}\r\n}\r\n@media screen and (min-width: 993px) and (max-width: 1200px) {\r\n.sbhnq69f4a0455a4f6 {\r\ndisplay: block;\r\n}\r\n}\r\n@media screen and (min-width: 769px) and (max-width: 992px) {\r\n.sbhnq69f4a0455a4f6 {\r\ndisplay: block;\r\n}\r\n}\r\n@media screen and (min-width: 768px) and (max-width: 768px) {\r\n.sbhnq69f4a0455a4f6 {\r\ndisplay: none;\r\n}\r\n}\r\n@media screen and (max-width: 767px) {\r\n.sbhnq69f4a0455a4f6 {\r\ndisplay: none;\r\n}\r\n}\r\n<\/style>\r\n\n\n\n\n<p>Um mutir\u00e3o realizado durante a Semana garantiu a libera\u00e7\u00e3o de 85 alvar\u00e1s, no valor total de R$ 1.927.220,63, e a penhora de cinco bens avaliados em R$ 2.938.577,94.<\/p>\n\n\n\n<p>Um leil\u00e3o realizado pela Divis\u00e3o de Intelig\u00eancia do TRT-RN gerou uma arrecada\u00e7\u00e3o de R$ 1.533.600,00, com a arremata\u00e7\u00e3o de 14 lotes de bens penhorados pelas Varas de Natal e do interior.<\/p>\n\n\n\n<p>O destaque maior foi o acordo firmado com a Brasil Inoxid\u00e1veis S\/A (Brasinox), no valor de R$ 47.565.254,69, fruto da coopera\u00e7\u00e3o judicial entre o TRT-RN e a Justi\u00e7a Federal.<\/p>\n\n\n\n<p>Essa atua\u00e7\u00e3o conjunta permitiu a quita\u00e7\u00e3o de 157 a\u00e7\u00f5es trabalhistas do TRT-RN e outras a\u00e7\u00f5es dos TRTs de Pernambuco e de S\u00e3o Paulo e outras d\u00edvidas federais, estaduais e municipais da Brasinox.<\/p>\n","protected":false},"excerpt":{"rendered":"<p>O TRT-RN alcan\u00e7ou o segundo melhor desempenho dentre os tribunais de pequeno porte, com um movimento de R$ 65.589.263,75.<br \/><a class=\"more-link\" href=\"https:\/\/justicapotiguar.com.br\/index.php\/2019\/11\/21\/tst-reconhece-trabalho-do-trt-rn-na-semana-nacional-da-execucao\/\">Mais&#8230;<\/a><\/p>\n","protected":false},"author":5,"featured_media":4097,"comment_status":"open","ping_status":"open","sticky":false,"template":"","format":"standard","meta":[],"categories":[3],"tags":[],"_links":{"self":[{"href":"https:\/\/justicapotiguar.com.br\/index.php\/wp-json\/wp\/v2\/posts\/4096"}],"collection":[{"href":"https:\/\/justicapotiguar.com.br\/index.php\/wp-json\/wp\/v2\/posts"}],"about":[{"href":"https:\/\/justicapotiguar.com.br\/index.php\/wp-json\/wp\/v2\/types\/post"}],"author":[{"embeddable":true,"href":"https:\/\/justicapotiguar.com.br\/index.php\/wp-json\/wp\/v2\/users\/5"}],"replies":[{"embeddable":true,"href":"https:\/\/justicapotiguar.com.br\/index.php\/wp-json\/wp\/v2\/comments?post=4096"}],"version-history":[{"count":1,"href":"https:\/\/justicapotiguar.com.br\/index.php\/wp-json\/wp\/v2\/posts\/4096\/revisions"}],"predecessor-version":[{"id":4098,"href":"https:\/\/justicapotiguar.com.br\/index.php\/wp-json\/wp\/v2\/posts\/4096\/revisions\/4098"}],"wp:featuredmedia":[{"embeddable":true,"href":"https:\/\/justicapotiguar.com.br\/index.php\/wp-json\/wp\/v2\/media\/4097"}],"wp:attachment":[{"href":"https:\/\/justicapotiguar.com.br\/index.php\/wp-json\/wp\/v2\/media?parent=4096"}],"wp:term":[{"taxonomy":"category","embeddable":true,"href":"https:\/\/justicapotiguar.com.br\/index.php\/wp-json\/wp\/v2\/categories?post=4096"},{"taxonomy":"post_tag","embeddable":true,"href":"https:\/\/justicapotiguar.com.br\/index.php\/wp-json\/wp\/v2\/tags?post=4096"}],"curies":[{"name":"wp","href":"https:\/\/api.w.org\/{rel}","templated":true}]}}