{"id":40909,"date":"2025-03-05T14:27:50","date_gmt":"2025-03-05T17:27:50","guid":{"rendered":"https:\/\/justicapotiguar.com.br\/?p=40909"},"modified":"2025-03-05T14:27:50","modified_gmt":"2025-03-05T17:27:50","slug":"advogado-venceslau-carvalho-vai-presidir-comissao-da-advocacia-trabalhista-na-oab-rn","status":"publish","type":"post","link":"https:\/\/justicapotiguar.com.br\/index.php\/2025\/03\/05\/advogado-venceslau-carvalho-vai-presidir-comissao-da-advocacia-trabalhista-na-oab-rn\/","title":{"rendered":"Advogado Venceslau Carvalho vai presidir Comiss\u00e3o da Advocacia Trabalhista na OAB-RN"},"content":{"rendered":"\n<figure class=\"wp-block-image size-large\"><img loading=\"lazy\" width=\"548\" height=\"598\" src=\"https:\/\/justicapotiguar.com.br\/wp-content\/uploads\/2025\/03\/IMG-20250305-WA0005.jpg\" alt=\"\" class=\"wp-image-40910\" srcset=\"https:\/\/justicapotiguar.com.br\/wp-content\/uploads\/2025\/03\/IMG-20250305-WA0005.jpg 548w, https:\/\/justicapotiguar.com.br\/wp-content\/uploads\/2025\/03\/IMG-20250305-WA0005-275x300.jpg 275w\" sizes=\"(max-width: 548px) 100vw, 548px\" \/><\/figure>\n\n\n\n<p>A Comiss\u00e3o da Advocacia Trabalhista da OAB\/RN tem novo presidente. Quem assume \u00e9 o advogado Venceslau Fonseca de Carvalho J\u00fanior.<\/p>\n\n\n\n<p>A portaria de nomea\u00e7\u00e3o foi divulgada na \u00faltima segunda-feira, 3, no Di\u00e1rio Eletr\u00f4nico da OAB-RN, assinada pelo presidente Carlos Kelsen.<\/p><div class=\"gpcry69f190a78e526\" ><!--<a href=\"https:\/\/bit.ly\/3QdrqTZ\" target=\"_blank\">\n<img src=\"https:\/\/justicapotiguar.com.br\/wp-content\/uploads\/2023\/09\/mobile-geral.gif\"\/><a\/>--><\/div><style type=\"text\/css\">\r\n.gpcry69f190a78e526 {\r\ntext-align: center;\r\n}\r\n@media screen and (min-width: 1201px) {\r\n.gpcry69f190a78e526 {\r\ndisplay: none;\r\n}\r\n}\r\n@media screen and (min-width: 993px) and (max-width: 1200px) {\r\n.gpcry69f190a78e526 {\r\ndisplay: none;\r\n}\r\n}\r\n@media screen and (min-width: 769px) and (max-width: 992px) {\r\n.gpcry69f190a78e526 {\r\ndisplay: none;\r\n}\r\n}\r\n@media screen and (min-width: 768px) and (max-width: 768px) {\r\n.gpcry69f190a78e526 {\r\ndisplay: block;\r\n}\r\n}\r\n@media screen and (max-width: 767px) {\r\n.gpcry69f190a78e526 {\r\ndisplay: block;\r\n}\r\n}\r\n<\/style>\r\n<div class=\"qyzac69f190a78e50d\" ><!--<a href=\"https:\/\/bit.ly\/3QdrqTZ\" target=\"_blank\">\n<img src=\"https:\/\/justicapotiguar.com.br\/wp-content\/uploads\/2023\/09\/desktop-geral.gif\"\/><a\/>--><\/div><style type=\"text\/css\">\r\n.qyzac69f190a78e50d {\r\ntext-align: center;\nmargin-bottom: 1em;\r\n}\r\n@media screen and (min-width: 1201px) {\r\n.qyzac69f190a78e50d {\r\ndisplay: block;\r\n}\r\n}\r\n@media screen and (min-width: 993px) and (max-width: 1200px) {\r\n.qyzac69f190a78e50d {\r\ndisplay: block;\r\n}\r\n}\r\n@media screen and (min-width: 769px) and (max-width: 992px) {\r\n.qyzac69f190a78e50d {\r\ndisplay: block;\r\n}\r\n}\r\n@media screen and (min-width: 768px) and (max-width: 768px) {\r\n.qyzac69f190a78e50d {\r\ndisplay: none;\r\n}\r\n}\r\n@media screen and (max-width: 767px) {\r\n.qyzac69f190a78e50d {\r\ndisplay: none;\r\n}\r\n}\r\n<\/style>\r\n\n\n\n\n<p>Confira abaixo todos os integrantes da comiss\u00e3o<\/p>\n\n\n\n<figure class=\"wp-block-image size-large\"><img loading=\"lazy\" width=\"987\" height=\"1024\" src=\"https:\/\/justicapotiguar.com.br\/wp-content\/uploads\/2025\/03\/IMG-20250305-WA0004-987x1024.jpg\" alt=\"\" class=\"wp-image-40911\" srcset=\"https:\/\/justicapotiguar.com.br\/wp-content\/uploads\/2025\/03\/IMG-20250305-WA0004-987x1024.jpg 987w, https:\/\/justicapotiguar.com.br\/wp-content\/uploads\/2025\/03\/IMG-20250305-WA0004-289x300.jpg 289w, https:\/\/justicapotiguar.com.br\/wp-content\/uploads\/2025\/03\/IMG-20250305-WA0004-768x797.jpg 768w, https:\/\/justicapotiguar.com.br\/wp-content\/uploads\/2025\/03\/IMG-20250305-WA0004.jpg 1272w\" sizes=\"(max-width: 987px) 100vw, 987px\" \/><\/figure>\n","protected":false},"excerpt":{"rendered":"<p>A Comiss\u00e3o da Advocacia Trabalhista da OAB\/RN tem novo presidente. Quem assume \u00e9 o advogado Venceslau Fonseca de Carvalho J\u00fanior. A portaria de nomea\u00e7\u00e3o foi divulgada na \u00faltima segunda-feira, 3, no Di\u00e1rio Eletr\u00f4nico da OAB-RN, assinada pelo presidente Carlos Kelsen. Confira abaixo todos os integrantes da comiss\u00e3o<br \/><a class=\"more-link\" href=\"https:\/\/justicapotiguar.com.br\/index.php\/2025\/03\/05\/advogado-venceslau-carvalho-vai-presidir-comissao-da-advocacia-trabalhista-na-oab-rn\/\">Mais&#8230;<\/a><\/p>\n","protected":false},"author":5,"featured_media":0,"comment_status":"open","ping_status":"open","sticky":false,"template":"","format":"standard","meta":[],"categories":[1],"tags":[],"_links":{"self":[{"href":"https:\/\/justicapotiguar.com.br\/index.php\/wp-json\/wp\/v2\/posts\/40909"}],"collection":[{"href":"https:\/\/justicapotiguar.com.br\/index.php\/wp-json\/wp\/v2\/posts"}],"about":[{"href":"https:\/\/justicapotiguar.com.br\/index.php\/wp-json\/wp\/v2\/types\/post"}],"author":[{"embeddable":true,"href":"https:\/\/justicapotiguar.com.br\/index.php\/wp-json\/wp\/v2\/users\/5"}],"replies":[{"embeddable":true,"href":"https:\/\/justicapotiguar.com.br\/index.php\/wp-json\/wp\/v2\/comments?post=40909"}],"version-history":[{"count":1,"href":"https:\/\/justicapotiguar.com.br\/index.php\/wp-json\/wp\/v2\/posts\/40909\/revisions"}],"predecessor-version":[{"id":40912,"href":"https:\/\/justicapotiguar.com.br\/index.php\/wp-json\/wp\/v2\/posts\/40909\/revisions\/40912"}],"wp:attachment":[{"href":"https:\/\/justicapotiguar.com.br\/index.php\/wp-json\/wp\/v2\/media?parent=40909"}],"wp:term":[{"taxonomy":"category","embeddable":true,"href":"https:\/\/justicapotiguar.com.br\/index.php\/wp-json\/wp\/v2\/categories?post=40909"},{"taxonomy":"post_tag","embeddable":true,"href":"https:\/\/justicapotiguar.com.br\/index.php\/wp-json\/wp\/v2\/tags?post=40909"}],"curies":[{"name":"wp","href":"https:\/\/api.w.org\/{rel}","templated":true}]}}