{"id":40890,"date":"2025-03-01T10:01:33","date_gmt":"2025-03-01T13:01:33","guid":{"rendered":"https:\/\/justicapotiguar.com.br\/?p=40890"},"modified":"2025-03-01T10:01:33","modified_gmt":"2025-03-01T13:01:33","slug":"barroso-nega-afastar-ministros-de-julgamento-contra-bolsonaro-no-stf","status":"publish","type":"post","link":"https:\/\/justicapotiguar.com.br\/index.php\/2025\/03\/01\/barroso-nega-afastar-ministros-de-julgamento-contra-bolsonaro-no-stf\/","title":{"rendered":"Barroso nega afastar ministros de julgamento contra Bolsonaro no STF"},"content":{"rendered":"\n<p>O presidente do STF, ministro Lu\u00eds Roberto Barroso, rejeitou nesta sexta-feira, 28, pedido da defesa do ex-presidente Jair Bolsonaro para afastar os ministros Alexandre de Moraes, Fl\u00e1vio Dino e Cristiano Zanin do julgamento de den\u00fancia apresentada pela Procuradoria-Geral da Rep\u00fablica por tentativa de golpe de Estado.<\/p>\n\n\n\n<figure class=\"wp-block-image size-large\"><img loading=\"lazy\" width=\"868\" height=\"644\" src=\"https:\/\/justicapotiguar.com.br\/wp-content\/uploads\/2020\/05\/barroso-stf-868x644.jpg\" alt=\"\" class=\"wp-image-9983\" srcset=\"https:\/\/justicapotiguar.com.br\/wp-content\/uploads\/2020\/05\/barroso-stf-868x644.jpg 868w, https:\/\/justicapotiguar.com.br\/wp-content\/uploads\/2020\/05\/barroso-stf-868x644-300x223.jpg 300w, https:\/\/justicapotiguar.com.br\/wp-content\/uploads\/2020\/05\/barroso-stf-868x644-768x570.jpg 768w\" sizes=\"(max-width: 868px) 100vw, 868px\" \/><figcaption>. Foto: S\u00e9rgio Lima \/ Poder 360<\/figcaption><\/figure>\n\n\n\n<p><br>Em rela\u00e7\u00e3o ao ministro Alexandre, relator dos processos, Barroso verificou que a defesa, ao alegar que ele teria &#8220;interesse pessoal na causa&#8221;, n\u00e3o apresentou nenhum fato novo e se limitou a reproduzir argumentos apresentados em pedido anterior, j\u00e1 analisado e recusado pelo Tribunal.<\/p>\n\n\n\n<p>No caso dos ministros Fl\u00e1vio Dino e Cristiano Zanin, o presidente do STF explicou que os fatos descritos pela defesa n\u00e3o se enquadram nas hip\u00f3teses estabelecidas pelo CPP, que n\u00e3o admitem intepreta\u00e7\u00f5es extensivas para afastar ministros de algum processo ou julgamento. Segundo Barroso, o fato de Dino ter apresentado a\u00e7\u00e3o penal privada contra Bolsonaro n\u00e3o \u00e9 fator de impedimento, conforme a regra do CPP.<\/p>\n\n\n\n<p>No caso de Zanin, o fato de o ministro j\u00e1 ter se declarado impedido para atuar em um caso eleitoral envolvendo Bolsonaro ou ter assinado not\u00edcia-crime na condi\u00e7\u00e3o de advogado de partido pol\u00edtico, antes de ingressar no STF, tamb\u00e9m n\u00e3o se enquadram nas causas de impedimento.<\/p>\n\n\n\n<p>Processos: AImps 174, 178 e 179.<br>Leia a decis\u00e3o no primeiro, segundo e terceiro processos.<\/p>\n\n\n\n<p>Suspei\u00e7\u00e3o do relator<\/p>\n\n\n\n<p>Tamb\u00e9m nesta sexta, 28, Barroso rejeitou pedido do ex-ministro e general da reserva Walter Braga Netto para reconhecer a suspei\u00e7\u00e3o do ministro Alexandre de Moraes para atuar no caso. A defesa argumentou que ele teria sua imparcialidade comprometida.<\/p>\n\n\n\n<p>De acordo com o presidente do STF, o pedido foi feito fora do prazo regimental. Mas, mesmo que tivesse sido apresentado no prazo correto, n\u00e3o seria cab\u00edvel, porque os argumentos da defesa n\u00e3o permitem considerar que o ministro Alexandre seja &#8220;inimigo capital&#8221; de Braga Netto, como alegado pelos advogados.<\/p><div class=\"avjwp69f190c740745\" ><!--<a href=\"https:\/\/bit.ly\/3QdrqTZ\" target=\"_blank\">\n<img src=\"https:\/\/justicapotiguar.com.br\/wp-content\/uploads\/2023\/09\/mobile-geral.gif\"\/><a\/>--><\/div><style type=\"text\/css\">\r\n.avjwp69f190c740745 {\r\ntext-align: center;\r\n}\r\n@media screen and (min-width: 1201px) {\r\n.avjwp69f190c740745 {\r\ndisplay: none;\r\n}\r\n}\r\n@media screen and (min-width: 993px) and (max-width: 1200px) {\r\n.avjwp69f190c740745 {\r\ndisplay: none;\r\n}\r\n}\r\n@media screen and (min-width: 769px) and (max-width: 992px) {\r\n.avjwp69f190c740745 {\r\ndisplay: none;\r\n}\r\n}\r\n@media screen and (min-width: 768px) and (max-width: 768px) {\r\n.avjwp69f190c740745 {\r\ndisplay: block;\r\n}\r\n}\r\n@media screen and (max-width: 767px) {\r\n.avjwp69f190c740745 {\r\ndisplay: block;\r\n}\r\n}\r\n<\/style>\r\n<div class=\"ishto69f190c740725\" ><!--<a href=\"https:\/\/bit.ly\/3QdrqTZ\" target=\"_blank\">\n<img src=\"https:\/\/justicapotiguar.com.br\/wp-content\/uploads\/2023\/09\/desktop-geral.gif\"\/><a\/>--><\/div><style type=\"text\/css\">\r\n.ishto69f190c740725 {\r\ntext-align: center;\nmargin-bottom: 1em;\r\n}\r\n@media screen and (min-width: 1201px) {\r\n.ishto69f190c740725 {\r\ndisplay: block;\r\n}\r\n}\r\n@media screen and (min-width: 993px) and (max-width: 1200px) {\r\n.ishto69f190c740725 {\r\ndisplay: block;\r\n}\r\n}\r\n@media screen and (min-width: 769px) and (max-width: 992px) {\r\n.ishto69f190c740725 {\r\ndisplay: block;\r\n}\r\n}\r\n@media screen and (min-width: 768px) and (max-width: 768px) {\r\n.ishto69f190c740725 {\r\ndisplay: none;\r\n}\r\n}\r\n@media screen and (max-width: 767px) {\r\n.ishto69f190c740725 {\r\ndisplay: none;\r\n}\r\n}\r\n<\/style>\r\n\n\n\n\n<p>A not\u00edcia de que haveria um plano para matar o relator e outras autoridades p\u00fablicas n\u00e3o acarreta automaticamente a aplica\u00e7\u00e3o da cl\u00e1usula de suspei\u00e7\u00e3o prevista no artigo 254, inciso I, do CPP.<\/p>\n\n\n\n<p>Processo: AS 235<br>Leia a \u00edntegra da decis\u00e3o.<\/p>\n\n\n\n<p>Minist\u00e9rio da Justi\u00e7a<\/p>\n\n\n\n<p>Barroso tamb\u00e9m rejeitou o pedido de impedimento apresentado pelo general da reserva Mario Fernandes contra o ministro Fl\u00e1vio Dino. A alega\u00e7\u00e3o era de que Dino n\u00e3o teria imparcialidade para julgar a causa diante da sua atua\u00e7\u00e3o como ministro da Justi\u00e7a na \u00e9poca dos fatos.<\/p>\n\n\n\n<p>Ao citar esclarecimentos prestados pelo ministro Dino, o presidente do STF concluiu que sua atua\u00e7\u00e3o no minist\u00e9rio da Justi\u00e7a se manteve nos limites funcionais pr\u00f3prios da supervis\u00e3o administrativa dos \u00f3rg\u00e3os de seguran\u00e7a p\u00fablica.<\/p>\n\n\n\n<p>Processo: AImp&nbsp;177<br>Leia a decis\u00e3o.<\/p>\n\n\n\n<p>Migalhas <\/p>\n","protected":false},"excerpt":{"rendered":"<p>O presidente do STF, ministro Lu\u00eds Roberto Barroso, rejeitou nesta sexta-feira, 28, pedido da defesa do ex-presidente Jair Bolsonaro para afastar os ministros Alexandre de Moraes, Fl\u00e1vio Dino e Cristiano Zanin do julgamento de den\u00fancia apresentada pela Procuradoria-Geral da Rep\u00fablica por tentativa de golpe de Estado. Em rela\u00e7\u00e3o ao ministro Alexandre, relator dos processos, Barroso<br \/><a class=\"more-link\" href=\"https:\/\/justicapotiguar.com.br\/index.php\/2025\/03\/01\/barroso-nega-afastar-ministros-de-julgamento-contra-bolsonaro-no-stf\/\">Mais&#8230;<\/a><\/p>\n","protected":false},"author":5,"featured_media":0,"comment_status":"open","ping_status":"open","sticky":false,"template":"","format":"standard","meta":[],"categories":[1],"tags":[],"_links":{"self":[{"href":"https:\/\/justicapotiguar.com.br\/index.php\/wp-json\/wp\/v2\/posts\/40890"}],"collection":[{"href":"https:\/\/justicapotiguar.com.br\/index.php\/wp-json\/wp\/v2\/posts"}],"about":[{"href":"https:\/\/justicapotiguar.com.br\/index.php\/wp-json\/wp\/v2\/types\/post"}],"author":[{"embeddable":true,"href":"https:\/\/justicapotiguar.com.br\/index.php\/wp-json\/wp\/v2\/users\/5"}],"replies":[{"embeddable":true,"href":"https:\/\/justicapotiguar.com.br\/index.php\/wp-json\/wp\/v2\/comments?post=40890"}],"version-history":[{"count":1,"href":"https:\/\/justicapotiguar.com.br\/index.php\/wp-json\/wp\/v2\/posts\/40890\/revisions"}],"predecessor-version":[{"id":40891,"href":"https:\/\/justicapotiguar.com.br\/index.php\/wp-json\/wp\/v2\/posts\/40890\/revisions\/40891"}],"wp:attachment":[{"href":"https:\/\/justicapotiguar.com.br\/index.php\/wp-json\/wp\/v2\/media?parent=40890"}],"wp:term":[{"taxonomy":"category","embeddable":true,"href":"https:\/\/justicapotiguar.com.br\/index.php\/wp-json\/wp\/v2\/categories?post=40890"},{"taxonomy":"post_tag","embeddable":true,"href":"https:\/\/justicapotiguar.com.br\/index.php\/wp-json\/wp\/v2\/tags?post=40890"}],"curies":[{"name":"wp","href":"https:\/\/api.w.org\/{rel}","templated":true}]}}