{"id":40701,"date":"2025-02-15T08:52:00","date_gmt":"2025-02-15T11:52:00","guid":{"rendered":"https:\/\/justicapotiguar.com.br\/?p=40701"},"modified":"2025-02-14T18:54:57","modified_gmt":"2025-02-14T21:54:57","slug":"mpf-apura-exigencia-de-cpf-para-descontos-e-uso-indevido-de-dados-de-clientes-em-farmacias","status":"publish","type":"post","link":"https:\/\/justicapotiguar.com.br\/index.php\/2025\/02\/15\/mpf-apura-exigencia-de-cpf-para-descontos-e-uso-indevido-de-dados-de-clientes-em-farmacias\/","title":{"rendered":"MPF apura exig\u00eancia de CPF para descontos e uso indevido de dados de clientes em farm\u00e1cias"},"content":{"rendered":"\n<p>O Minist\u00e9rio P\u00fablico Federal (MPF) instaurou inqu\u00e9rito civil para apurar uso indevido de dados por redes de farm\u00e1cias. O objetivo \u00e9 analisar poss\u00edveis ilegalidades na pr\u00e1tica dessas empresas, que coletam dados pessoais, especialmente o CPF, sob a justificativa de oferecer descontos. A apura\u00e7\u00e3o est\u00e1 sendo conduzida pela Procuradoria Regional dos Direitos do Cidad\u00e3o no Rio de Janeiro (PRDC) e visa verificar se essa pr\u00e1tica configura viola\u00e7\u00e3o \u00e0 Lei Geral de Prote\u00e7\u00e3o de Dados (LGPD) e ao C\u00f3digo de Defesa do Consumidor (CDC).<\/p>\n\n\n\n<p>O MPF iniciou a apura\u00e7\u00e3o a partir de reportagens do site UOL, que denunciaram o uso do CPF para alimentar um banco de dados com hist\u00f3rico de compras dos \u00faltimos 15 anos, com a suspeita de comercializa\u00e7\u00e3o dessas informa\u00e7\u00f5es. A investiga\u00e7\u00e3o visa esclarecer se a exig\u00eancia do CPF para descontos configura pr\u00e1tica abusiva e se h\u00e1 consentimento expl\u00edcito para o uso de dados.<\/p>\n\n\n\n<p>Al\u00e9m das redes de farm\u00e1cia, que coletam e compartilham dados, h\u00e1 uma empresa que \u00e9 a respons\u00e1vel por gerenciar programas de fidelidade para algumas dessas redes.<\/p>\n\n\n\n<p>No inqu\u00e9rito, o MPF est\u00e1 avaliando se dados pessoais coletados, como os registros de compra, podem revelar detalhes sens\u00edveis, incluindo aspectos relacionados \u00e0 sa\u00fade e \u00e0 sexualidade. O uso indiscriminado dessas informa\u00e7\u00f5es pode resultar em discrimina\u00e7\u00e3o e em publicidade direcionada, com base no hist\u00f3rico de compras. O inqu\u00e9rito tamb\u00e9m analisar\u00e1 o cumprimento da LGPD.<\/p><div class=\"inspc69f2b0482a77b\" ><!--<a href=\"https:\/\/bit.ly\/3QdrqTZ\" target=\"_blank\">\n<img src=\"https:\/\/justicapotiguar.com.br\/wp-content\/uploads\/2023\/09\/mobile-geral.gif\"\/><a\/>--><\/div><style type=\"text\/css\">\r\n.inspc69f2b0482a77b {\r\ntext-align: center;\r\n}\r\n@media screen and (min-width: 1201px) {\r\n.inspc69f2b0482a77b {\r\ndisplay: none;\r\n}\r\n}\r\n@media screen and (min-width: 993px) and (max-width: 1200px) {\r\n.inspc69f2b0482a77b {\r\ndisplay: none;\r\n}\r\n}\r\n@media screen and (min-width: 769px) and (max-width: 992px) {\r\n.inspc69f2b0482a77b {\r\ndisplay: none;\r\n}\r\n}\r\n@media screen and (min-width: 768px) and (max-width: 768px) {\r\n.inspc69f2b0482a77b {\r\ndisplay: block;\r\n}\r\n}\r\n@media screen and (max-width: 767px) {\r\n.inspc69f2b0482a77b {\r\ndisplay: block;\r\n}\r\n}\r\n<\/style>\r\n<div class=\"eojbr69f2b0482a766\" ><!--<a href=\"https:\/\/bit.ly\/3QdrqTZ\" target=\"_blank\">\n<img src=\"https:\/\/justicapotiguar.com.br\/wp-content\/uploads\/2023\/09\/desktop-geral.gif\"\/><a\/>--><\/div><style type=\"text\/css\">\r\n.eojbr69f2b0482a766 {\r\ntext-align: center;\nmargin-bottom: 1em;\r\n}\r\n@media screen and (min-width: 1201px) {\r\n.eojbr69f2b0482a766 {\r\ndisplay: block;\r\n}\r\n}\r\n@media screen and (min-width: 993px) and (max-width: 1200px) {\r\n.eojbr69f2b0482a766 {\r\ndisplay: block;\r\n}\r\n}\r\n@media screen and (min-width: 769px) and (max-width: 992px) {\r\n.eojbr69f2b0482a766 {\r\ndisplay: block;\r\n}\r\n}\r\n@media screen and (min-width: 768px) and (max-width: 768px) {\r\n.eojbr69f2b0482a766 {\r\ndisplay: none;\r\n}\r\n}\r\n@media screen and (max-width: 767px) {\r\n.eojbr69f2b0482a766 {\r\ndisplay: none;\r\n}\r\n}\r\n<\/style>\r\n\n\n\n\n<figure class=\"wp-block-image size-large\"><img loading=\"lazy\" width=\"678\" height=\"452\" src=\"https:\/\/justicapotiguar.com.br\/wp-content\/uploads\/2025\/02\/images-2025-02-14T185428.754.jpeg\" alt=\"\" class=\"wp-image-40702\" srcset=\"https:\/\/justicapotiguar.com.br\/wp-content\/uploads\/2025\/02\/images-2025-02-14T185428.754.jpeg 678w, https:\/\/justicapotiguar.com.br\/wp-content\/uploads\/2025\/02\/images-2025-02-14T185428.754-300x200.jpeg 300w\" sizes=\"(max-width: 678px) 100vw, 678px\" \/><\/figure>\n\n\n\n<p>O MPF j\u00e1 solicitou informa\u00e7\u00f5es \u00e0 Autoridade Nacional de Prote\u00e7\u00e3o de Dados (ANPD) sobre o processo de fiscaliza\u00e7\u00e3o n\u00ba 00261.001371\/2023-32. Al\u00e9m disso, foram enviados of\u00edcios ao Conselho Federal de Farm\u00e1cia (CFF) e ao Minist\u00e9rio dos Direitos Humanos e da Cidadania (MDHC) para verificar as medidas adotadas sobre o uso indevido de dados.<\/p>\n\n\n\n<p>O MPF est\u00e1 analisando, ainda, se as empresas que utilizam dados para fins de publicidade est\u00e3o infringindo o art. 11, \u00a74\u00ba, da LGPD, que veda o compartilhamento de dados pessoais sens\u00edveis referentes \u00e0 sa\u00fade para obter vantagem econ\u00f4mica.<\/p>\n\n\n\n<p>Ser\u00e1 realizada uma reuni\u00e3o com ANPD, Anvisa, MDHC e CFF para discutir o assunto.<\/p>\n\n\n\n<p>Inqu\u00e9rito Civil n\u00ba 1.30.001.004549\/2024-54<\/p>\n","protected":false},"excerpt":{"rendered":"<p>O Minist\u00e9rio P\u00fablico Federal (MPF) instaurou inqu\u00e9rito civil para apurar uso indevido de dados por redes de farm\u00e1cias. O objetivo \u00e9 analisar poss\u00edveis ilegalidades na pr\u00e1tica dessas empresas, que coletam dados pessoais, especialmente o CPF, sob a justificativa de oferecer descontos. A apura\u00e7\u00e3o est\u00e1 sendo conduzida pela Procuradoria Regional dos Direitos do Cidad\u00e3o no Rio<br \/><a class=\"more-link\" href=\"https:\/\/justicapotiguar.com.br\/index.php\/2025\/02\/15\/mpf-apura-exigencia-de-cpf-para-descontos-e-uso-indevido-de-dados-de-clientes-em-farmacias\/\">Mais&#8230;<\/a><\/p>\n","protected":false},"author":5,"featured_media":0,"comment_status":"open","ping_status":"open","sticky":false,"template":"","format":"standard","meta":[],"categories":[1],"tags":[],"_links":{"self":[{"href":"https:\/\/justicapotiguar.com.br\/index.php\/wp-json\/wp\/v2\/posts\/40701"}],"collection":[{"href":"https:\/\/justicapotiguar.com.br\/index.php\/wp-json\/wp\/v2\/posts"}],"about":[{"href":"https:\/\/justicapotiguar.com.br\/index.php\/wp-json\/wp\/v2\/types\/post"}],"author":[{"embeddable":true,"href":"https:\/\/justicapotiguar.com.br\/index.php\/wp-json\/wp\/v2\/users\/5"}],"replies":[{"embeddable":true,"href":"https:\/\/justicapotiguar.com.br\/index.php\/wp-json\/wp\/v2\/comments?post=40701"}],"version-history":[{"count":1,"href":"https:\/\/justicapotiguar.com.br\/index.php\/wp-json\/wp\/v2\/posts\/40701\/revisions"}],"predecessor-version":[{"id":40703,"href":"https:\/\/justicapotiguar.com.br\/index.php\/wp-json\/wp\/v2\/posts\/40701\/revisions\/40703"}],"wp:attachment":[{"href":"https:\/\/justicapotiguar.com.br\/index.php\/wp-json\/wp\/v2\/media?parent=40701"}],"wp:term":[{"taxonomy":"category","embeddable":true,"href":"https:\/\/justicapotiguar.com.br\/index.php\/wp-json\/wp\/v2\/categories?post=40701"},{"taxonomy":"post_tag","embeddable":true,"href":"https:\/\/justicapotiguar.com.br\/index.php\/wp-json\/wp\/v2\/tags?post=40701"}],"curies":[{"name":"wp","href":"https:\/\/api.w.org\/{rel}","templated":true}]}}