{"id":40482,"date":"2025-02-02T09:08:00","date_gmt":"2025-02-02T12:08:00","guid":{"rendered":"https:\/\/justicapotiguar.com.br\/?p=40482"},"modified":"2025-02-02T00:25:53","modified_gmt":"2025-02-02T03:25:53","slug":"justica-nega-recurso-de-agente-da-policia-civil-condenado-por-se-apropriar-de-geladeira-apreendida","status":"publish","type":"post","link":"https:\/\/justicapotiguar.com.br\/index.php\/2025\/02\/02\/justica-nega-recurso-de-agente-da-policia-civil-condenado-por-se-apropriar-de-geladeira-apreendida\/","title":{"rendered":"Justi\u00e7a nega recurso de agente da Pol\u00edcia Civil condenado por se apropriar de geladeira apreendida"},"content":{"rendered":"\n<figure class=\"wp-block-image size-large\"><img loading=\"lazy\" width=\"750\" height=\"497\" src=\"https:\/\/justicapotiguar.com.br\/wp-content\/uploads\/2019\/10\/Viaturas-da-Policia-Civil-na-Degepol-Novas-e-Usadas-16-750x497.jpg\" alt=\"\" class=\"wp-image-3148\" srcset=\"https:\/\/justicapotiguar.com.br\/wp-content\/uploads\/2019\/10\/Viaturas-da-Policia-Civil-na-Degepol-Novas-e-Usadas-16-750x497.jpg 750w, https:\/\/justicapotiguar.com.br\/wp-content\/uploads\/2019\/10\/Viaturas-da-Policia-Civil-na-Degepol-Novas-e-Usadas-16-750x497-300x199.jpg 300w\" sizes=\"(max-width: 750px) 100vw, 750px\" \/><\/figure>\n\n\n\n<p>Os desembargadores integrantes da 2\u00aa C\u00e2mara C\u00edvel do Tribunal de Justi\u00e7a do RN, em Turma, por unanimidade de votos, negaram provimento ao recurso interposto por um agente da Pol\u00edcia Civil ap\u00f3s praticar ato de improbidade administrativa. A a\u00e7\u00e3o foi ajuizada pelo\u00a0Minist\u00e9rio P\u00fablico\u00a0do Rio Grande do Norte.A decis\u00e3o manteve a senten\u00e7a que condena o r\u00e9u ao ressarcimento do valor correspondente a uma geladeira apreendida, suspens\u00e3o de seus direitos pol\u00edticos por cinco anos, pagamento de multa civil correspondente ao valor do objeto, perda da fun\u00e7\u00e3o p\u00fablica, e proibi\u00e7\u00e3o de contratar com o Poder P\u00fablico ou de receber benef\u00edcios ou incentivos fiscais ou credit\u00edcios, direta ou indiretamente, tamb\u00e9m pelo prazo de cinco anos.<\/p>\n\n\n\n<p>Segundo os autos, durante a greve da Pol\u00edcia Civil de 2013, nas depend\u00eancias da Delegacia de Pol\u00edcia Civil de um munic\u00edpio da regi\u00e3o metropolitana da capital, o agente de seguran\u00e7a apropriou-se indevidamente de uma geladeira, apreendida em um processo judicial. Ainda conforme a senten\u00e7a, o ent\u00e3o delegado titular da unidade tomou conhecimento do ato, mas, omitiu-se em adotar as provid\u00eancias necess\u00e1rias para responsabilizar seu subordinado, n\u00e3o comunicando o fato \u00e0 autoridade competente para apura\u00e7\u00e3o da irregularidade.Em sua defesa, o agente policial argumentou que a conduta n\u00e3o caracteriza improbidade administrativa, uma vez que o bem apropriado n\u00e3o pertencia ao patrim\u00f4nio das entidades p\u00fablicas indicadas no art. 1\u00ba da\u00a0Lei\u00a0de Improbidade Administrativa (LIA). <\/p>\n\n\n\n<p>Afirmou, al\u00e9m disso, n\u00e3o haver provas de dolo ou de que a geladeira tivesse sido incorporada ao seu patrim\u00f4nio, gerando enriquecimento il\u00edcito.O ent\u00e3o delegado, por sua vez, alegou que, mesmo com a fun\u00e7\u00e3o, n\u00e3o tinha a obriga\u00e7\u00e3o de atuar na recupera\u00e7\u00e3o do bem ou na responsabiliza\u00e7\u00e3o de seu subordinado por ato de improbidade, considerando que o referido objeto n\u00e3o era propriedade p\u00fablica. Ressaltou, ainda, que a senten\u00e7a se baseou em suposi\u00e7\u00f5es, uma vez que a responsabilidade sobre o bem n\u00e3o reca\u00eda sobre ele.<\/p><div class=\"wktdv69f3f393afbbb\" ><!--<a href=\"https:\/\/bit.ly\/3QdrqTZ\" target=\"_blank\">\n<img src=\"https:\/\/justicapotiguar.com.br\/wp-content\/uploads\/2023\/09\/mobile-geral.gif\"\/><a\/>--><\/div><style type=\"text\/css\">\r\n.wktdv69f3f393afbbb {\r\ntext-align: center;\r\n}\r\n@media screen and (min-width: 1201px) {\r\n.wktdv69f3f393afbbb {\r\ndisplay: none;\r\n}\r\n}\r\n@media screen and (min-width: 993px) and (max-width: 1200px) {\r\n.wktdv69f3f393afbbb {\r\ndisplay: none;\r\n}\r\n}\r\n@media screen and (min-width: 769px) and (max-width: 992px) {\r\n.wktdv69f3f393afbbb {\r\ndisplay: none;\r\n}\r\n}\r\n@media screen and (min-width: 768px) and (max-width: 768px) {\r\n.wktdv69f3f393afbbb {\r\ndisplay: block;\r\n}\r\n}\r\n@media screen and (max-width: 767px) {\r\n.wktdv69f3f393afbbb {\r\ndisplay: block;\r\n}\r\n}\r\n<\/style>\r\n<div class=\"qzxfx69f3f393afba0\" ><!--<a href=\"https:\/\/bit.ly\/3QdrqTZ\" target=\"_blank\">\n<img src=\"https:\/\/justicapotiguar.com.br\/wp-content\/uploads\/2023\/09\/desktop-geral.gif\"\/><a\/>--><\/div><style type=\"text\/css\">\r\n.qzxfx69f3f393afba0 {\r\ntext-align: center;\nmargin-bottom: 1em;\r\n}\r\n@media screen and (min-width: 1201px) {\r\n.qzxfx69f3f393afba0 {\r\ndisplay: block;\r\n}\r\n}\r\n@media screen and (min-width: 993px) and (max-width: 1200px) {\r\n.qzxfx69f3f393afba0 {\r\ndisplay: block;\r\n}\r\n}\r\n@media screen and (min-width: 769px) and (max-width: 992px) {\r\n.qzxfx69f3f393afba0 {\r\ndisplay: block;\r\n}\r\n}\r\n@media screen and (min-width: 768px) and (max-width: 768px) {\r\n.qzxfx69f3f393afba0 {\r\ndisplay: none;\r\n}\r\n}\r\n@media screen and (max-width: 767px) {\r\n.qzxfx69f3f393afba0 {\r\ndisplay: none;\r\n}\r\n}\r\n<\/style>\r\n\n\n\n\n<p>D<strong>ecis\u00e3o<\/strong><\/p>\n\n\n\n<p>De acordo com a an\u00e1lise da relatora do processo, desembargadora Sandra Elali, a conduta se enquadra no tipo descrito no art. 10 da\u00a0Lei\u00a0n\u00ba 8.429\/1992. \u201cDiante das modifica\u00e7\u00f5es introduzidas pela\u00a0Lei\u00a0n\u00ba 14.230\/2021 e considerando-se que se tornaram at\u00edpicas as condutas previstas no art. 11, I e II, da\u00a0Lei\u00a0n\u00ba 8.429, for\u00e7osa a reforma do julgado, para julgar improcedente a pretens\u00e3o inicial em rela\u00e7\u00e3o ao delegado de pol\u00edcia\u201d, decidiu.Em rela\u00e7\u00e3o ao agente policial, a magistrada verificou que tal conduta foi enquadrada como ato de improbidade administrativa, nos termos do art. 10, inciso I, da\u00a0Lei\u00a0n\u00ba 8.429\/1992. Segundo o documento, constitui ato de improbidade administrativa aquilo que causa les\u00e3o ao er\u00e1rio qualquer a\u00e7\u00e3o ou omiss\u00e3o, dolosa ou culposa, que enseje perda patrimonial, desvio, apropria\u00e7\u00e3o, malbaratamento ou dilapida\u00e7\u00e3o dos bens ou haveres das entidades mencionadas no art. 1\u00ba desta\u00a0Lei.\u201cNeste caso espec\u00edfico, ao levar a geladeira para sua resid\u00eancia, o agente apropriou-se de um bem que n\u00e3o lhe pertencia, desviando-o da fun\u00e7\u00e3o p\u00fablica para a qual estava destinado\u201d, afirmou. Segundo a magistrada, essa conduta representa um abuso de confian\u00e7a em rela\u00e7\u00e3o ao seu cargo, pois os bens apreendidos est\u00e3o sob cust\u00f3dia do Estado, justamente para evitar sua utiliza\u00e7\u00e3o indevida por terceiros, incluindo os pr\u00f3prios servidores respons\u00e1veis por sua guarda.<\/p>\n\n\n\n<p>Diante disso, a relatora do processo salientou que o desvio da geladeira para uso pessoal n\u00e3o s\u00f3 causou preju\u00edzo material ao er\u00e1rio, ao privar o Estado da correta destina\u00e7\u00e3o do bem, como tamb\u00e9m feriu princ\u00edpios fundamentais da administra\u00e7\u00e3o p\u00fablica, como os da legalidade, moralidade, impessoalidade e efici\u00eancia, previstos no art. 37 da\u00a0Constitui\u00e7\u00e3o\u00a0Federal. \u201cA utiliza\u00e7\u00e3o irregular de um bem sob guarda p\u00fablica compromete a confian\u00e7a da sociedade na integridade das institui\u00e7\u00f5es e demonstra total desrespeito ao patrim\u00f4nio p\u00fablico\u201d.<\/p>\n","protected":false},"excerpt":{"rendered":"<p>Os desembargadores integrantes da 2\u00aa C\u00e2mara C\u00edvel do Tribunal de Justi\u00e7a do RN, em Turma, por unanimidade de votos, negaram provimento ao recurso interposto por um agente da Pol\u00edcia Civil ap\u00f3s praticar ato de improbidade administrativa. A a\u00e7\u00e3o foi ajuizada pelo\u00a0Minist\u00e9rio P\u00fablico\u00a0do Rio Grande do Norte.A decis\u00e3o manteve a senten\u00e7a que condena o r\u00e9u ao<br \/><a class=\"more-link\" href=\"https:\/\/justicapotiguar.com.br\/index.php\/2025\/02\/02\/justica-nega-recurso-de-agente-da-policia-civil-condenado-por-se-apropriar-de-geladeira-apreendida\/\">Mais&#8230;<\/a><\/p>\n","protected":false},"author":5,"featured_media":0,"comment_status":"open","ping_status":"open","sticky":false,"template":"","format":"standard","meta":[],"categories":[1],"tags":[],"_links":{"self":[{"href":"https:\/\/justicapotiguar.com.br\/index.php\/wp-json\/wp\/v2\/posts\/40482"}],"collection":[{"href":"https:\/\/justicapotiguar.com.br\/index.php\/wp-json\/wp\/v2\/posts"}],"about":[{"href":"https:\/\/justicapotiguar.com.br\/index.php\/wp-json\/wp\/v2\/types\/post"}],"author":[{"embeddable":true,"href":"https:\/\/justicapotiguar.com.br\/index.php\/wp-json\/wp\/v2\/users\/5"}],"replies":[{"embeddable":true,"href":"https:\/\/justicapotiguar.com.br\/index.php\/wp-json\/wp\/v2\/comments?post=40482"}],"version-history":[{"count":1,"href":"https:\/\/justicapotiguar.com.br\/index.php\/wp-json\/wp\/v2\/posts\/40482\/revisions"}],"predecessor-version":[{"id":40483,"href":"https:\/\/justicapotiguar.com.br\/index.php\/wp-json\/wp\/v2\/posts\/40482\/revisions\/40483"}],"wp:attachment":[{"href":"https:\/\/justicapotiguar.com.br\/index.php\/wp-json\/wp\/v2\/media?parent=40482"}],"wp:term":[{"taxonomy":"category","embeddable":true,"href":"https:\/\/justicapotiguar.com.br\/index.php\/wp-json\/wp\/v2\/categories?post=40482"},{"taxonomy":"post_tag","embeddable":true,"href":"https:\/\/justicapotiguar.com.br\/index.php\/wp-json\/wp\/v2\/tags?post=40482"}],"curies":[{"name":"wp","href":"https:\/\/api.w.org\/{rel}","templated":true}]}}