{"id":4048,"date":"2019-11-20T08:29:48","date_gmt":"2019-11-20T11:29:48","guid":{"rendered":"https:\/\/justicapotiguar.com.br\/?p=4048"},"modified":"2019-11-20T08:29:48","modified_gmt":"2019-11-20T11:29:48","slug":"ministra-do-stj-reconhece-prescricao-e-anula-condenacao-de-garotinho","status":"publish","type":"post","link":"https:\/\/justicapotiguar.com.br\/index.php\/2019\/11\/20\/ministra-do-stj-reconhece-prescricao-e-anula-condenacao-de-garotinho\/","title":{"rendered":"Ministra do STJ reconhece prescri\u00e7\u00e3o e anula condena\u00e7\u00e3o de Garotinho"},"content":{"rendered":"\n<p>Por entender que o Tribunal Regional Federal da 2\u00aa Regi\u00e3o (RJ e ES) aumentou ilegalmente a pena do ex-governador do Rio de Janeiro Anthony Garotinho por forma\u00e7\u00e3o de quadrilha \u2014 de dois anos e seis meses para quatro anos e seis meses \u2014, a ministra do Superior Tribunal de Justi\u00e7a Laurita Vaz reduziu a penalidade para tr\u00eas anos e seis meses e, dessa forma, reconheceu a prescri\u00e7\u00e3o e declarou extinta a punibilidade do pol\u00edtico no caso.<\/p>\n\n\n\n<figure class=\"wp-block-image\"><img loading=\"lazy\" width=\"540\" height=\"360\" src=\"https:\/\/justicapotiguar.com.br\/wp-content\/uploads\/2019\/11\/Audie\u0302ncia-Rosinha-e-Garotinho-Silvana-Rust-40-540x360.jpg\" alt=\"\" class=\"wp-image-4049\" srcset=\"https:\/\/justicapotiguar.com.br\/wp-content\/uploads\/2019\/11\/Audie\u0302ncia-Rosinha-e-Garotinho-Silvana-Rust-40-540x360.jpg 540w, https:\/\/justicapotiguar.com.br\/wp-content\/uploads\/2019\/11\/Audie\u0302ncia-Rosinha-e-Garotinho-Silvana-Rust-40-540x360-300x200.jpg 300w\" sizes=\"(max-width: 540px) 100vw, 540px\" \/><figcaption>Reprodu\u00e7\u00e3o<\/figcaption><\/figure>\n\n\n\n<p>No julgamento de Habeas Corpus impetrado pela defesa de Garotinho, Laurita apontou que o STJ entende que, em caso de forma\u00e7\u00e3o de quadrilha, o aumento m\u00e1ximo da pena \u2014 de metade da san\u00e7\u00e3o, quando o bando usar arma de fogo \u2014 s\u00f3 \u00e9 poss\u00edvel se for devidamente fundamentado. Sem isso, a pena s\u00f3 pode ser acrescida de 1\/6.<\/p>\n\n\n\n<p>O TRF-2 n\u00e3o fundamentou de forma id\u00f4nea o aumento da san\u00e7\u00e3o de dois anos e seis meses para quatro anos e seis meses, avaliou a ministra. Para ela, os desembargadores federais s\u00f3 poderiam ter elevado a pena de Garotinho em 1\/6, o m\u00ednimo legal. Nesse cen\u00e1rio, a penalidade dele ficaria em tr\u00eas anos e seis meses.<\/p>\n\n\n\n<p>Para penas menores de quatro anos, o prazo prescricional \u00e9 de oito anos, conforme os artigos 109, inciso IV, e 110, par\u00e1grafo 1\u00ba, do C\u00f3digo Penal. A senten\u00e7a condenat\u00f3ria do ex-governador do Rio foi publicada em 27 de agosto de 2010. Portanto, quando o TRF-2 julgou a apela\u00e7\u00e3o \u2014 em 4 de setembro de 2018 \u2014, j\u00e1 havia ocorrido a prescri\u00e7\u00e3o.<\/p>\n\n\n\n<p>Dessa maneira, Laurita concedeu HC de of\u00edcio e declarou extinta a punibilidade de Garotinho por forma\u00e7\u00e3o de quadrilha.<\/p><div class=\"qdqiv69f34f100b3f7\" ><!--<a href=\"https:\/\/bit.ly\/3QdrqTZ\" target=\"_blank\">\n<img src=\"https:\/\/justicapotiguar.com.br\/wp-content\/uploads\/2023\/09\/mobile-geral.gif\"\/><a\/>--><\/div><style type=\"text\/css\">\r\n.qdqiv69f34f100b3f7 {\r\ntext-align: center;\r\n}\r\n@media screen and (min-width: 1201px) {\r\n.qdqiv69f34f100b3f7 {\r\ndisplay: none;\r\n}\r\n}\r\n@media screen and (min-width: 993px) and (max-width: 1200px) {\r\n.qdqiv69f34f100b3f7 {\r\ndisplay: none;\r\n}\r\n}\r\n@media screen and (min-width: 769px) and (max-width: 992px) {\r\n.qdqiv69f34f100b3f7 {\r\ndisplay: none;\r\n}\r\n}\r\n@media screen and (min-width: 768px) and (max-width: 768px) {\r\n.qdqiv69f34f100b3f7 {\r\ndisplay: block;\r\n}\r\n}\r\n@media screen and (max-width: 767px) {\r\n.qdqiv69f34f100b3f7 {\r\ndisplay: block;\r\n}\r\n}\r\n<\/style>\r\n<div class=\"sfsza69f34f100b3dc\" ><!--<a href=\"https:\/\/bit.ly\/3QdrqTZ\" target=\"_blank\">\n<img src=\"https:\/\/justicapotiguar.com.br\/wp-content\/uploads\/2023\/09\/desktop-geral.gif\"\/><a\/>--><\/div><style type=\"text\/css\">\r\n.sfsza69f34f100b3dc {\r\ntext-align: center;\nmargin-bottom: 1em;\r\n}\r\n@media screen and (min-width: 1201px) {\r\n.sfsza69f34f100b3dc {\r\ndisplay: block;\r\n}\r\n}\r\n@media screen and (min-width: 993px) and (max-width: 1200px) {\r\n.sfsza69f34f100b3dc {\r\ndisplay: block;\r\n}\r\n}\r\n@media screen and (min-width: 769px) and (max-width: 992px) {\r\n.sfsza69f34f100b3dc {\r\ndisplay: block;\r\n}\r\n}\r\n@media screen and (min-width: 768px) and (max-width: 768px) {\r\n.sfsza69f34f100b3dc {\r\ndisplay: none;\r\n}\r\n}\r\n@media screen and (max-width: 767px) {\r\n.sfsza69f34f100b3dc {\r\ndisplay: none;\r\n}\r\n}\r\n<\/style>\r\n\n\n\n\n<p>O pol\u00edtico foi representado no caso pelos advogados&nbsp;<strong>Vanildo Costa Junior<\/strong>,&nbsp;<strong>Thiago Soares de Godoy<\/strong>&nbsp;e&nbsp;<strong>Raiza Moreira Delate<\/strong>. Costa Junior afirmou que o TRF-2 aumentou a pena do ex-governador com o \u00fanico objetivo de evitar a prescri\u00e7\u00e3o.<\/p>\n\n\n\n<p><strong>Vers\u00e3o da acusa\u00e7\u00e3o<\/strong><br>Garotinho foi acusado pelo Minist\u00e9rio P\u00fablico Federal de ter se associado a outras pessoas, como seu ex-chefe da Pol\u00edcia Civil \u00c1lvaro Lins, para nomear delegados em delegacias estrat\u00e9gicas. O objetivo seria beneficiar Rog\u00e9rio de Andrade na explora\u00e7\u00e3o de m\u00e1quinas ca\u00e7a-n\u00edqueis. Em troca, Garotinho receberia propina.<\/p>\n\n\n\n<p>Na \u00e9poca, ficaram conhecidos com a quadrilha dos \u201cinhos\u201d. O principal criminoso advers\u00e1rio de Andrade era Fernando Ign\u00e1cio, que era combatido pelos policiais.<\/p>\n\n\n\n<p><strong>Conjur<\/strong><\/p>\n","protected":false},"excerpt":{"rendered":"<p>O TRF-2 n\u00e3o fundamentou de forma id\u00f4nea o aumento da san\u00e7\u00e3o de dois anos e seis meses para quatro anos e seis meses, avaliou a ministra<br \/><a class=\"more-link\" href=\"https:\/\/justicapotiguar.com.br\/index.php\/2019\/11\/20\/ministra-do-stj-reconhece-prescricao-e-anula-condenacao-de-garotinho\/\">Mais&#8230;<\/a><\/p>\n","protected":false},"author":5,"featured_media":4049,"comment_status":"open","ping_status":"open","sticky":false,"template":"","format":"standard","meta":[],"categories":[3],"tags":[],"_links":{"self":[{"href":"https:\/\/justicapotiguar.com.br\/index.php\/wp-json\/wp\/v2\/posts\/4048"}],"collection":[{"href":"https:\/\/justicapotiguar.com.br\/index.php\/wp-json\/wp\/v2\/posts"}],"about":[{"href":"https:\/\/justicapotiguar.com.br\/index.php\/wp-json\/wp\/v2\/types\/post"}],"author":[{"embeddable":true,"href":"https:\/\/justicapotiguar.com.br\/index.php\/wp-json\/wp\/v2\/users\/5"}],"replies":[{"embeddable":true,"href":"https:\/\/justicapotiguar.com.br\/index.php\/wp-json\/wp\/v2\/comments?post=4048"}],"version-history":[{"count":1,"href":"https:\/\/justicapotiguar.com.br\/index.php\/wp-json\/wp\/v2\/posts\/4048\/revisions"}],"predecessor-version":[{"id":4050,"href":"https:\/\/justicapotiguar.com.br\/index.php\/wp-json\/wp\/v2\/posts\/4048\/revisions\/4050"}],"wp:featuredmedia":[{"embeddable":true,"href":"https:\/\/justicapotiguar.com.br\/index.php\/wp-json\/wp\/v2\/media\/4049"}],"wp:attachment":[{"href":"https:\/\/justicapotiguar.com.br\/index.php\/wp-json\/wp\/v2\/media?parent=4048"}],"wp:term":[{"taxonomy":"category","embeddable":true,"href":"https:\/\/justicapotiguar.com.br\/index.php\/wp-json\/wp\/v2\/categories?post=4048"},{"taxonomy":"post_tag","embeddable":true,"href":"https:\/\/justicapotiguar.com.br\/index.php\/wp-json\/wp\/v2\/tags?post=4048"}],"curies":[{"name":"wp","href":"https:\/\/api.w.org\/{rel}","templated":true}]}}