{"id":4046,"date":"2019-11-20T07:53:40","date_gmt":"2019-11-20T10:53:40","guid":{"rendered":"https:\/\/justicapotiguar.com.br\/?p=4046"},"modified":"2019-11-20T07:53:40","modified_gmt":"2019-11-20T10:53:40","slug":"fux-libera-julgamento-contra-deltan-no-cnmp","status":"publish","type":"post","link":"https:\/\/justicapotiguar.com.br\/index.php\/2019\/11\/20\/fux-libera-julgamento-contra-deltan-no-cnmp\/","title":{"rendered":"Fux libera julgamento contra Deltan no CNMP"},"content":{"rendered":"\n<figure class=\"wp-block-image\"><img loading=\"lazy\" width=\"1024\" height=\"662\" src=\"https:\/\/justicapotiguar.com.br\/wp-content\/uploads\/2019\/09\/deltan-1024x662.jpg\" alt=\"\" class=\"wp-image-1762\" srcset=\"https:\/\/justicapotiguar.com.br\/wp-content\/uploads\/2019\/09\/deltan-1024x662.jpg 1024w, https:\/\/justicapotiguar.com.br\/wp-content\/uploads\/2019\/09\/deltan-300x194.jpg 300w, https:\/\/justicapotiguar.com.br\/wp-content\/uploads\/2019\/09\/deltan-768x496.jpg 768w\" sizes=\"(max-width: 1024px) 100vw, 1024px\" \/><figcaption>Reprodu\u00e7\u00e3o<\/figcaption><\/figure>\n\n\n\n<p>Nesta ter\u00e7a-feira, 19, o ministro&nbsp;<strong>Luiz Fux<\/strong>, do Supremo, decidiu liberar o CNMP para prosseguir com o julgamento de PAD contra o procurador Deltan Dallagnol.<\/p>\n\n\n\n<p>Ao proferir decis\u00e3o, o ministro afirmou que o sentido da jurisprud\u00eancia do STF \u00e9 de que o CNMP possui compet\u00eancia concorrente, origin\u00e1ria e aut\u00f4noma para processamento disciplinar de membros do MP.<\/p>\n\n\n\n<p>De acordo com o ministro Fux, a argumenta\u00e7\u00e3o de Dallagnol sobre ter agido no leg\u00edtimo exerc\u00edcio de seu direito fundamental de express\u00e3o do pensamento&nbsp;<em>\u201cse confunde com o pr\u00f3prio m\u00e9rito do processo disciplinar, n\u00e3o devendo, pois, ser analisado \u00e0 exaust\u00e3o em sede de aprecia\u00e7\u00e3o de tutela provis\u00f3ria&#8221;<\/em>.<\/p>\n\n\n\n<p><strong>Processo administrativo<\/strong><\/p>\n\n\n\n<p>O processo administrativo trata de &#8220;manifesta\u00e7\u00e3o p\u00fablica indevida&#8221; por parte do procurador em uma entrevista concedida \u00e0 r\u00e1dio CBN, na qual criticou o STF, afirmando que decis\u00f5es tomadas pela Corte passam a mensagem de leni\u00eancia com a corrup\u00e7\u00e3o.<\/p>\n\n\n\n<p>No in\u00edcio de novembro, o ministro Fux havia&nbsp;<a href=\"https:\/\/www.migalhas.com.br\/Quentes\/17,MI314685,31047-Fux+suspende+liminar+que+impedia+julgamento+de+Dallagnol+no+CNMP\" target=\"_blank\" rel=\"noreferrer noopener\">suspendido<\/a>&nbsp;liminar para que o CNMP retirasse o PAD da pauta, posteriormente, no dia 11, o ministro&nbsp;<a href=\"https:\/\/www.migalhas.com.br\/Quentes\/17,MI315023,61044-Fux+retira+processo+contra+Deltan+Dallagnol+da+pauta+do+CNMP\">mandou<\/a>&nbsp;o CNMP retirar da pauta processo contra Deltan.<\/p><div class=\"mfdkk69f33b62c19f0\" ><!--<a href=\"https:\/\/bit.ly\/3QdrqTZ\" target=\"_blank\">\n<img src=\"https:\/\/justicapotiguar.com.br\/wp-content\/uploads\/2023\/09\/mobile-geral.gif\"\/><a\/>--><\/div><style type=\"text\/css\">\r\n.mfdkk69f33b62c19f0 {\r\ntext-align: center;\r\n}\r\n@media screen and (min-width: 1201px) {\r\n.mfdkk69f33b62c19f0 {\r\ndisplay: none;\r\n}\r\n}\r\n@media screen and (min-width: 993px) and (max-width: 1200px) {\r\n.mfdkk69f33b62c19f0 {\r\ndisplay: none;\r\n}\r\n}\r\n@media screen and (min-width: 769px) and (max-width: 992px) {\r\n.mfdkk69f33b62c19f0 {\r\ndisplay: none;\r\n}\r\n}\r\n@media screen and (min-width: 768px) and (max-width: 768px) {\r\n.mfdkk69f33b62c19f0 {\r\ndisplay: block;\r\n}\r\n}\r\n@media screen and (max-width: 767px) {\r\n.mfdkk69f33b62c19f0 {\r\ndisplay: block;\r\n}\r\n}\r\n<\/style>\r\n<div class=\"uebkl69f33b62c19da\" ><!--<a href=\"https:\/\/bit.ly\/3QdrqTZ\" target=\"_blank\">\n<img src=\"https:\/\/justicapotiguar.com.br\/wp-content\/uploads\/2023\/09\/desktop-geral.gif\"\/><a\/>--><\/div><style type=\"text\/css\">\r\n.uebkl69f33b62c19da {\r\ntext-align: center;\nmargin-bottom: 1em;\r\n}\r\n@media screen and (min-width: 1201px) {\r\n.uebkl69f33b62c19da {\r\ndisplay: block;\r\n}\r\n}\r\n@media screen and (min-width: 993px) and (max-width: 1200px) {\r\n.uebkl69f33b62c19da {\r\ndisplay: block;\r\n}\r\n}\r\n@media screen and (min-width: 769px) and (max-width: 992px) {\r\n.uebkl69f33b62c19da {\r\ndisplay: block;\r\n}\r\n}\r\n@media screen and (min-width: 768px) and (max-width: 768px) {\r\n.uebkl69f33b62c19da {\r\ndisplay: none;\r\n}\r\n}\r\n@media screen and (max-width: 767px) {\r\n.uebkl69f33b62c19da {\r\ndisplay: none;\r\n}\r\n}\r\n<\/style>\r\n\n\n\n\n<p><strong>Judicializa\u00e7\u00e3o<\/strong><\/p>\n\n\n\n<p>Em agosto, o CNMP negou embargos de declara\u00e7\u00e3o de Dallagnol e manteve o PAD contra o procurador, pautando-o para o mesmo m\u00eas. Na Justi\u00e7a, o procurador pediu a reabertura de prazo de 10 dias para alega\u00e7\u00f5es finais no processo administrativo e que a determina\u00e7\u00e3o para que o feito fosse incluso na pauta apenas ap\u00f3s escoado esse prazo.<\/p>\n\n\n\n<p>A JF\/PR acolheu o pedido e&nbsp;<a href=\"https:\/\/www.migalhas.com.br\/Quentes\/17,MI309648,81042-Juiz+determina+que+CNMP+tire+de+pauta+processo+contra+Deltan+Dallagnol\" target=\"_blank\" rel=\"noreferrer noopener\">deferiu<\/a>&nbsp;liminar para que o CNMP retirasse de pauta o processo administrativo. Em outubro, o processo foi&nbsp;<a href=\"https:\/\/www.migalhas.com.br\/Quentes\/17,MI313401,61044-Citando+Sao+Jeronimo+juiz+suspende+processo+no+CNMP+contra+Deltan\" target=\"_blank\" rel=\"noreferrer noopener\">suspenso<\/a>. Contra a decis\u00e3o, a Uni\u00e3o ajuizou Rcl (<a href=\"http:\/\/portal.stf.jus.br\/processos\/detalhe.asp?incidente=5808832\" target=\"_blank\" rel=\"noreferrer noopener\">37.840<\/a>)&nbsp;no Supremo.<\/p>\n\n\n\n<p>Na quarta-feira, 6\/11, Fux havia concedido a tutela de urg\u00eancia, suspendendo a efic\u00e1cia da decis\u00e3o da JF\/PR e o curso do processo de origem, e determinando o prosseguimento do PAD no CNMP at\u00e9 o julgamento final da Rcl 37.840.<\/p>\n\n\n\n<p><strong>Migalhas<\/strong><\/p>\n","protected":false},"excerpt":{"rendered":"<p>Ao proferir decis\u00e3o, o ministro afirmou que o sentido da jurisprud\u00eancia do STF \u00e9 de que o CNMP possui compet\u00eancia concorrente, origin\u00e1ria e aut\u00f4noma<br \/><a class=\"more-link\" href=\"https:\/\/justicapotiguar.com.br\/index.php\/2019\/11\/20\/fux-libera-julgamento-contra-deltan-no-cnmp\/\">Mais&#8230;<\/a><\/p>\n","protected":false},"author":5,"featured_media":1762,"comment_status":"open","ping_status":"open","sticky":false,"template":"","format":"standard","meta":[],"categories":[3],"tags":[],"_links":{"self":[{"href":"https:\/\/justicapotiguar.com.br\/index.php\/wp-json\/wp\/v2\/posts\/4046"}],"collection":[{"href":"https:\/\/justicapotiguar.com.br\/index.php\/wp-json\/wp\/v2\/posts"}],"about":[{"href":"https:\/\/justicapotiguar.com.br\/index.php\/wp-json\/wp\/v2\/types\/post"}],"author":[{"embeddable":true,"href":"https:\/\/justicapotiguar.com.br\/index.php\/wp-json\/wp\/v2\/users\/5"}],"replies":[{"embeddable":true,"href":"https:\/\/justicapotiguar.com.br\/index.php\/wp-json\/wp\/v2\/comments?post=4046"}],"version-history":[{"count":1,"href":"https:\/\/justicapotiguar.com.br\/index.php\/wp-json\/wp\/v2\/posts\/4046\/revisions"}],"predecessor-version":[{"id":4047,"href":"https:\/\/justicapotiguar.com.br\/index.php\/wp-json\/wp\/v2\/posts\/4046\/revisions\/4047"}],"wp:featuredmedia":[{"embeddable":true,"href":"https:\/\/justicapotiguar.com.br\/index.php\/wp-json\/wp\/v2\/media\/1762"}],"wp:attachment":[{"href":"https:\/\/justicapotiguar.com.br\/index.php\/wp-json\/wp\/v2\/media?parent=4046"}],"wp:term":[{"taxonomy":"category","embeddable":true,"href":"https:\/\/justicapotiguar.com.br\/index.php\/wp-json\/wp\/v2\/categories?post=4046"},{"taxonomy":"post_tag","embeddable":true,"href":"https:\/\/justicapotiguar.com.br\/index.php\/wp-json\/wp\/v2\/tags?post=4046"}],"curies":[{"name":"wp","href":"https:\/\/api.w.org\/{rel}","templated":true}]}}