{"id":4044,"date":"2019-11-19T18:06:22","date_gmt":"2019-11-19T21:06:22","guid":{"rendered":"https:\/\/justicapotiguar.com.br\/?p=4044"},"modified":"2019-11-19T18:06:22","modified_gmt":"2019-11-19T21:06:22","slug":"defesa-de-candidato-a-prefeito-de-ceara-mirim-emite-nota-sobre-decisao-da-justica-eleitoral","status":"publish","type":"post","link":"https:\/\/justicapotiguar.com.br\/index.php\/2019\/11\/19\/defesa-de-candidato-a-prefeito-de-ceara-mirim-emite-nota-sobre-decisao-da-justica-eleitoral\/","title":{"rendered":"Defesa de candidato a prefeito de Cear\u00e1-Mirim emite nota sobre decis\u00e3o da Justi\u00e7a Eleitoral"},"content":{"rendered":"\n<p><\/p>\n\n\n\n<p>A defesa do candidato a prefeito de Cear\u00e1-Mirim, Ronaldo Ven\u00e2ncio, encaminhou nota de esclarecimento sobre julgamento da Justi\u00e7a Eleitoral. Confira<\/p>\n\n\n\n<p><strong>NOTA P\u00daBLICA DE ESCLARECIMENTO AO POVO DE CEAR\u00c1 MIRIM<\/strong><br><\/p><div class=\"otyxn69f3172cb1ab0\" ><!--<a href=\"https:\/\/bit.ly\/3QdrqTZ\" target=\"_blank\">\n<img src=\"https:\/\/justicapotiguar.com.br\/wp-content\/uploads\/2023\/09\/mobile-geral.gif\"\/><a\/>--><\/div><style type=\"text\/css\">\r\n.otyxn69f3172cb1ab0 {\r\ntext-align: center;\r\n}\r\n@media screen and (min-width: 1201px) {\r\n.otyxn69f3172cb1ab0 {\r\ndisplay: none;\r\n}\r\n}\r\n@media screen and (min-width: 993px) and (max-width: 1200px) {\r\n.otyxn69f3172cb1ab0 {\r\ndisplay: none;\r\n}\r\n}\r\n@media screen and (min-width: 769px) and (max-width: 992px) {\r\n.otyxn69f3172cb1ab0 {\r\ndisplay: none;\r\n}\r\n}\r\n@media screen and (min-width: 768px) and (max-width: 768px) {\r\n.otyxn69f3172cb1ab0 {\r\ndisplay: block;\r\n}\r\n}\r\n@media screen and (max-width: 767px) {\r\n.otyxn69f3172cb1ab0 {\r\ndisplay: block;\r\n}\r\n}\r\n<\/style>\r\n<div class=\"kaxqk69f3172cb1a9b\" ><!--<a href=\"https:\/\/bit.ly\/3QdrqTZ\" target=\"_blank\">\n<img src=\"https:\/\/justicapotiguar.com.br\/wp-content\/uploads\/2023\/09\/desktop-geral.gif\"\/><a\/>--><\/div><style type=\"text\/css\">\r\n.kaxqk69f3172cb1a9b {\r\ntext-align: center;\nmargin-bottom: 1em;\r\n}\r\n@media screen and (min-width: 1201px) {\r\n.kaxqk69f3172cb1a9b {\r\ndisplay: block;\r\n}\r\n}\r\n@media screen and (min-width: 993px) and (max-width: 1200px) {\r\n.kaxqk69f3172cb1a9b {\r\ndisplay: block;\r\n}\r\n}\r\n@media screen and (min-width: 769px) and (max-width: 992px) {\r\n.kaxqk69f3172cb1a9b {\r\ndisplay: block;\r\n}\r\n}\r\n@media screen and (min-width: 768px) and (max-width: 768px) {\r\n.kaxqk69f3172cb1a9b {\r\ndisplay: none;\r\n}\r\n}\r\n@media screen and (max-width: 767px) {\r\n.kaxqk69f3172cb1a9b {\r\ndisplay: none;\r\n}\r\n}\r\n<\/style>\r\n\n\n\n\n<p>Em aten\u00e7\u00e3o e respeito ao <strong>POVO DE CEAR\u00c1 MIRIM\/RN<\/strong> a <strong>COLIGA\u00c7\u00c3O RECONSTRUIR CEAR\u00c1 MIRIM\/RN (PV, PL, PT, PSDB e DEM)<\/strong> esclarece que respeita o entendimento proferido pelo Exmo. Sr. Ju\u00edz&nbsp; da 6<sup>a<\/sup>. Zona Eleitoral do RN, mas recorrer\u00e1 da senten\u00e7a prolatada nesta tarde que negou registro ao Candidato <strong>RONALDO VEN\u00c2NCIO<\/strong>, pois, conforme j\u00e1 decidido pelo TSE nos Recursos Especiais n. 7012-PE e 8493-PE, \u201c\u2026compete ao parlamentar que recebe verba de gabinete comprovar a finalidade p\u00fablica dos respectivos gastos\u2026\u201d, bem como decidido pelo Colendo TRE\/RN ao julgar o Recurso n. 26044, no Registro de Candidatura de Paulinho Freire na elei\u00e7\u00e3o Municipal de 2016 em Natal\/RN, n\u00e3o h\u00e1 ato doloso de improbidade administrativa no gestor do Legislativo Municipal que libera o pagamento de verba indenizat\u00f3ria em obedi\u00eancia as normas vigentes, cabendo ao edil benefici\u00e1rio a responsabilidade pela efetiva utiliza\u00e7\u00e3o p\u00fablica dos recursos, raz\u00e3o pela qual <strong>n\u00e3o h\u00e1 a inelegibilidade alegada<\/strong>.&nbsp;<br><\/p>\n\n\n\n<p>Assim, a campanha continua com muita alegria, paz e crescimento, rumo \u00e0 vit\u00f3ria nas urnas em 1<sup>o<\/sup>. de dezembro, por ser essa a vontade leg\u00edtima do <strong>POVO DE CEAR\u00c1 MIRIM\/RN<\/strong>.<br><\/p>\n\n\n\n<p><strong>COLIGA\u00c7\u00c3O RECONSTRUIR CEAR\u00c1 MIRIM\/RN (PV, PL, PT, PSDB e DEM)<\/strong><\/p>\n","protected":false},"excerpt":{"rendered":"<p>A defesa do candidato a prefeito de Cear\u00e1-Mirim, Ronaldo Ven\u00e2ncio, encaminhou nota de esclarecimento sobre julgamento da Justi\u00e7a Eleitoral<br \/><a class=\"more-link\" href=\"https:\/\/justicapotiguar.com.br\/index.php\/2019\/11\/19\/defesa-de-candidato-a-prefeito-de-ceara-mirim-emite-nota-sobre-decisao-da-justica-eleitoral\/\">Mais&#8230;<\/a><\/p>\n","protected":false},"author":5,"featured_media":0,"comment_status":"open","ping_status":"open","sticky":false,"template":"","format":"standard","meta":[],"categories":[3],"tags":[],"_links":{"self":[{"href":"https:\/\/justicapotiguar.com.br\/index.php\/wp-json\/wp\/v2\/posts\/4044"}],"collection":[{"href":"https:\/\/justicapotiguar.com.br\/index.php\/wp-json\/wp\/v2\/posts"}],"about":[{"href":"https:\/\/justicapotiguar.com.br\/index.php\/wp-json\/wp\/v2\/types\/post"}],"author":[{"embeddable":true,"href":"https:\/\/justicapotiguar.com.br\/index.php\/wp-json\/wp\/v2\/users\/5"}],"replies":[{"embeddable":true,"href":"https:\/\/justicapotiguar.com.br\/index.php\/wp-json\/wp\/v2\/comments?post=4044"}],"version-history":[{"count":1,"href":"https:\/\/justicapotiguar.com.br\/index.php\/wp-json\/wp\/v2\/posts\/4044\/revisions"}],"predecessor-version":[{"id":4045,"href":"https:\/\/justicapotiguar.com.br\/index.php\/wp-json\/wp\/v2\/posts\/4044\/revisions\/4045"}],"wp:attachment":[{"href":"https:\/\/justicapotiguar.com.br\/index.php\/wp-json\/wp\/v2\/media?parent=4044"}],"wp:term":[{"taxonomy":"category","embeddable":true,"href":"https:\/\/justicapotiguar.com.br\/index.php\/wp-json\/wp\/v2\/categories?post=4044"},{"taxonomy":"post_tag","embeddable":true,"href":"https:\/\/justicapotiguar.com.br\/index.php\/wp-json\/wp\/v2\/tags?post=4044"}],"curies":[{"name":"wp","href":"https:\/\/api.w.org\/{rel}","templated":true}]}}