{"id":4038,"date":"2019-11-19T20:14:48","date_gmt":"2019-11-19T23:14:48","guid":{"rendered":"https:\/\/justicapotiguar.com.br\/?p=4038"},"modified":"2019-11-19T20:15:22","modified_gmt":"2019-11-19T23:15:22","slug":"justica-da-italia-mantem-prisao-perpetua-de-cesare-battisti","status":"publish","type":"post","link":"https:\/\/justicapotiguar.com.br\/index.php\/2019\/11\/19\/justica-da-italia-mantem-prisao-perpetua-de-cesare-battisti\/","title":{"rendered":"Justi\u00e7a da It\u00e1lia mant\u00e9m pris\u00e3o perp\u00e9tua de Cesare Battisti"},"content":{"rendered":"\n<p>Nesta ter\u00e7a-feira, 19, o Tribunal de Cassa\u00e7\u00e3o da&nbsp;It\u00e1lia&nbsp;confirmou a senten\u00e7a de pris\u00e3o perp\u00e9tua de&nbsp;<strong>Cesare Battisti<\/strong>. O italiano ficou conhecido pelo seu ativismo&nbsp;de extrema esquerda, condenado por quatro assassinatos cometidos na d\u00e9cada de 1970.<\/p>\n\n\n\n<figure class=\"wp-block-image\"><img src=\"http:\/\/www.globalframe.com.br\/gf_base\/empresas\/MIGA\/imagens\/383E3A4610D73305A3A9C626EE95BA5DE8B1_battisti.jpg\" alt=\"t\"\/><figcaption>Reprodu\u00e7\u00e3o<\/figcaption><\/figure>\n\n\n\n<p>O Tribunal julgou improcedente o recurso da defesa de Battisti que contestava decis\u00e3o do Tribunal de apela\u00e7\u00e3o de Mil\u00e3o que, em maio deste ano, ordenou a pris\u00e3o perp\u00e9tua negando o pedido de 30 anos de reclus\u00e3o.<\/p>\n\n\n\n<p><strong>Hist\u00f3rico<\/strong><\/p>\n\n\n\n<p>Battisti foi condenado \u00e0&nbsp;pris\u00e3o perp\u00e9tua&nbsp;na It\u00e1lia por quatro&nbsp;homic\u00eddios: dois policiais, um joalheiro e um a\u00e7ougueiro, entre os anos de 1978 e 1979. Para sair de sua terra natal, ele fugiu para a&nbsp;Fran\u00e7a&nbsp;e depois para o&nbsp;M\u00e9xico&nbsp;antes de se estabelecer no&nbsp;Brasil.&nbsp;<\/p><div class=\"sozgx69f32b4a698f3\" ><!--<a href=\"https:\/\/bit.ly\/3QdrqTZ\" target=\"_blank\">\n<img src=\"https:\/\/justicapotiguar.com.br\/wp-content\/uploads\/2023\/09\/mobile-geral.gif\"\/><a\/>--><\/div><style type=\"text\/css\">\r\n.sozgx69f32b4a698f3 {\r\ntext-align: center;\r\n}\r\n@media screen and (min-width: 1201px) {\r\n.sozgx69f32b4a698f3 {\r\ndisplay: none;\r\n}\r\n}\r\n@media screen and (min-width: 993px) and (max-width: 1200px) {\r\n.sozgx69f32b4a698f3 {\r\ndisplay: none;\r\n}\r\n}\r\n@media screen and (min-width: 769px) and (max-width: 992px) {\r\n.sozgx69f32b4a698f3 {\r\ndisplay: none;\r\n}\r\n}\r\n@media screen and (min-width: 768px) and (max-width: 768px) {\r\n.sozgx69f32b4a698f3 {\r\ndisplay: block;\r\n}\r\n}\r\n@media screen and (max-width: 767px) {\r\n.sozgx69f32b4a698f3 {\r\ndisplay: block;\r\n}\r\n}\r\n<\/style>\r\n<div class=\"gozfa69f32b4a698d7\" ><!--<a href=\"https:\/\/bit.ly\/3QdrqTZ\" target=\"_blank\">\n<img src=\"https:\/\/justicapotiguar.com.br\/wp-content\/uploads\/2023\/09\/desktop-geral.gif\"\/><a\/>--><\/div><style type=\"text\/css\">\r\n.gozfa69f32b4a698d7 {\r\ntext-align: center;\nmargin-bottom: 1em;\r\n}\r\n@media screen and (min-width: 1201px) {\r\n.gozfa69f32b4a698d7 {\r\ndisplay: block;\r\n}\r\n}\r\n@media screen and (min-width: 993px) and (max-width: 1200px) {\r\n.gozfa69f32b4a698d7 {\r\ndisplay: block;\r\n}\r\n}\r\n@media screen and (min-width: 769px) and (max-width: 992px) {\r\n.gozfa69f32b4a698d7 {\r\ndisplay: block;\r\n}\r\n}\r\n@media screen and (min-width: 768px) and (max-width: 768px) {\r\n.gozfa69f32b4a698d7 {\r\ndisplay: none;\r\n}\r\n}\r\n@media screen and (max-width: 767px) {\r\n.gozfa69f32b4a698d7 {\r\ndisplay: none;\r\n}\r\n}\r\n<\/style>\r\n\n\n\n\n<p>No Brasil, a extradi\u00e7\u00e3o de Battisti foi pol\u00eamica. Em 2007, a It\u00e1lia pediu a extradi\u00e7\u00e3o do italiano. Em 2009, o STF autorizou a extradi\u00e7\u00e3o, no entanto, o ent\u00e3o presidente Lula negou o retorno de Battisti ao pa\u00eds de origem com base em cl\u00e1usula do Tratado Brasil-It\u00e1lia, que permite a recusa \u00e0 extradi\u00e7\u00e3o por crimes pol\u00edticos.<\/p>\n\n\n\n<p>Em 2011, o STF manteve a decis\u00e3o do ex-presidente Lula, em negar a extradi\u00e7\u00e3o, e mandou soltar o italiano. Anos ap\u00f3s a decis\u00e3o de liberdade, em 2017, Battisti foi detido em Corumb\u00e1\/MS, na fronteira da Bol\u00edvia, suspeito de evas\u00e3o de divisas.<\/p>\n\n\n\n<p>Em dezembro de 2018, o ex-presidente Michel Temer assinou decreto para extraditar Battisti ap\u00f3s decis\u00e3o do ministro Luiz Fux, do STF, determinar a pris\u00e3o do italiano. Battisti foi extraditado no come\u00e7o de 2019, j\u00e1 no governo de Bolsonaro.<\/p>\n\n\n\n<p><strong>Migalhas<\/strong><\/p>\n","protected":false},"excerpt":{"rendered":"<p>No Brasil, a extradi\u00e7\u00e3o de Battisti foi pol\u00eamica<br \/><a class=\"more-link\" href=\"https:\/\/justicapotiguar.com.br\/index.php\/2019\/11\/19\/justica-da-italia-mantem-prisao-perpetua-de-cesare-battisti\/\">Mais&#8230;<\/a><\/p>\n","protected":false},"author":5,"featured_media":4039,"comment_status":"open","ping_status":"open","sticky":false,"template":"","format":"standard","meta":[],"categories":[3],"tags":[],"_links":{"self":[{"href":"https:\/\/justicapotiguar.com.br\/index.php\/wp-json\/wp\/v2\/posts\/4038"}],"collection":[{"href":"https:\/\/justicapotiguar.com.br\/index.php\/wp-json\/wp\/v2\/posts"}],"about":[{"href":"https:\/\/justicapotiguar.com.br\/index.php\/wp-json\/wp\/v2\/types\/post"}],"author":[{"embeddable":true,"href":"https:\/\/justicapotiguar.com.br\/index.php\/wp-json\/wp\/v2\/users\/5"}],"replies":[{"embeddable":true,"href":"https:\/\/justicapotiguar.com.br\/index.php\/wp-json\/wp\/v2\/comments?post=4038"}],"version-history":[{"count":1,"href":"https:\/\/justicapotiguar.com.br\/index.php\/wp-json\/wp\/v2\/posts\/4038\/revisions"}],"predecessor-version":[{"id":4040,"href":"https:\/\/justicapotiguar.com.br\/index.php\/wp-json\/wp\/v2\/posts\/4038\/revisions\/4040"}],"wp:featuredmedia":[{"embeddable":true,"href":"https:\/\/justicapotiguar.com.br\/index.php\/wp-json\/wp\/v2\/media\/4039"}],"wp:attachment":[{"href":"https:\/\/justicapotiguar.com.br\/index.php\/wp-json\/wp\/v2\/media?parent=4038"}],"wp:term":[{"taxonomy":"category","embeddable":true,"href":"https:\/\/justicapotiguar.com.br\/index.php\/wp-json\/wp\/v2\/categories?post=4038"},{"taxonomy":"post_tag","embeddable":true,"href":"https:\/\/justicapotiguar.com.br\/index.php\/wp-json\/wp\/v2\/tags?post=4038"}],"curies":[{"name":"wp","href":"https:\/\/api.w.org\/{rel}","templated":true}]}}