{"id":40205,"date":"2025-01-11T07:41:19","date_gmt":"2025-01-11T10:41:19","guid":{"rendered":"https:\/\/justicapotiguar.com.br\/?p=40205"},"modified":"2025-01-11T09:44:13","modified_gmt":"2025-01-11T12:44:13","slug":"ana-hickmann-e-condenada-a-pagar-pensao-de-r-15-mil-por-mes-ao-ex-marido","status":"publish","type":"post","link":"https:\/\/justicapotiguar.com.br\/index.php\/2025\/01\/11\/ana-hickmann-e-condenada-a-pagar-pensao-de-r-15-mil-por-mes-ao-ex-marido\/","title":{"rendered":"Ana Hickmann \u00e9 condenada a pagar pens\u00e3o de R$ 15 mil por m\u00eas ao ex-marido"},"content":{"rendered":"\n<figure class=\"wp-block-image size-large\"><img loading=\"lazy\" width=\"672\" height=\"456\" src=\"https:\/\/justicapotiguar.com.br\/wp-content\/uploads\/2025\/01\/images-2025-01-11T074046.066.jpeg\" alt=\"\" class=\"wp-image-40210\" srcset=\"https:\/\/justicapotiguar.com.br\/wp-content\/uploads\/2025\/01\/images-2025-01-11T074046.066.jpeg 672w, https:\/\/justicapotiguar.com.br\/wp-content\/uploads\/2025\/01\/images-2025-01-11T074046.066-300x204.jpeg 300w\" sizes=\"(max-width: 672px) 100vw, 672px\" \/><\/figure>\n\n\n\n<p>O Tribunal de Justi\u00e7a de S\u00e3o Paulo (TJ-SP) determinou que a apresentadora&nbsp;<a class=\"\" href=\"https:\/\/revistaquem.globo.com\/famoso\/ana-hickmann\/\">Ana Hickmann<\/a>, de 43 anos, pague uma pens\u00e3o compensat\u00f3ria de R$ 15 mil por m\u00eas ao ex-marido,&nbsp;<a class=\"\" href=\"https:\/\/revistaquem.globo.com\/famoso\/alexandre-correa\/\">Alexandre Correa<\/a>, de 53. A&nbsp;<strong>Quem&nbsp;<\/strong>teve acesso a decis\u00e3o e tamb\u00e9m confirmou a informa\u00e7\u00e3o com a assessoria de imprensa da apresentadora, que atualmente est\u00e1 noiva do chef de cozinha&nbsp;<strong>Edu Guedes<\/strong>, de 50.<\/p>\n\n\n\n<p>&#8220;Sobre as not\u00edcias da fixa\u00e7\u00e3o de alimentos compensat\u00f3rios ao ex-marido, em sede de tutela de primeiro grau, e a condena\u00e7\u00e3o do Sr. Alexandre na presta\u00e7\u00e3o de alimentos ao filho, a defesa de Ana Hickmann lamenta a veicula\u00e7\u00e3o de decis\u00f5es judiciais do processo de div\u00f3rcio, sabidamente em segredo de justi\u00e7a. Por tal raz\u00e3o, n\u00e3o se manifestar\u00e1 sobre a decis\u00e3o, que recebeu com serenidade&#8221;, declarou a equipe de Ana, em nota.<\/p><div class=\"vdsaj69ef4989a3908\" ><!--<a href=\"https:\/\/bit.ly\/3QdrqTZ\" target=\"_blank\">\n<img src=\"https:\/\/justicapotiguar.com.br\/wp-content\/uploads\/2023\/09\/mobile-geral.gif\"\/><a\/>--><\/div><style type=\"text\/css\">\r\n.vdsaj69ef4989a3908 {\r\ntext-align: center;\r\n}\r\n@media screen and (min-width: 1201px) {\r\n.vdsaj69ef4989a3908 {\r\ndisplay: none;\r\n}\r\n}\r\n@media screen and (min-width: 993px) and (max-width: 1200px) {\r\n.vdsaj69ef4989a3908 {\r\ndisplay: none;\r\n}\r\n}\r\n@media screen and (min-width: 769px) and (max-width: 992px) {\r\n.vdsaj69ef4989a3908 {\r\ndisplay: none;\r\n}\r\n}\r\n@media screen and (min-width: 768px) and (max-width: 768px) {\r\n.vdsaj69ef4989a3908 {\r\ndisplay: block;\r\n}\r\n}\r\n@media screen and (max-width: 767px) {\r\n.vdsaj69ef4989a3908 {\r\ndisplay: block;\r\n}\r\n}\r\n<\/style>\r\n<div class=\"wkfuw69ef4989a38f1\" ><!--<a href=\"https:\/\/bit.ly\/3QdrqTZ\" target=\"_blank\">\n<img src=\"https:\/\/justicapotiguar.com.br\/wp-content\/uploads\/2023\/09\/desktop-geral.gif\"\/><a\/>--><\/div><style type=\"text\/css\">\r\n.wkfuw69ef4989a38f1 {\r\ntext-align: center;\nmargin-bottom: 1em;\r\n}\r\n@media screen and (min-width: 1201px) {\r\n.wkfuw69ef4989a38f1 {\r\ndisplay: block;\r\n}\r\n}\r\n@media screen and (min-width: 993px) and (max-width: 1200px) {\r\n.wkfuw69ef4989a38f1 {\r\ndisplay: block;\r\n}\r\n}\r\n@media screen and (min-width: 769px) and (max-width: 992px) {\r\n.wkfuw69ef4989a38f1 {\r\ndisplay: block;\r\n}\r\n}\r\n@media screen and (min-width: 768px) and (max-width: 768px) {\r\n.wkfuw69ef4989a38f1 {\r\ndisplay: none;\r\n}\r\n}\r\n@media screen and (max-width: 767px) {\r\n.wkfuw69ef4989a38f1 {\r\ndisplay: none;\r\n}\r\n}\r\n<\/style>\r\n\n\n\n\n<p>Na decis\u00e3o, a ju\u00edza respons\u00e1vel por julgar o caso declarou que Alexandre &#8220;foi afastado das empresas nas quais figura como s\u00f3cio com a autora [Ana], as quais representavam a principal fonte de renda do ex-casal e onde exercia seu trabalho&#8221;. Em outro trecho, ela destaca que o empres\u00e1rio ajudou a ex-mulher a administrar as empresas, que hoje est\u00e3o com d\u00edvidas que podem chegar a R$ 40 mil.<\/p>\n\n\n\n<p>O Globo<\/p>\n","protected":false},"excerpt":{"rendered":"<p>O Tribunal de Justi\u00e7a de S\u00e3o Paulo (TJ-SP) determinou que a apresentadora&nbsp;Ana Hickmann, de 43 anos, pague uma pens\u00e3o compensat\u00f3ria de R$ 15 mil por m\u00eas ao ex-marido,&nbsp;Alexandre Correa, de 53. A&nbsp;Quem&nbsp;teve acesso a decis\u00e3o e tamb\u00e9m confirmou a informa\u00e7\u00e3o com a assessoria de imprensa da apresentadora, que atualmente est\u00e1 noiva do chef de cozinha&nbsp;Edu<br \/><a class=\"more-link\" href=\"https:\/\/justicapotiguar.com.br\/index.php\/2025\/01\/11\/ana-hickmann-e-condenada-a-pagar-pensao-de-r-15-mil-por-mes-ao-ex-marido\/\">Mais&#8230;<\/a><\/p>\n","protected":false},"author":5,"featured_media":0,"comment_status":"open","ping_status":"open","sticky":false,"template":"","format":"standard","meta":[],"categories":[1],"tags":[],"_links":{"self":[{"href":"https:\/\/justicapotiguar.com.br\/index.php\/wp-json\/wp\/v2\/posts\/40205"}],"collection":[{"href":"https:\/\/justicapotiguar.com.br\/index.php\/wp-json\/wp\/v2\/posts"}],"about":[{"href":"https:\/\/justicapotiguar.com.br\/index.php\/wp-json\/wp\/v2\/types\/post"}],"author":[{"embeddable":true,"href":"https:\/\/justicapotiguar.com.br\/index.php\/wp-json\/wp\/v2\/users\/5"}],"replies":[{"embeddable":true,"href":"https:\/\/justicapotiguar.com.br\/index.php\/wp-json\/wp\/v2\/comments?post=40205"}],"version-history":[{"count":3,"href":"https:\/\/justicapotiguar.com.br\/index.php\/wp-json\/wp\/v2\/posts\/40205\/revisions"}],"predecessor-version":[{"id":40211,"href":"https:\/\/justicapotiguar.com.br\/index.php\/wp-json\/wp\/v2\/posts\/40205\/revisions\/40211"}],"wp:attachment":[{"href":"https:\/\/justicapotiguar.com.br\/index.php\/wp-json\/wp\/v2\/media?parent=40205"}],"wp:term":[{"taxonomy":"category","embeddable":true,"href":"https:\/\/justicapotiguar.com.br\/index.php\/wp-json\/wp\/v2\/categories?post=40205"},{"taxonomy":"post_tag","embeddable":true,"href":"https:\/\/justicapotiguar.com.br\/index.php\/wp-json\/wp\/v2\/tags?post=40205"}],"curies":[{"name":"wp","href":"https:\/\/api.w.org\/{rel}","templated":true}]}}