{"id":40026,"date":"2024-12-23T11:17:50","date_gmt":"2024-12-23T14:17:50","guid":{"rendered":"https:\/\/justicapotiguar.com.br\/?p=40026"},"modified":"2024-12-23T11:17:50","modified_gmt":"2024-12-23T14:17:50","slug":"trt-rn-libera-r-1-milhao-para-72-ex-empregados-da-inpasa","status":"publish","type":"post","link":"https:\/\/justicapotiguar.com.br\/index.php\/2024\/12\/23\/trt-rn-libera-r-1-milhao-para-72-ex-empregados-da-inpasa\/","title":{"rendered":"TRT-RN libera R$ 1 milh\u00e3o para 72 ex-empregados da Inpasa"},"content":{"rendered":"\n<figure class=\"wp-block-image\"><img src=\"https:\/\/www.trt21.jus.br\/sites\/default\/files\/styles\/346x231\/public\/2024-12\/Site_TRT-RN%20libera%20um%20milh%C3%A3o%20de%20reais%20para%2072%20ex-empregados%20da%20Inpasa.png?itok=HXEm9POp\" alt=\"empregado\"\/><\/figure>\n\n\n\n<p>O Tribunal Regional do Trabalho da 21\u00aa Regi\u00e3o (TRT-RN) liberou R$ 1.092.184,84, beneficiando 72 ex-empregados da Inpasa Ind\u00fastria de Pap\u00e9is S\/A. A execu\u00e7\u00e3o est\u00e1 em andamento na Central de Apoio \u00e0 Execu\u00e7\u00e3o (CAEX) desde o ano de 2008.<\/p>\n\n\n\n<p>Os recursos s\u00e3o originados de penhoras com arremata\u00e7\u00e3o em leil\u00e3o, no valor total de R$ 6 milh\u00f5es, sendo pagos de forma parcelada conforme os termos dos editais realizados. No \u00faltimo leil\u00e3o realizado pelo TRT-RN, em novembro deste ano, foram arrematados tr\u00eas bens no valor de R$ 352 mil, que ser\u00e3o destinados aos credores futuramente.<\/p>\n\n\n\n<p>A CAEX tamb\u00e9m implementou uma inova\u00e7\u00e3o nos processos de execu\u00e7\u00f5es especiais, permitindo que credores registrem seus dados banc\u00e1rios por meio de formul\u00e1rio eletr\u00f4nico. Contudo, alguns n\u00e3o tinham registrado esses dados, tendo sido realizadas dilig\u00eancias, parte delas por oficiais de justi\u00e7a, para encontrar 10 deles.<\/p><div class=\"vtqlr69f2b04726e1e\" ><!--<a href=\"https:\/\/bit.ly\/3QdrqTZ\" target=\"_blank\">\n<img src=\"https:\/\/justicapotiguar.com.br\/wp-content\/uploads\/2023\/09\/mobile-geral.gif\"\/><a\/>--><\/div><style type=\"text\/css\">\r\n.vtqlr69f2b04726e1e {\r\ntext-align: center;\r\n}\r\n@media screen and (min-width: 1201px) {\r\n.vtqlr69f2b04726e1e {\r\ndisplay: none;\r\n}\r\n}\r\n@media screen and (min-width: 993px) and (max-width: 1200px) {\r\n.vtqlr69f2b04726e1e {\r\ndisplay: none;\r\n}\r\n}\r\n@media screen and (min-width: 769px) and (max-width: 992px) {\r\n.vtqlr69f2b04726e1e {\r\ndisplay: none;\r\n}\r\n}\r\n@media screen and (min-width: 768px) and (max-width: 768px) {\r\n.vtqlr69f2b04726e1e {\r\ndisplay: block;\r\n}\r\n}\r\n@media screen and (max-width: 767px) {\r\n.vtqlr69f2b04726e1e {\r\ndisplay: block;\r\n}\r\n}\r\n<\/style>\r\n<div class=\"suaqd69f2b04726e0b\" ><!--<a href=\"https:\/\/bit.ly\/3QdrqTZ\" target=\"_blank\">\n<img src=\"https:\/\/justicapotiguar.com.br\/wp-content\/uploads\/2023\/09\/desktop-geral.gif\"\/><a\/>--><\/div><style type=\"text\/css\">\r\n.suaqd69f2b04726e0b {\r\ntext-align: center;\nmargin-bottom: 1em;\r\n}\r\n@media screen and (min-width: 1201px) {\r\n.suaqd69f2b04726e0b {\r\ndisplay: block;\r\n}\r\n}\r\n@media screen and (min-width: 993px) and (max-width: 1200px) {\r\n.suaqd69f2b04726e0b {\r\ndisplay: block;\r\n}\r\n}\r\n@media screen and (min-width: 769px) and (max-width: 992px) {\r\n.suaqd69f2b04726e0b {\r\ndisplay: block;\r\n}\r\n}\r\n@media screen and (min-width: 768px) and (max-width: 768px) {\r\n.suaqd69f2b04726e0b {\r\ndisplay: none;\r\n}\r\n}\r\n@media screen and (max-width: 767px) {\r\n.suaqd69f2b04726e0b {\r\ndisplay: none;\r\n}\r\n}\r\n<\/style>\r\n\n\n\n\n<p>Um desses casos \u00e9 um senhor, inclu\u00eddo entre os 72 que receberam os cr\u00e9ditos agora. Ele relatou emocionado ao oficial de justi\u00e7a, que lhe entregou o alvar\u00e1 de libera\u00e7\u00e3o dos recursos, sua trajet\u00f3ria de trabalho como operador de m\u00e1quinas, iniciada em 2004.<\/p>\n\n\n\n<p>Isso em condi\u00e7\u00f5es dif\u00edceis: falta de pagamento de direitos, como FGTS, e amea\u00e7as para trabalhar em feriados. Ap\u00f3s 13 anos de servi\u00e7o, foi dispensado sem receber integralmente sua rescis\u00e3o.<\/p>\n","protected":false},"excerpt":{"rendered":"<p>O Tribunal Regional do Trabalho da 21\u00aa Regi\u00e3o (TRT-RN) liberou R$ 1.092.184,84, beneficiando 72 ex-empregados da Inpasa Ind\u00fastria de Pap\u00e9is S\/A. A execu\u00e7\u00e3o est\u00e1 em andamento na Central de Apoio \u00e0 Execu\u00e7\u00e3o (CAEX) desde o ano de 2008. Os recursos s\u00e3o originados de penhoras com arremata\u00e7\u00e3o em leil\u00e3o, no valor total de R$ 6 milh\u00f5es,<br \/><a class=\"more-link\" href=\"https:\/\/justicapotiguar.com.br\/index.php\/2024\/12\/23\/trt-rn-libera-r-1-milhao-para-72-ex-empregados-da-inpasa\/\">Mais&#8230;<\/a><\/p>\n","protected":false},"author":5,"featured_media":0,"comment_status":"open","ping_status":"open","sticky":false,"template":"","format":"standard","meta":[],"categories":[1],"tags":[],"_links":{"self":[{"href":"https:\/\/justicapotiguar.com.br\/index.php\/wp-json\/wp\/v2\/posts\/40026"}],"collection":[{"href":"https:\/\/justicapotiguar.com.br\/index.php\/wp-json\/wp\/v2\/posts"}],"about":[{"href":"https:\/\/justicapotiguar.com.br\/index.php\/wp-json\/wp\/v2\/types\/post"}],"author":[{"embeddable":true,"href":"https:\/\/justicapotiguar.com.br\/index.php\/wp-json\/wp\/v2\/users\/5"}],"replies":[{"embeddable":true,"href":"https:\/\/justicapotiguar.com.br\/index.php\/wp-json\/wp\/v2\/comments?post=40026"}],"version-history":[{"count":1,"href":"https:\/\/justicapotiguar.com.br\/index.php\/wp-json\/wp\/v2\/posts\/40026\/revisions"}],"predecessor-version":[{"id":40027,"href":"https:\/\/justicapotiguar.com.br\/index.php\/wp-json\/wp\/v2\/posts\/40026\/revisions\/40027"}],"wp:attachment":[{"href":"https:\/\/justicapotiguar.com.br\/index.php\/wp-json\/wp\/v2\/media?parent=40026"}],"wp:term":[{"taxonomy":"category","embeddable":true,"href":"https:\/\/justicapotiguar.com.br\/index.php\/wp-json\/wp\/v2\/categories?post=40026"},{"taxonomy":"post_tag","embeddable":true,"href":"https:\/\/justicapotiguar.com.br\/index.php\/wp-json\/wp\/v2\/tags?post=40026"}],"curies":[{"name":"wp","href":"https:\/\/api.w.org\/{rel}","templated":true}]}}