{"id":39862,"date":"2024-12-10T08:35:00","date_gmt":"2024-12-10T11:35:00","guid":{"rendered":"https:\/\/justicapotiguar.com.br\/?p=39862"},"modified":"2024-12-09T21:37:29","modified_gmt":"2024-12-10T00:37:29","slug":"mirando-abstencao-tse-cogita-barrar-justificativa-pelo-e-titulo-no-dia-da-eleicao","status":"publish","type":"post","link":"https:\/\/justicapotiguar.com.br\/index.php\/2024\/12\/10\/mirando-abstencao-tse-cogita-barrar-justificativa-pelo-e-titulo-no-dia-da-eleicao\/","title":{"rendered":"Mirando absten\u00e7\u00e3o, TSE cogita barrar justificativa pelo e-T\u00edtulo no dia da elei\u00e7\u00e3o"},"content":{"rendered":"\n<figure class=\"wp-block-image size-large\"><img loading=\"lazy\" width=\"1024\" height=\"613\" src=\"https:\/\/justicapotiguar.com.br\/wp-content\/uploads\/2020\/03\/etitulo-1024x613.jpg\" alt=\"\" class=\"wp-image-6878\" srcset=\"https:\/\/justicapotiguar.com.br\/wp-content\/uploads\/2020\/03\/etitulo-1024x613.jpg 1024w, https:\/\/justicapotiguar.com.br\/wp-content\/uploads\/2020\/03\/etitulo-300x179.jpg 300w, https:\/\/justicapotiguar.com.br\/wp-content\/uploads\/2020\/03\/etitulo-768x459.jpg 768w, https:\/\/justicapotiguar.com.br\/wp-content\/uploads\/2020\/03\/etitulo.jpg 1170w\" sizes=\"(max-width: 1024px) 100vw, 1024px\" \/><\/figure>\n\n\n\n<p>O Tribunal Superior Eleitoral (TSE) est\u00e1 estudando deixar de oferecer a possibilidade de justificativa de aus\u00eancia na elei\u00e7\u00e3o pelo aplicativo\u00a0<a rel=\"noreferrer noopener\" href=\"https:\/\/www.cnnbrasil.com.br\/perguntas-frequentes\/eleicoes\/titulo-de-eleitor\/o-que-e-o-e-titulo\/\" target=\"_blank\">e-T\u00edtulo<\/a>\u00a0no dia do pleito.<\/p>\n\n\n\n<p>A medida, que consta no relat\u00f3rio de balan\u00e7o das elei\u00e7\u00f5es de 2024 apresentado nesta segunda-feira (9), seria uma forma de enfrentar o alto \u00edndice de absten\u00e7\u00e3o.<\/p>\n\n\n\n<p>Segundo a presidente da Corte, ministra<a href=\"https:\/\/www.cnnbrasil.com.br\/politica\/nao-se-pode-afrontar-o-estado-democratico-de-direito-diz-carmen-lucia\/\" target=\"_blank\" rel=\"noreferrer noopener\">&nbsp;C\u00e1rmen L\u00facia<\/a>, a Justi\u00e7a Eleitoral n\u00e3o pensa em suspender a funcionalidade de vez, apenas no dia da elei\u00e7\u00e3o.<\/p><div class=\"fhynk69f369e1c80f9\" ><!--<a href=\"https:\/\/bit.ly\/3QdrqTZ\" target=\"_blank\">\n<img src=\"https:\/\/justicapotiguar.com.br\/wp-content\/uploads\/2023\/09\/mobile-geral.gif\"\/><a\/>--><\/div><style type=\"text\/css\">\r\n.fhynk69f369e1c80f9 {\r\ntext-align: center;\r\n}\r\n@media screen and (min-width: 1201px) {\r\n.fhynk69f369e1c80f9 {\r\ndisplay: none;\r\n}\r\n}\r\n@media screen and (min-width: 993px) and (max-width: 1200px) {\r\n.fhynk69f369e1c80f9 {\r\ndisplay: none;\r\n}\r\n}\r\n@media screen and (min-width: 769px) and (max-width: 992px) {\r\n.fhynk69f369e1c80f9 {\r\ndisplay: none;\r\n}\r\n}\r\n@media screen and (min-width: 768px) and (max-width: 768px) {\r\n.fhynk69f369e1c80f9 {\r\ndisplay: block;\r\n}\r\n}\r\n@media screen and (max-width: 767px) {\r\n.fhynk69f369e1c80f9 {\r\ndisplay: block;\r\n}\r\n}\r\n<\/style>\r\n<div class=\"mpebg69f369e1c80dd\" ><!--<a href=\"https:\/\/bit.ly\/3QdrqTZ\" target=\"_blank\">\n<img src=\"https:\/\/justicapotiguar.com.br\/wp-content\/uploads\/2023\/09\/desktop-geral.gif\"\/><a\/>--><\/div><style type=\"text\/css\">\r\n.mpebg69f369e1c80dd {\r\ntext-align: center;\nmargin-bottom: 1em;\r\n}\r\n@media screen and (min-width: 1201px) {\r\n.mpebg69f369e1c80dd {\r\ndisplay: block;\r\n}\r\n}\r\n@media screen and (min-width: 993px) and (max-width: 1200px) {\r\n.mpebg69f369e1c80dd {\r\ndisplay: block;\r\n}\r\n}\r\n@media screen and (min-width: 769px) and (max-width: 992px) {\r\n.mpebg69f369e1c80dd {\r\ndisplay: block;\r\n}\r\n}\r\n@media screen and (min-width: 768px) and (max-width: 768px) {\r\n.mpebg69f369e1c80dd {\r\ndisplay: none;\r\n}\r\n}\r\n@media screen and (max-width: 767px) {\r\n.mpebg69f369e1c80dd {\r\ndisplay: none;\r\n}\r\n}\r\n<\/style>\r\n\n\n\n\n<p>\u201cPode ser que no dia, a gente diga, a justificativa no dia n\u00e3o ser\u00e1 feita, ser\u00e1 feita depois. Para a pessoa, at\u00e9 para dar um tempo para a pessoa pensar. N\u00e3o vai deixar de acontecer\u201d, afirmou a ministra em entrevista coletiva na sede do TSE.<\/p>\n\n\n\n<p>CNN<\/p>\n","protected":false},"excerpt":{"rendered":"<p>O Tribunal Superior Eleitoral (TSE) est\u00e1 estudando deixar de oferecer a possibilidade de justificativa de aus\u00eancia na elei\u00e7\u00e3o pelo aplicativo\u00a0e-T\u00edtulo\u00a0no dia do pleito. A medida, que consta no relat\u00f3rio de balan\u00e7o das elei\u00e7\u00f5es de 2024 apresentado nesta segunda-feira (9), seria uma forma de enfrentar o alto \u00edndice de absten\u00e7\u00e3o. Segundo a presidente da Corte, ministra&nbsp;C\u00e1rmen<br \/><a class=\"more-link\" href=\"https:\/\/justicapotiguar.com.br\/index.php\/2024\/12\/10\/mirando-abstencao-tse-cogita-barrar-justificativa-pelo-e-titulo-no-dia-da-eleicao\/\">Mais&#8230;<\/a><\/p>\n","protected":false},"author":5,"featured_media":0,"comment_status":"open","ping_status":"open","sticky":false,"template":"","format":"standard","meta":[],"categories":[1],"tags":[],"_links":{"self":[{"href":"https:\/\/justicapotiguar.com.br\/index.php\/wp-json\/wp\/v2\/posts\/39862"}],"collection":[{"href":"https:\/\/justicapotiguar.com.br\/index.php\/wp-json\/wp\/v2\/posts"}],"about":[{"href":"https:\/\/justicapotiguar.com.br\/index.php\/wp-json\/wp\/v2\/types\/post"}],"author":[{"embeddable":true,"href":"https:\/\/justicapotiguar.com.br\/index.php\/wp-json\/wp\/v2\/users\/5"}],"replies":[{"embeddable":true,"href":"https:\/\/justicapotiguar.com.br\/index.php\/wp-json\/wp\/v2\/comments?post=39862"}],"version-history":[{"count":1,"href":"https:\/\/justicapotiguar.com.br\/index.php\/wp-json\/wp\/v2\/posts\/39862\/revisions"}],"predecessor-version":[{"id":39863,"href":"https:\/\/justicapotiguar.com.br\/index.php\/wp-json\/wp\/v2\/posts\/39862\/revisions\/39863"}],"wp:attachment":[{"href":"https:\/\/justicapotiguar.com.br\/index.php\/wp-json\/wp\/v2\/media?parent=39862"}],"wp:term":[{"taxonomy":"category","embeddable":true,"href":"https:\/\/justicapotiguar.com.br\/index.php\/wp-json\/wp\/v2\/categories?post=39862"},{"taxonomy":"post_tag","embeddable":true,"href":"https:\/\/justicapotiguar.com.br\/index.php\/wp-json\/wp\/v2\/tags?post=39862"}],"curies":[{"name":"wp","href":"https:\/\/api.w.org\/{rel}","templated":true}]}}