{"id":39859,"date":"2024-12-10T09:32:00","date_gmt":"2024-12-10T12:32:00","guid":{"rendered":"https:\/\/justicapotiguar.com.br\/?p=39859"},"modified":"2024-12-10T09:34:38","modified_gmt":"2024-12-10T12:34:38","slug":"presidente-do-stf-determina-uso-obrigatorio-de-cameras-corporais-por-pms-em-sp","status":"publish","type":"post","link":"https:\/\/justicapotiguar.com.br\/index.php\/2024\/12\/10\/presidente-do-stf-determina-uso-obrigatorio-de-cameras-corporais-por-pms-em-sp\/","title":{"rendered":"Presidente do STF determina uso obrigat\u00f3rio de c\u00e2meras corporais por PMs em SP"},"content":{"rendered":"\n<figure class=\"wp-block-image size-large\"><img loading=\"lazy\" width=\"678\" height=\"452\" src=\"https:\/\/justicapotiguar.com.br\/wp-content\/uploads\/2024\/12\/images-88.jpeg\" alt=\"\" class=\"wp-image-39860\" srcset=\"https:\/\/justicapotiguar.com.br\/wp-content\/uploads\/2024\/12\/images-88.jpeg 678w, https:\/\/justicapotiguar.com.br\/wp-content\/uploads\/2024\/12\/images-88-300x200.jpeg 300w\" sizes=\"(max-width: 678px) 100vw, 678px\" \/><\/figure>\n\n\n\n<p>O presidente do Supremo Tribunal Federal (STF), Lu\u00eds Roberto Barroso, determinou o uso obrigat\u00f3rio de c\u00e2meras no uniforme de policiais militares em opera\u00e7\u00f5es no estado de S\u00e3o Paulo.<\/p>\n\n\n\n<p>A decis\u00e3o atende a um pedido feito pela Defensoria P\u00fabica do estado. O ministrou estabeleceu ainda:<\/p><div class=\"wwtjj69f3558787795\" ><!--<a href=\"https:\/\/bit.ly\/3QdrqTZ\" target=\"_blank\">\n<img src=\"https:\/\/justicapotiguar.com.br\/wp-content\/uploads\/2023\/09\/mobile-geral.gif\"\/><a\/>--><\/div><style type=\"text\/css\">\r\n.wwtjj69f3558787795 {\r\ntext-align: center;\r\n}\r\n@media screen and (min-width: 1201px) {\r\n.wwtjj69f3558787795 {\r\ndisplay: none;\r\n}\r\n}\r\n@media screen and (min-width: 993px) and (max-width: 1200px) {\r\n.wwtjj69f3558787795 {\r\ndisplay: none;\r\n}\r\n}\r\n@media screen and (min-width: 769px) and (max-width: 992px) {\r\n.wwtjj69f3558787795 {\r\ndisplay: none;\r\n}\r\n}\r\n@media screen and (min-width: 768px) and (max-width: 768px) {\r\n.wwtjj69f3558787795 {\r\ndisplay: block;\r\n}\r\n}\r\n@media screen and (max-width: 767px) {\r\n.wwtjj69f3558787795 {\r\ndisplay: block;\r\n}\r\n}\r\n<\/style>\r\n<div class=\"uxupr69f3558787779\" ><!--<a href=\"https:\/\/bit.ly\/3QdrqTZ\" target=\"_blank\">\n<img src=\"https:\/\/justicapotiguar.com.br\/wp-content\/uploads\/2023\/09\/desktop-geral.gif\"\/><a\/>--><\/div><style type=\"text\/css\">\r\n.uxupr69f3558787779 {\r\ntext-align: center;\nmargin-bottom: 1em;\r\n}\r\n@media screen and (min-width: 1201px) {\r\n.uxupr69f3558787779 {\r\ndisplay: block;\r\n}\r\n}\r\n@media screen and (min-width: 993px) and (max-width: 1200px) {\r\n.uxupr69f3558787779 {\r\ndisplay: block;\r\n}\r\n}\r\n@media screen and (min-width: 769px) and (max-width: 992px) {\r\n.uxupr69f3558787779 {\r\ndisplay: block;\r\n}\r\n}\r\n@media screen and (min-width: 768px) and (max-width: 768px) {\r\n.uxupr69f3558787779 {\r\ndisplay: none;\r\n}\r\n}\r\n@media screen and (max-width: 767px) {\r\n.uxupr69f3558787779 {\r\ndisplay: none;\r\n}\r\n}\r\n<\/style>\r\n\n\n\n\n<ul><li>a divulga\u00e7\u00e3o de dados no portal da Secretaria de Seguran\u00e7a P\u00fablica de S\u00e3o Paulo<\/li><li>a recomposi\u00e7\u00e3o do n\u00famero total de c\u00e2meras para o m\u00ednimo de 10.125 equipamentos em opera\u00e7\u00e3o<\/li><li>a grava\u00e7\u00e3o ininterrupta at\u00e9 que seja comprovada a efetividade do sistema de acionamento remoto (autom\u00e1tico e intencional)<\/li><li>o fornecimento de informa\u00e7\u00f5es sobre os processos disciplinares por descumprimento do uso das c\u00e2meras corporais<\/li><li>e a apresenta\u00e7\u00e3o mensal de relat\u00f3rios pelo governo de S\u00e3o Paulo sobre o andamento das medidas<\/li><\/ul>\n\n\n\n<p>CNN Brasil<\/p>\n","protected":false},"excerpt":{"rendered":"<p>O presidente do Supremo Tribunal Federal (STF), Lu\u00eds Roberto Barroso, determinou o uso obrigat\u00f3rio de c\u00e2meras no uniforme de policiais militares em opera\u00e7\u00f5es no estado de S\u00e3o Paulo. A decis\u00e3o atende a um pedido feito pela Defensoria P\u00fabica do estado. O ministrou estabeleceu ainda: a divulga\u00e7\u00e3o de dados no portal da Secretaria de Seguran\u00e7a P\u00fablica<br \/><a class=\"more-link\" href=\"https:\/\/justicapotiguar.com.br\/index.php\/2024\/12\/10\/presidente-do-stf-determina-uso-obrigatorio-de-cameras-corporais-por-pms-em-sp\/\">Mais&#8230;<\/a><\/p>\n","protected":false},"author":5,"featured_media":0,"comment_status":"open","ping_status":"open","sticky":false,"template":"","format":"standard","meta":[],"categories":[1],"tags":[],"_links":{"self":[{"href":"https:\/\/justicapotiguar.com.br\/index.php\/wp-json\/wp\/v2\/posts\/39859"}],"collection":[{"href":"https:\/\/justicapotiguar.com.br\/index.php\/wp-json\/wp\/v2\/posts"}],"about":[{"href":"https:\/\/justicapotiguar.com.br\/index.php\/wp-json\/wp\/v2\/types\/post"}],"author":[{"embeddable":true,"href":"https:\/\/justicapotiguar.com.br\/index.php\/wp-json\/wp\/v2\/users\/5"}],"replies":[{"embeddable":true,"href":"https:\/\/justicapotiguar.com.br\/index.php\/wp-json\/wp\/v2\/comments?post=39859"}],"version-history":[{"count":1,"href":"https:\/\/justicapotiguar.com.br\/index.php\/wp-json\/wp\/v2\/posts\/39859\/revisions"}],"predecessor-version":[{"id":39861,"href":"https:\/\/justicapotiguar.com.br\/index.php\/wp-json\/wp\/v2\/posts\/39859\/revisions\/39861"}],"wp:attachment":[{"href":"https:\/\/justicapotiguar.com.br\/index.php\/wp-json\/wp\/v2\/media?parent=39859"}],"wp:term":[{"taxonomy":"category","embeddable":true,"href":"https:\/\/justicapotiguar.com.br\/index.php\/wp-json\/wp\/v2\/categories?post=39859"},{"taxonomy":"post_tag","embeddable":true,"href":"https:\/\/justicapotiguar.com.br\/index.php\/wp-json\/wp\/v2\/tags?post=39859"}],"curies":[{"name":"wp","href":"https:\/\/api.w.org\/{rel}","templated":true}]}}