{"id":39856,"date":"2024-12-09T17:46:22","date_gmt":"2024-12-09T20:46:22","guid":{"rendered":"https:\/\/justicapotiguar.com.br\/?p=39856"},"modified":"2024-12-09T17:46:22","modified_gmt":"2024-12-09T20:46:22","slug":"tjrn-mantem-condenacao-de-homem-que-causou-acidente-grave-apos-dirigir-alcoolizado","status":"publish","type":"post","link":"https:\/\/justicapotiguar.com.br\/index.php\/2024\/12\/09\/tjrn-mantem-condenacao-de-homem-que-causou-acidente-grave-apos-dirigir-alcoolizado\/","title":{"rendered":"TJRN mant\u00e9m condena\u00e7\u00e3o de homem que causou acidente grave ap\u00f3s dirigir alcoolizado"},"content":{"rendered":"\n<p>Os desembargadores que integram a 3\u00aa C\u00e2mara C\u00edvel do Tribunal de Justi\u00e7a do Rio Grande do Norte (TJRN), \u00e0 unanimidade de votos, negaram recurso interposto por um homem acusado de provocar um acidente de tr\u00e2nsito enquanto dirigia alcoolizado. A decis\u00e3o manteve a senten\u00e7a que condenou o r\u00e9u ao pagamento de indeniza\u00e7\u00e3o a uma crian\u00e7a e uma mulher, por danos morais e reparos de danos materiais no valor de R$ 7 mil.Segundo relatado pela parte autora, em setembro de 2020, por volta das 18h, a mulher conduzia o seu ve\u00edculo, acompanhada dos filhos, quando, nas proximidades do KM 04 \u2013 BR 117, o r\u00e9u, dirigindo o seu ve\u00edculo, invadiu a contram\u00e3o da via de dire\u00e7\u00e3o e colidiu, frontalmente, com o ve\u00edculo de sua propriedade. Em raz\u00e3o do acidente, o seu filho menor de idade ficou em estado cr\u00edtico, com traumatismo craniano encef\u00e1lico grave, e a sua genitora teve trauma em seu olho direito.<\/p>\n\n\n\n<p>O homem encontrava-se sob efeito do \u00e1lcool, conforme demonstrou o Boletim de Ocorr\u00eancia, anexado aos autos.O r\u00e9u, por sua vez, de acordo com o Boletim de Ocorr\u00eancia, afirmou que os autores tiveram \u201ccondi\u00e7\u00f5es suficientes de desviarem-se do curso da colis\u00e3o, visto que o condutor trafegou na contram\u00e3o por algum intervalo de tempo em raz\u00e3o do \u2018cochilo\u2019, n\u00e3o tendo invadido a pista contr\u00e1ria por tentativa de ultrapassar simultaneamente dois carros\u201d. Afirmou, ainda, que, tendo em vista que o acidente fora causado tamb\u00e9m pela condu\u00e7\u00e3o culposa do motorista do ve\u00edculo da fam\u00edlia, inexiste o dever de indenizar.<\/p>\n\n\n\n<figure class=\"wp-block-image size-large\"><img loading=\"lazy\" width=\"680\" height=\"372\" src=\"https:\/\/justicapotiguar.com.br\/wp-content\/uploads\/2019\/11\/32FA27F6080F2BC733914BCEBA26683A3BBD_bafometro.png\" alt=\"\" class=\"wp-image-3978\" srcset=\"https:\/\/justicapotiguar.com.br\/wp-content\/uploads\/2019\/11\/32FA27F6080F2BC733914BCEBA26683A3BBD_bafometro.png 680w, https:\/\/justicapotiguar.com.br\/wp-content\/uploads\/2019\/11\/32FA27F6080F2BC733914BCEBA26683A3BBD_bafometro-300x164.png 300w\" sizes=\"(max-width: 680px) 100vw, 680px\" \/><\/figure>\n\n\n\n<p><strong>Decis\u00e3o<\/strong><\/p><div class=\"xqsak69f37da0410aa\" ><!--<a href=\"https:\/\/bit.ly\/3QdrqTZ\" target=\"_blank\">\n<img src=\"https:\/\/justicapotiguar.com.br\/wp-content\/uploads\/2023\/09\/mobile-geral.gif\"\/><a\/>--><\/div><style type=\"text\/css\">\r\n.xqsak69f37da0410aa {\r\ntext-align: center;\r\n}\r\n@media screen and (min-width: 1201px) {\r\n.xqsak69f37da0410aa {\r\ndisplay: none;\r\n}\r\n}\r\n@media screen and (min-width: 993px) and (max-width: 1200px) {\r\n.xqsak69f37da0410aa {\r\ndisplay: none;\r\n}\r\n}\r\n@media screen and (min-width: 769px) and (max-width: 992px) {\r\n.xqsak69f37da0410aa {\r\ndisplay: none;\r\n}\r\n}\r\n@media screen and (min-width: 768px) and (max-width: 768px) {\r\n.xqsak69f37da0410aa {\r\ndisplay: block;\r\n}\r\n}\r\n@media screen and (max-width: 767px) {\r\n.xqsak69f37da0410aa {\r\ndisplay: block;\r\n}\r\n}\r\n<\/style>\r\n<div class=\"lvfwt69f37da041093\" ><!--<a href=\"https:\/\/bit.ly\/3QdrqTZ\" target=\"_blank\">\n<img src=\"https:\/\/justicapotiguar.com.br\/wp-content\/uploads\/2023\/09\/desktop-geral.gif\"\/><a\/>--><\/div><style type=\"text\/css\">\r\n.lvfwt69f37da041093 {\r\ntext-align: center;\nmargin-bottom: 1em;\r\n}\r\n@media screen and (min-width: 1201px) {\r\n.lvfwt69f37da041093 {\r\ndisplay: block;\r\n}\r\n}\r\n@media screen and (min-width: 993px) and (max-width: 1200px) {\r\n.lvfwt69f37da041093 {\r\ndisplay: block;\r\n}\r\n}\r\n@media screen and (min-width: 769px) and (max-width: 992px) {\r\n.lvfwt69f37da041093 {\r\ndisplay: block;\r\n}\r\n}\r\n@media screen and (min-width: 768px) and (max-width: 768px) {\r\n.lvfwt69f37da041093 {\r\ndisplay: none;\r\n}\r\n}\r\n@media screen and (max-width: 767px) {\r\n.lvfwt69f37da041093 {\r\ndisplay: none;\r\n}\r\n}\r\n<\/style>\r\n\n\n\n\n<p>Durante a an\u00e1lise do caso, o relator do processo, o juiz convocado Eduardo Pinheiro, destacou que, em rela\u00e7\u00e3o ao argumento recursal de culpa concorrente do motorista do ve\u00edculo da fam\u00edlia no momento do acidente, o r\u00e9u n\u00e3o levou aos autos elemento de prova ou argumento capaz de promover qualquer modifica\u00e7\u00e3o na senten\u00e7a.No mesmo sentido, assinalou que o acusado n\u00e3o conseguiu refutar as v\u00e1rias informa\u00e7\u00f5es contidas nos autos de que ingeriu bebida alco\u00f3lica antes do acidente, tendo tentado, sem sucesso, se eximir da responsabilidade, admitindo que \u201cdeu um cochilo&#8221; e invadiu a contram\u00e3o no momento do acidente.Para a configura\u00e7\u00e3o da responsabilidade civil e, portanto, do dever de indenizar, o magistrado embasou-se no artigo 186 do\u00a0C\u00f3digo\u00a0Civil, ao citar a exist\u00eancia de tr\u00eas pressupostos, quais sejam: o dano, o nexo causal e, por se tratar de responsabilidade subjetiva, a culpa do agente.<\/p>\n\n\n\n<p>\u201cDa an\u00e1lise dos elementos probat\u00f3rios constantes dos autos, demonstrada a pr\u00e1tica de ato il\u00edcito de responsabilidade do r\u00e9u, bem como o nexo causal entre a conduta culposa e os danos sofridos pelos autores\u201d.No que refere-se aos danos morais alegados, o juiz convocado ressalta que n\u00e3o h\u00e1 d\u00favida de que as v\u00e1rias les\u00f5es corporais causadas a todos os ocupantes do ve\u00edculo atingido, causou sofrimentos de grande repercuss\u00e3o em toda a fam\u00edlia atingida, sobretudo diante da gravidade dos ferimentos da crian\u00e7a atingida, respons\u00e1vel por grande ang\u00fastia e preocupa\u00e7\u00e3o.\u201cEm an\u00e1lise \u00e0s provas dos autos e aos fundamentos da senten\u00e7a, verifico que os fatos apontados na peti\u00e7\u00e3o inicial, se revelaram danosos ao patrim\u00f4nio material ou imaterial dos autores. Destarte, em raz\u00e3o da repercuss\u00e3o negativa na esfera \u00edntima, psicol\u00f3gica e social da fam\u00edlia, bem como em aten\u00e7\u00e3o aos princ\u00edpios da razoabilidade e proporcionalidade, entendo que a senten\u00e7a deve ser mantida quanto \u00e0 indeniza\u00e7\u00e3o a t\u00edtulo de danos extrapatrimoniais\u201d, ressalta o relator do processo.<\/p>\n","protected":false},"excerpt":{"rendered":"<p>Os desembargadores que integram a 3\u00aa C\u00e2mara C\u00edvel do Tribunal de Justi\u00e7a do Rio Grande do Norte (TJRN), \u00e0 unanimidade de votos, negaram recurso interposto por um homem acusado de provocar um acidente de tr\u00e2nsito enquanto dirigia alcoolizado. A decis\u00e3o manteve a senten\u00e7a que condenou o r\u00e9u ao pagamento de indeniza\u00e7\u00e3o a uma crian\u00e7a e<br \/><a class=\"more-link\" href=\"https:\/\/justicapotiguar.com.br\/index.php\/2024\/12\/09\/tjrn-mantem-condenacao-de-homem-que-causou-acidente-grave-apos-dirigir-alcoolizado\/\">Mais&#8230;<\/a><\/p>\n","protected":false},"author":5,"featured_media":0,"comment_status":"open","ping_status":"open","sticky":false,"template":"","format":"standard","meta":[],"categories":[1],"tags":[],"_links":{"self":[{"href":"https:\/\/justicapotiguar.com.br\/index.php\/wp-json\/wp\/v2\/posts\/39856"}],"collection":[{"href":"https:\/\/justicapotiguar.com.br\/index.php\/wp-json\/wp\/v2\/posts"}],"about":[{"href":"https:\/\/justicapotiguar.com.br\/index.php\/wp-json\/wp\/v2\/types\/post"}],"author":[{"embeddable":true,"href":"https:\/\/justicapotiguar.com.br\/index.php\/wp-json\/wp\/v2\/users\/5"}],"replies":[{"embeddable":true,"href":"https:\/\/justicapotiguar.com.br\/index.php\/wp-json\/wp\/v2\/comments?post=39856"}],"version-history":[{"count":1,"href":"https:\/\/justicapotiguar.com.br\/index.php\/wp-json\/wp\/v2\/posts\/39856\/revisions"}],"predecessor-version":[{"id":39857,"href":"https:\/\/justicapotiguar.com.br\/index.php\/wp-json\/wp\/v2\/posts\/39856\/revisions\/39857"}],"wp:attachment":[{"href":"https:\/\/justicapotiguar.com.br\/index.php\/wp-json\/wp\/v2\/media?parent=39856"}],"wp:term":[{"taxonomy":"category","embeddable":true,"href":"https:\/\/justicapotiguar.com.br\/index.php\/wp-json\/wp\/v2\/categories?post=39856"},{"taxonomy":"post_tag","embeddable":true,"href":"https:\/\/justicapotiguar.com.br\/index.php\/wp-json\/wp\/v2\/tags?post=39856"}],"curies":[{"name":"wp","href":"https:\/\/api.w.org\/{rel}","templated":true}]}}