{"id":39854,"date":"2024-12-09T17:44:41","date_gmt":"2024-12-09T20:44:41","guid":{"rendered":"https:\/\/justicapotiguar.com.br\/?p=39854"},"modified":"2024-12-09T17:44:41","modified_gmt":"2024-12-09T20:44:41","slug":"procuracao-de-pj-nao-perde-validade-com-a-morte-do-socio-que-a-assinou","status":"publish","type":"post","link":"https:\/\/justicapotiguar.com.br\/index.php\/2024\/12\/09\/procuracao-de-pj-nao-perde-validade-com-a-morte-do-socio-que-a-assinou\/","title":{"rendered":"Procura\u00e7\u00e3o de PJ n\u00e3o perde validade com a morte do s\u00f3cio que a assinou"},"content":{"rendered":"\n<p>A procura\u00e7\u00e3o outorgada por pessoa jur\u00eddica aos seus advogados n\u00e3o perde a validade com a morte do s\u00f3cio que assinou o instrumento de mandato, uma vez que a personalidade jur\u00eddica da sociedade empres\u00e1ria \u00e9 distinta da dos seus s\u00f3cios e representantes legais.<\/p>\n\n\n\n<p><img loading=\"lazy\" width=\"300\" height=\"200\" srcset=\"https:\/\/www.conjur.com.br\/wp-content\/uploads\/2024\/06\/14867-300x200.jpg 300w, https:\/\/www.conjur.com.br\/wp-content\/uploads\/2024\/06\/14867-1082x720.jpg 1082w, https:\/\/www.conjur.com.br\/wp-content\/uploads\/2024\/06\/14867-768x511.jpg 768w, https:\/\/www.conjur.com.br\/wp-content\/uploads\/2024\/06\/14867-602x400.jpg 602w, https:\/\/www.conjur.com.br\/wp-content\/uploads\/2024\/06\/14867.jpg 1500w\" src=\"https:\/\/www.conjur.com.br\/wp-content\/uploads\/2024\/06\/14867-300x200.jpg\" alt=\"Desembargadores reconheceram nulidade de decis\u00e3o por aus\u00eancia de assinatura a rogo da parte autora\"><\/p>\n\n\n\n<p id=\"caption-attachment-799091\">Mesmo com a morte do s\u00f3cio que a assinou, a procura\u00e7\u00e3o continua v\u00e1lida<\/p>\n\n\n\n<p>Com esse entendimento, a 2\u00aa Turma do Superior Tribunal de Justi\u00e7a negou o pedido do munic\u00edpio de Blumenau (SC) para que fosse exigida a regulariza\u00e7\u00e3o da procura\u00e7\u00e3o outorgada ao advogado de uma empresa de publicidade, devido \u00e0 morte dos representantes legais da pessoa jur\u00eddica no curso de uma a\u00e7\u00e3o de execu\u00e7\u00e3o fiscal.<\/p>\n\n\n\n<p>Para o munic\u00edpio, essa situa\u00e7\u00e3o deixou a empresa sem representante legal, e a procura\u00e7\u00e3o anteriormente outorgada por ela precisaria ser regularizada, sob pena de nulidade absoluta dos atos processuais praticados pelo advogado \u2014 que estaria sem procura\u00e7\u00e3o v\u00e1lida nos autos.<\/p><div class=\"opjbn69f39006e9be6\" ><!--<a href=\"https:\/\/bit.ly\/3QdrqTZ\" target=\"_blank\">\n<img src=\"https:\/\/justicapotiguar.com.br\/wp-content\/uploads\/2023\/09\/mobile-geral.gif\"\/><a\/>--><\/div><style type=\"text\/css\">\r\n.opjbn69f39006e9be6 {\r\ntext-align: center;\r\n}\r\n@media screen and (min-width: 1201px) {\r\n.opjbn69f39006e9be6 {\r\ndisplay: none;\r\n}\r\n}\r\n@media screen and (min-width: 993px) and (max-width: 1200px) {\r\n.opjbn69f39006e9be6 {\r\ndisplay: none;\r\n}\r\n}\r\n@media screen and (min-width: 769px) and (max-width: 992px) {\r\n.opjbn69f39006e9be6 {\r\ndisplay: none;\r\n}\r\n}\r\n@media screen and (min-width: 768px) and (max-width: 768px) {\r\n.opjbn69f39006e9be6 {\r\ndisplay: block;\r\n}\r\n}\r\n@media screen and (max-width: 767px) {\r\n.opjbn69f39006e9be6 {\r\ndisplay: block;\r\n}\r\n}\r\n<\/style>\r\n<div class=\"swmdy69f39006e9bc9\" ><!--<a href=\"https:\/\/bit.ly\/3QdrqTZ\" target=\"_blank\">\n<img src=\"https:\/\/justicapotiguar.com.br\/wp-content\/uploads\/2023\/09\/desktop-geral.gif\"\/><a\/>--><\/div><style type=\"text\/css\">\r\n.swmdy69f39006e9bc9 {\r\ntext-align: center;\nmargin-bottom: 1em;\r\n}\r\n@media screen and (min-width: 1201px) {\r\n.swmdy69f39006e9bc9 {\r\ndisplay: block;\r\n}\r\n}\r\n@media screen and (min-width: 993px) and (max-width: 1200px) {\r\n.swmdy69f39006e9bc9 {\r\ndisplay: block;\r\n}\r\n}\r\n@media screen and (min-width: 769px) and (max-width: 992px) {\r\n.swmdy69f39006e9bc9 {\r\ndisplay: block;\r\n}\r\n}\r\n@media screen and (min-width: 768px) and (max-width: 768px) {\r\n.swmdy69f39006e9bc9 {\r\ndisplay: none;\r\n}\r\n}\r\n@media screen and (max-width: 767px) {\r\n.swmdy69f39006e9bc9 {\r\ndisplay: none;\r\n}\r\n}\r\n<\/style>\r\n\n\n\n\n<h2>Validade do mandato prevalece at\u00e9 a sua revoga\u00e7\u00e3o<\/h2>\n\n\n\n<p>Segundo o relator do caso no STJ, ministro Afr\u00e2nio Vilela, a jurisprud\u00eancia da corte considera que a morte da pessoa f\u00edsica que subscreveu o instrumento de procura\u00e7\u00e3o, outorgando ao advogado a&nbsp;representa\u00e7\u00e3o&nbsp;da empresa, \u201cn\u00e3o interfere na validade do mandato assinado por quem de direito no momento da pr\u00e1tica do ato civil\u201d.https:\/\/imasdk.googleapis.com\/js\/core\/bridge3.677.1_en.html#goog_161431984<\/p>\n\n\n\n<figure class=\"wp-block-image\"><img alt=\"auto skip\"\/><\/figure>\n\n\n\n<figure class=\"wp-block-embed\"><div class=\"wp-block-embed__wrapper\">\nhttps:\/\/csync-global.smartadserver.com\/3356\/CookieSync.html\n<\/div><\/figure>\n\n\n\n<p>Em seu voto, ele destacou decis\u00f5es da 4\u00aa Turma no sentido de que a morte do s\u00f3cio n\u00e3o implica automaticamente a dissolu\u00e7\u00e3o da pessoa jur\u00eddica, de modo que o mandato validamente outorgado tem sua vig\u00eancia enquanto n\u00e3o for revogado.<\/p>\n\n\n\n<p>O ministro explicou que o&nbsp;artigo 6\u00ba, par\u00e1grafo 1\u00ba, da&nbsp;<a href=\"https:\/\/www.planalto.gov.br\/ccivil_03\/decreto-lei\/del4657.htm#art6%C2%A71\" target=\"_blank\" rel=\"noreferrer noopener\">Lei de Introdu\u00e7\u00e3o \u00e0s Normas do Direito Brasileiro (LINDB)<\/a>, em conjunto com o&nbsp;artigo 682, I a IV, do&nbsp;<a href=\"https:\/\/www.planalto.gov.br\/ccivil_03\/leis\/2002\/l10406.htm#art682\" target=\"_blank\" rel=\"noreferrer noopener\">C\u00f3digo Civil<\/a>, estabelece que o neg\u00f3cio jur\u00eddico produz efeitos a partir de sua celebra\u00e7\u00e3o.<\/p>\n\n\n\n<p>\u201cSe realizado de forma v\u00e1lida no momento em que ocorreu, o mandato concedido no caso espec\u00edfico deve prevalecer at\u00e9 que ocorra sua revoga\u00e7\u00e3o, ren\u00fancia, extin\u00e7\u00e3o da pessoa jur\u00eddica ou mudan\u00e7a de estado que impe\u00e7a a atua\u00e7\u00e3o do mandat\u00e1rio\u201d, disse.&nbsp;<em>Com informa\u00e7\u00f5es da assessoria de comunica\u00e7\u00e3o do STJ.<\/em><\/p>\n\n\n\n<p><strong>Clique&nbsp;<a href=\"https:\/\/www.conjur.com.br\/wp-content\/uploads\/2024\/12\/Acordao-STJ-procuracao-socio.pdf\" target=\"_blank\" rel=\"noreferrer noopener\">aqui<\/a>&nbsp;para ler o ac\u00f3rd\u00e3o<\/strong><br><strong>REsp 1.997.964<\/strong><\/p>\n","protected":false},"excerpt":{"rendered":"<p>A procura\u00e7\u00e3o outorgada por pessoa jur\u00eddica aos seus advogados n\u00e3o perde a validade com a morte do s\u00f3cio que assinou o instrumento de mandato, uma vez que a personalidade jur\u00eddica da sociedade empres\u00e1ria \u00e9 distinta da dos seus s\u00f3cios e representantes legais. Mesmo com a morte do s\u00f3cio que a assinou, a procura\u00e7\u00e3o continua v\u00e1lida<br \/><a class=\"more-link\" href=\"https:\/\/justicapotiguar.com.br\/index.php\/2024\/12\/09\/procuracao-de-pj-nao-perde-validade-com-a-morte-do-socio-que-a-assinou\/\">Mais&#8230;<\/a><\/p>\n","protected":false},"author":5,"featured_media":0,"comment_status":"open","ping_status":"open","sticky":false,"template":"","format":"standard","meta":[],"categories":[1],"tags":[],"_links":{"self":[{"href":"https:\/\/justicapotiguar.com.br\/index.php\/wp-json\/wp\/v2\/posts\/39854"}],"collection":[{"href":"https:\/\/justicapotiguar.com.br\/index.php\/wp-json\/wp\/v2\/posts"}],"about":[{"href":"https:\/\/justicapotiguar.com.br\/index.php\/wp-json\/wp\/v2\/types\/post"}],"author":[{"embeddable":true,"href":"https:\/\/justicapotiguar.com.br\/index.php\/wp-json\/wp\/v2\/users\/5"}],"replies":[{"embeddable":true,"href":"https:\/\/justicapotiguar.com.br\/index.php\/wp-json\/wp\/v2\/comments?post=39854"}],"version-history":[{"count":1,"href":"https:\/\/justicapotiguar.com.br\/index.php\/wp-json\/wp\/v2\/posts\/39854\/revisions"}],"predecessor-version":[{"id":39855,"href":"https:\/\/justicapotiguar.com.br\/index.php\/wp-json\/wp\/v2\/posts\/39854\/revisions\/39855"}],"wp:attachment":[{"href":"https:\/\/justicapotiguar.com.br\/index.php\/wp-json\/wp\/v2\/media?parent=39854"}],"wp:term":[{"taxonomy":"category","embeddable":true,"href":"https:\/\/justicapotiguar.com.br\/index.php\/wp-json\/wp\/v2\/categories?post=39854"},{"taxonomy":"post_tag","embeddable":true,"href":"https:\/\/justicapotiguar.com.br\/index.php\/wp-json\/wp\/v2\/tags?post=39854"}],"curies":[{"name":"wp","href":"https:\/\/api.w.org\/{rel}","templated":true}]}}