{"id":39442,"date":"2024-11-12T19:06:00","date_gmt":"2024-11-12T22:06:00","guid":{"rendered":"https:\/\/justicapotiguar.com.br\/?p=39442"},"modified":"2024-11-12T19:06:00","modified_gmt":"2024-11-12T22:06:00","slug":"pesquisa-oab-rn-perfil-justica-potiguar-rejeicao-fernandes-braga-e-rossana-sao-os-mais-rejeitados","status":"publish","type":"post","link":"https:\/\/justicapotiguar.com.br\/index.php\/2024\/11\/12\/pesquisa-oab-rn-perfil-justica-potiguar-rejeicao-fernandes-braga-e-rossana-sao-os-mais-rejeitados\/","title":{"rendered":"PESQUISA OAB-RN\/ PERFIL\/ JUSTI\u00c7A POTIGUAR\/ REJEI\u00c7\u00c3O: Fernandes Braga e Rossana s\u00e3o os mais rejeitados"},"content":{"rendered":"\n<p><\/p>\n\n\n\n<p>PESQUISA OAB-RN\/ PERFIL\/ JUSTI\u00c7A POTIGUAR mediu o grau de rejei\u00e7\u00e3o dos candidatos \u00e0 OAB-RN. Fernandes Braga teve 11% de rejei\u00e7\u00e3o, Rossana 8,2% e Carlos Kelsen 7,4%. Enquanto 70,2% n\u00e3o rejeita nenhum, 2% todos e 1,2% n\u00e3o sabe.<\/p><div class=\"fmqvt69f2945fd9d4e\" ><!--<a href=\"https:\/\/bit.ly\/3QdrqTZ\" target=\"_blank\">\n<img src=\"https:\/\/justicapotiguar.com.br\/wp-content\/uploads\/2023\/09\/mobile-geral.gif\"\/><a\/>--><\/div><style type=\"text\/css\">\r\n.fmqvt69f2945fd9d4e {\r\ntext-align: center;\r\n}\r\n@media screen and (min-width: 1201px) {\r\n.fmqvt69f2945fd9d4e {\r\ndisplay: none;\r\n}\r\n}\r\n@media screen and (min-width: 993px) and (max-width: 1200px) {\r\n.fmqvt69f2945fd9d4e {\r\ndisplay: none;\r\n}\r\n}\r\n@media screen and (min-width: 769px) and (max-width: 992px) {\r\n.fmqvt69f2945fd9d4e {\r\ndisplay: none;\r\n}\r\n}\r\n@media screen and (min-width: 768px) and (max-width: 768px) {\r\n.fmqvt69f2945fd9d4e {\r\ndisplay: block;\r\n}\r\n}\r\n@media screen and (max-width: 767px) {\r\n.fmqvt69f2945fd9d4e {\r\ndisplay: block;\r\n}\r\n}\r\n<\/style>\r\n<div class=\"xvqbq69f2945fd9d2f\" ><!--<a href=\"https:\/\/bit.ly\/3QdrqTZ\" target=\"_blank\">\n<img src=\"https:\/\/justicapotiguar.com.br\/wp-content\/uploads\/2023\/09\/desktop-geral.gif\"\/><a\/>--><\/div><style type=\"text\/css\">\r\n.xvqbq69f2945fd9d2f {\r\ntext-align: center;\nmargin-bottom: 1em;\r\n}\r\n@media screen and (min-width: 1201px) {\r\n.xvqbq69f2945fd9d2f {\r\ndisplay: block;\r\n}\r\n}\r\n@media screen and (min-width: 993px) and (max-width: 1200px) {\r\n.xvqbq69f2945fd9d2f {\r\ndisplay: block;\r\n}\r\n}\r\n@media screen and (min-width: 769px) and (max-width: 992px) {\r\n.xvqbq69f2945fd9d2f {\r\ndisplay: block;\r\n}\r\n}\r\n@media screen and (min-width: 768px) and (max-width: 768px) {\r\n.xvqbq69f2945fd9d2f {\r\ndisplay: none;\r\n}\r\n}\r\n@media screen and (max-width: 767px) {\r\n.xvqbq69f2945fd9d2f {\r\ndisplay: none;\r\n}\r\n}\r\n<\/style>\r\n\n\n\n\n<figure class=\"wp-block-image size-large\"><img loading=\"lazy\" width=\"1024\" height=\"537\" src=\"https:\/\/justicapotiguar.com.br\/wp-content\/uploads\/2024\/11\/Captura-de-tela-2024-11-12-190542-1024x537.png\" alt=\"\" class=\"wp-image-39443\" srcset=\"https:\/\/justicapotiguar.com.br\/wp-content\/uploads\/2024\/11\/Captura-de-tela-2024-11-12-190542-1024x537.png 1024w, https:\/\/justicapotiguar.com.br\/wp-content\/uploads\/2024\/11\/Captura-de-tela-2024-11-12-190542-300x157.png 300w, https:\/\/justicapotiguar.com.br\/wp-content\/uploads\/2024\/11\/Captura-de-tela-2024-11-12-190542-768x403.png 768w, https:\/\/justicapotiguar.com.br\/wp-content\/uploads\/2024\/11\/Captura-de-tela-2024-11-12-190542.png 1079w\" sizes=\"(max-width: 1024px) 100vw, 1024px\" \/><\/figure>\n\n\n\n<p>A pesquisa foi realizada de 5 a 8 de novembro, com 500 advogados entrevistados por telefone de diversas regi\u00f5es do estado. A margem de erro \u00e9 de 4,33% e a confiabilidade de 95%<\/p>\n","protected":false},"excerpt":{"rendered":"<p>PESQUISA OAB-RN\/ PERFIL\/ JUSTI\u00c7A POTIGUAR mediu o grau de rejei\u00e7\u00e3o dos candidatos \u00e0 OAB-RN. Fernandes Braga teve 11% de rejei\u00e7\u00e3o, Rossana 8,2% e Carlos Kelsen 7,4%. Enquanto 70,2% n\u00e3o rejeita nenhum, 2% todos e 1,2% n\u00e3o sabe. A pesquisa foi realizada de 5 a 8 de novembro, com 500 advogados entrevistados por telefone de diversas<br \/><a class=\"more-link\" href=\"https:\/\/justicapotiguar.com.br\/index.php\/2024\/11\/12\/pesquisa-oab-rn-perfil-justica-potiguar-rejeicao-fernandes-braga-e-rossana-sao-os-mais-rejeitados\/\">Mais&#8230;<\/a><\/p>\n","protected":false},"author":5,"featured_media":0,"comment_status":"open","ping_status":"open","sticky":false,"template":"","format":"standard","meta":[],"categories":[1],"tags":[],"_links":{"self":[{"href":"https:\/\/justicapotiguar.com.br\/index.php\/wp-json\/wp\/v2\/posts\/39442"}],"collection":[{"href":"https:\/\/justicapotiguar.com.br\/index.php\/wp-json\/wp\/v2\/posts"}],"about":[{"href":"https:\/\/justicapotiguar.com.br\/index.php\/wp-json\/wp\/v2\/types\/post"}],"author":[{"embeddable":true,"href":"https:\/\/justicapotiguar.com.br\/index.php\/wp-json\/wp\/v2\/users\/5"}],"replies":[{"embeddable":true,"href":"https:\/\/justicapotiguar.com.br\/index.php\/wp-json\/wp\/v2\/comments?post=39442"}],"version-history":[{"count":1,"href":"https:\/\/justicapotiguar.com.br\/index.php\/wp-json\/wp\/v2\/posts\/39442\/revisions"}],"predecessor-version":[{"id":39444,"href":"https:\/\/justicapotiguar.com.br\/index.php\/wp-json\/wp\/v2\/posts\/39442\/revisions\/39444"}],"wp:attachment":[{"href":"https:\/\/justicapotiguar.com.br\/index.php\/wp-json\/wp\/v2\/media?parent=39442"}],"wp:term":[{"taxonomy":"category","embeddable":true,"href":"https:\/\/justicapotiguar.com.br\/index.php\/wp-json\/wp\/v2\/categories?post=39442"},{"taxonomy":"post_tag","embeddable":true,"href":"https:\/\/justicapotiguar.com.br\/index.php\/wp-json\/wp\/v2\/tags?post=39442"}],"curies":[{"name":"wp","href":"https:\/\/api.w.org\/{rel}","templated":true}]}}