{"id":39401,"date":"2024-11-11T11:15:12","date_gmt":"2024-11-11T14:15:12","guid":{"rendered":"https:\/\/justicapotiguar.com.br\/?p=39401"},"modified":"2024-11-11T11:15:12","modified_gmt":"2024-11-11T14:15:12","slug":"mprn-promove-acao-para-reconhecimento-de-paternidade-em-serra-do-mel","status":"publish","type":"post","link":"https:\/\/justicapotiguar.com.br\/index.php\/2024\/11\/11\/mprn-promove-acao-para-reconhecimento-de-paternidade-em-serra-do-mel\/","title":{"rendered":"MPRN promove a\u00e7\u00e3o para reconhecimento de paternidade em Serra do Mel"},"content":{"rendered":"\n<figure class=\"wp-block-image size-large\"><img loading=\"lazy\" width=\"768\" height=\"768\" src=\"https:\/\/justicapotiguar.com.br\/wp-content\/uploads\/2024\/11\/17313344658397722335760562444409.jpg\" alt=\"\" class=\"wp-image-39402\" srcset=\"https:\/\/justicapotiguar.com.br\/wp-content\/uploads\/2024\/11\/17313344658397722335760562444409.jpg 768w, https:\/\/justicapotiguar.com.br\/wp-content\/uploads\/2024\/11\/17313344658397722335760562444409-300x300.jpg 300w, https:\/\/justicapotiguar.com.br\/wp-content\/uploads\/2024\/11\/17313344658397722335760562444409-150x150.jpg 150w\" sizes=\"(max-width: 768px) 100vw, 768px\" \/><\/figure>\n\n\n\n<p>O Minist\u00e9rio P\u00fablico do Rio Grande do Norte(MPRN), por meio da 18\u00aa Promotoria de Justi\u00e7a de Mossor\u00f3, realizar\u00e1 nesta ter\u00e7a-feira (12), atendimento ao p\u00fablico na cidade de Serra do Mel. A a\u00e7\u00e3o faz parte do projeto \u201cPai Legal\u201d e visa o reconhecimento da paternidade biol\u00f3gica e socioafetiva, como direito da crian\u00e7a e do adolescente.<\/p>\n\n\n\n<p>O atendimento ocorrer\u00e1 na C\u00e2mara Municipal de Serra do Mel, a partir das 8h30.<\/p><div class=\"cvolz69f357ff9eda2\" ><!--<a href=\"https:\/\/bit.ly\/3QdrqTZ\" target=\"_blank\">\n<img src=\"https:\/\/justicapotiguar.com.br\/wp-content\/uploads\/2023\/09\/mobile-geral.gif\"\/><a\/>--><\/div><style type=\"text\/css\">\r\n.cvolz69f357ff9eda2 {\r\ntext-align: center;\r\n}\r\n@media screen and (min-width: 1201px) {\r\n.cvolz69f357ff9eda2 {\r\ndisplay: none;\r\n}\r\n}\r\n@media screen and (min-width: 993px) and (max-width: 1200px) {\r\n.cvolz69f357ff9eda2 {\r\ndisplay: none;\r\n}\r\n}\r\n@media screen and (min-width: 769px) and (max-width: 992px) {\r\n.cvolz69f357ff9eda2 {\r\ndisplay: none;\r\n}\r\n}\r\n@media screen and (min-width: 768px) and (max-width: 768px) {\r\n.cvolz69f357ff9eda2 {\r\ndisplay: block;\r\n}\r\n}\r\n@media screen and (max-width: 767px) {\r\n.cvolz69f357ff9eda2 {\r\ndisplay: block;\r\n}\r\n}\r\n<\/style>\r\n<div class=\"yicea69f357ff9ed83\" ><!--<a href=\"https:\/\/bit.ly\/3QdrqTZ\" target=\"_blank\">\n<img src=\"https:\/\/justicapotiguar.com.br\/wp-content\/uploads\/2023\/09\/desktop-geral.gif\"\/><a\/>--><\/div><style type=\"text\/css\">\r\n.yicea69f357ff9ed83 {\r\ntext-align: center;\nmargin-bottom: 1em;\r\n}\r\n@media screen and (min-width: 1201px) {\r\n.yicea69f357ff9ed83 {\r\ndisplay: block;\r\n}\r\n}\r\n@media screen and (min-width: 993px) and (max-width: 1200px) {\r\n.yicea69f357ff9ed83 {\r\ndisplay: block;\r\n}\r\n}\r\n@media screen and (min-width: 769px) and (max-width: 992px) {\r\n.yicea69f357ff9ed83 {\r\ndisplay: block;\r\n}\r\n}\r\n@media screen and (min-width: 768px) and (max-width: 768px) {\r\n.yicea69f357ff9ed83 {\r\ndisplay: none;\r\n}\r\n}\r\n@media screen and (max-width: 767px) {\r\n.yicea69f357ff9ed83 {\r\ndisplay: none;\r\n}\r\n}\r\n<\/style>\r\n\n\n\n\n<p>Durante a a\u00e7\u00e3o, ser\u00e3o oferecidos os servi\u00e7os de reconhecimento espont\u00e2neo de paternidade; reconhecimento socioafetivo de maternidade e\/ou paternidade; realiza\u00e7\u00e3o de exames de DNA; e A\u00e7\u00e3o de Investiga\u00e7\u00e3o de Paternidade.<br><br>Nos casos em que j\u00e1 for poss\u00edvel resolver a quest\u00e3o, ser\u00e1 entregue a Certid\u00e3o de Nascimento com a paternidade j\u00e1 averbada.<\/p>\n\n\n\n<p>O Projeto Pai Legal \u00e9 uma iniciativa do MPRN, por meio das Promotorias de Fam\u00edlia de Mossor\u00f3.<\/p>\n","protected":false},"excerpt":{"rendered":"<p>O Minist\u00e9rio P\u00fablico do Rio Grande do Norte(MPRN), por meio da 18\u00aa Promotoria de Justi\u00e7a de Mossor\u00f3, realizar\u00e1 nesta ter\u00e7a-feira (12), atendimento ao p\u00fablico na cidade de Serra do Mel. A a\u00e7\u00e3o faz parte do projeto \u201cPai Legal\u201d e visa o reconhecimento da paternidade biol\u00f3gica e socioafetiva, como direito da crian\u00e7a e do adolescente. O<br \/><a class=\"more-link\" href=\"https:\/\/justicapotiguar.com.br\/index.php\/2024\/11\/11\/mprn-promove-acao-para-reconhecimento-de-paternidade-em-serra-do-mel\/\">Mais&#8230;<\/a><\/p>\n","protected":false},"author":5,"featured_media":0,"comment_status":"open","ping_status":"open","sticky":false,"template":"","format":"standard","meta":[],"categories":[1],"tags":[],"_links":{"self":[{"href":"https:\/\/justicapotiguar.com.br\/index.php\/wp-json\/wp\/v2\/posts\/39401"}],"collection":[{"href":"https:\/\/justicapotiguar.com.br\/index.php\/wp-json\/wp\/v2\/posts"}],"about":[{"href":"https:\/\/justicapotiguar.com.br\/index.php\/wp-json\/wp\/v2\/types\/post"}],"author":[{"embeddable":true,"href":"https:\/\/justicapotiguar.com.br\/index.php\/wp-json\/wp\/v2\/users\/5"}],"replies":[{"embeddable":true,"href":"https:\/\/justicapotiguar.com.br\/index.php\/wp-json\/wp\/v2\/comments?post=39401"}],"version-history":[{"count":1,"href":"https:\/\/justicapotiguar.com.br\/index.php\/wp-json\/wp\/v2\/posts\/39401\/revisions"}],"predecessor-version":[{"id":39403,"href":"https:\/\/justicapotiguar.com.br\/index.php\/wp-json\/wp\/v2\/posts\/39401\/revisions\/39403"}],"wp:attachment":[{"href":"https:\/\/justicapotiguar.com.br\/index.php\/wp-json\/wp\/v2\/media?parent=39401"}],"wp:term":[{"taxonomy":"category","embeddable":true,"href":"https:\/\/justicapotiguar.com.br\/index.php\/wp-json\/wp\/v2\/categories?post=39401"},{"taxonomy":"post_tag","embeddable":true,"href":"https:\/\/justicapotiguar.com.br\/index.php\/wp-json\/wp\/v2\/tags?post=39401"}],"curies":[{"name":"wp","href":"https:\/\/api.w.org\/{rel}","templated":true}]}}