{"id":39331,"date":"2024-11-06T10:00:59","date_gmt":"2024-11-06T13:00:59","guid":{"rendered":"https:\/\/justicapotiguar.com.br\/?p=39331"},"modified":"2024-11-06T10:00:59","modified_gmt":"2024-11-06T13:00:59","slug":"desembargador-ibanez-monteiro-e-eleito-presidente-do-tjrn","status":"publish","type":"post","link":"https:\/\/justicapotiguar.com.br\/index.php\/2024\/11\/06\/desembargador-ibanez-monteiro-e-eleito-presidente-do-tjrn\/","title":{"rendered":"Desembargador Ibanez Monteiro \u00e9 eleito presidente do TJRN"},"content":{"rendered":"\n<p>O desembargador Ibanez Monteiro foi eleito para a presid\u00eancia do Tribunal de Justi\u00e7a do Rio Grande do Norte (TJRN). A elei\u00e7\u00e3o aconteceu durante a sess\u00e3o do Pleno da Corte realizada nesta quarta-feira (6).<\/p>\n\n\n\n<figure class=\"wp-block-image size-large\"><img loading=\"lazy\" width=\"487\" height=\"630\" src=\"https:\/\/justicapotiguar.com.br\/wp-content\/uploads\/2024\/11\/images-80.jpeg\" alt=\"\" class=\"wp-image-39333\" srcset=\"https:\/\/justicapotiguar.com.br\/wp-content\/uploads\/2024\/11\/images-80.jpeg 487w, https:\/\/justicapotiguar.com.br\/wp-content\/uploads\/2024\/11\/images-80-232x300.jpeg 232w\" sizes=\"(max-width: 487px) 100vw, 487px\" \/><\/figure>\n\n\n\n<p>Ele vai assumir para presidir o Tribunal no bi\u00eanio 2025-2026. \u201cAlguns colegas manifestaram sua inten\u00e7\u00e3o de concorrer \u00e0 presid\u00eancia\u201d, comentou o presidente atual da Corte, desembargador Amilcar Maia.<\/p>\n\n\n\n<p>Ibanez, que est\u00e1 no Tribunal de Justi\u00e7a desde 2013, foi eleito \u00e0 unanimidade pelos colegas do Tribunal e assume o mandato a partir de janeiro de 2025. A vice-presid\u00eancia ser\u00e1 da desembargadora Berenice Capuxu.<\/p><div class=\"ztsab69f38f0abb818\" ><!--<a href=\"https:\/\/bit.ly\/3QdrqTZ\" target=\"_blank\">\n<img src=\"https:\/\/justicapotiguar.com.br\/wp-content\/uploads\/2023\/09\/mobile-geral.gif\"\/><a\/>--><\/div><style type=\"text\/css\">\r\n.ztsab69f38f0abb818 {\r\ntext-align: center;\r\n}\r\n@media screen and (min-width: 1201px) {\r\n.ztsab69f38f0abb818 {\r\ndisplay: none;\r\n}\r\n}\r\n@media screen and (min-width: 993px) and (max-width: 1200px) {\r\n.ztsab69f38f0abb818 {\r\ndisplay: none;\r\n}\r\n}\r\n@media screen and (min-width: 769px) and (max-width: 992px) {\r\n.ztsab69f38f0abb818 {\r\ndisplay: none;\r\n}\r\n}\r\n@media screen and (min-width: 768px) and (max-width: 768px) {\r\n.ztsab69f38f0abb818 {\r\ndisplay: block;\r\n}\r\n}\r\n@media screen and (max-width: 767px) {\r\n.ztsab69f38f0abb818 {\r\ndisplay: block;\r\n}\r\n}\r\n<\/style>\r\n<div class=\"lxzgx69f38f0abb802\" ><!--<a href=\"https:\/\/bit.ly\/3QdrqTZ\" target=\"_blank\">\n<img src=\"https:\/\/justicapotiguar.com.br\/wp-content\/uploads\/2023\/09\/desktop-geral.gif\"\/><a\/>--><\/div><style type=\"text\/css\">\r\n.lxzgx69f38f0abb802 {\r\ntext-align: center;\nmargin-bottom: 1em;\r\n}\r\n@media screen and (min-width: 1201px) {\r\n.lxzgx69f38f0abb802 {\r\ndisplay: block;\r\n}\r\n}\r\n@media screen and (min-width: 993px) and (max-width: 1200px) {\r\n.lxzgx69f38f0abb802 {\r\ndisplay: block;\r\n}\r\n}\r\n@media screen and (min-width: 769px) and (max-width: 992px) {\r\n.lxzgx69f38f0abb802 {\r\ndisplay: block;\r\n}\r\n}\r\n@media screen and (min-width: 768px) and (max-width: 768px) {\r\n.lxzgx69f38f0abb802 {\r\ndisplay: none;\r\n}\r\n}\r\n@media screen and (max-width: 767px) {\r\n.lxzgx69f38f0abb802 {\r\ndisplay: none;\r\n}\r\n}\r\n<\/style>\r\n\n\n\n\n<p>A Corregedoria-geral ser\u00e1 ocupada pela desembargadora Sandra Elali. O ouvidor-geral ser\u00e1 o desembargador Saraiva Sobrinho. J\u00e1 a Escola de Magistratura vai ser ocupada pelo desembargador Amilcar Maia.<\/p>\n\n\n\n<p>Tribuna do Norte<\/p>\n","protected":false},"excerpt":{"rendered":"<p>O desembargador Ibanez Monteiro foi eleito para a presid\u00eancia do Tribunal de Justi\u00e7a do Rio Grande do Norte (TJRN). A elei\u00e7\u00e3o aconteceu durante a sess\u00e3o do Pleno da Corte realizada nesta quarta-feira (6). Ele vai assumir para presidir o Tribunal no bi\u00eanio 2025-2026. \u201cAlguns colegas manifestaram sua inten\u00e7\u00e3o de concorrer \u00e0 presid\u00eancia\u201d, comentou o presidente<br \/><a class=\"more-link\" href=\"https:\/\/justicapotiguar.com.br\/index.php\/2024\/11\/06\/desembargador-ibanez-monteiro-e-eleito-presidente-do-tjrn\/\">Mais&#8230;<\/a><\/p>\n","protected":false},"author":5,"featured_media":0,"comment_status":"open","ping_status":"open","sticky":false,"template":"","format":"standard","meta":[],"categories":[1],"tags":[],"_links":{"self":[{"href":"https:\/\/justicapotiguar.com.br\/index.php\/wp-json\/wp\/v2\/posts\/39331"}],"collection":[{"href":"https:\/\/justicapotiguar.com.br\/index.php\/wp-json\/wp\/v2\/posts"}],"about":[{"href":"https:\/\/justicapotiguar.com.br\/index.php\/wp-json\/wp\/v2\/types\/post"}],"author":[{"embeddable":true,"href":"https:\/\/justicapotiguar.com.br\/index.php\/wp-json\/wp\/v2\/users\/5"}],"replies":[{"embeddable":true,"href":"https:\/\/justicapotiguar.com.br\/index.php\/wp-json\/wp\/v2\/comments?post=39331"}],"version-history":[{"count":1,"href":"https:\/\/justicapotiguar.com.br\/index.php\/wp-json\/wp\/v2\/posts\/39331\/revisions"}],"predecessor-version":[{"id":39334,"href":"https:\/\/justicapotiguar.com.br\/index.php\/wp-json\/wp\/v2\/posts\/39331\/revisions\/39334"}],"wp:attachment":[{"href":"https:\/\/justicapotiguar.com.br\/index.php\/wp-json\/wp\/v2\/media?parent=39331"}],"wp:term":[{"taxonomy":"category","embeddable":true,"href":"https:\/\/justicapotiguar.com.br\/index.php\/wp-json\/wp\/v2\/categories?post=39331"},{"taxonomy":"post_tag","embeddable":true,"href":"https:\/\/justicapotiguar.com.br\/index.php\/wp-json\/wp\/v2\/tags?post=39331"}],"curies":[{"name":"wp","href":"https:\/\/api.w.org\/{rel}","templated":true}]}}