{"id":39319,"date":"2024-11-06T09:42:46","date_gmt":"2024-11-06T12:42:46","guid":{"rendered":"https:\/\/justicapotiguar.com.br\/?p=39319"},"modified":"2024-11-06T08:05:33","modified_gmt":"2024-11-06T11:05:33","slug":"negada-acao-que-questionava-legalidade-de-doacao-de-terreno-publico-para-igreja-evangelica-em-parnamirim","status":"publish","type":"post","link":"https:\/\/justicapotiguar.com.br\/index.php\/2024\/11\/06\/negada-acao-que-questionava-legalidade-de-doacao-de-terreno-publico-para-igreja-evangelica-em-parnamirim\/","title":{"rendered":"Negada a\u00e7\u00e3o que questionava legalidade de doa\u00e7\u00e3o de terreno p\u00fablico para igreja evang\u00e9lica em Parnamirim"},"content":{"rendered":"\n<p>A 1\u00aa C\u00e2mara C\u00edvel do Tribunal de Justi\u00e7a, \u00e0 unanimidade de votos, negou recurso e manteve senten\u00e7a da Vara da Fazenda P\u00fablica da\u00a0Comarca\u00a0de Parnamirim que rejeitou a\u00e7\u00e3o de improbidade administrativa ajuizada pelo\u00a0Minist\u00e9rio P\u00fablico\u00a0Estadual contra um grupo de vereadores daquele munic\u00edpio em que se questiona a doa\u00e7\u00e3o de um terreno para a Igreja Evang\u00e9lica Assembleia de Deus.No recurso, o MP defende que os r\u00e9us, vereadores \u00e0 \u00e9poca, aprovaram a doa\u00e7\u00e3o de um terreno p\u00fablico \u00e0 Igreja Evang\u00e9lica Assembleia de Deus de forma irregular, atrav\u00e9s da\u00a0Lei\u00a0Municipal n\u00ba 1007\/99 e do Decreto n\u00ba 4.326\/99. <\/p>\n\n\n\n<figure class=\"wp-block-image size-large\"><img loading=\"lazy\" width=\"640\" height=\"450\" src=\"https:\/\/justicapotiguar.com.br\/wp-content\/uploads\/2022\/07\/igrejas-historicas-voto-de-cajado.jpg\" alt=\"\" class=\"wp-image-27375\" srcset=\"https:\/\/justicapotiguar.com.br\/wp-content\/uploads\/2022\/07\/igrejas-historicas-voto-de-cajado.jpg 640w, https:\/\/justicapotiguar.com.br\/wp-content\/uploads\/2022\/07\/igrejas-historicas-voto-de-cajado-300x211.jpg 300w\" sizes=\"(max-width: 640px) 100vw, 640px\" \/><\/figure>\n\n\n\n<p>O\u00a0Minist\u00e9rio P\u00fablico\u00a0argumenta que essa doa\u00e7\u00e3o n\u00e3o seguiu os preceitos legais, afrontando princ\u00edpios como legalidade, moralidade e impessoalidade, bem como que n\u00e3o seguiu os requisitos da\u00a0Lei\u00a0n\u00ba 8.666\/93.Argumentou tamb\u00e9m que a justificativa apresentada para a doa\u00e7\u00e3o, baseada em \u201cinteresse p\u00fablico&#8221; e no \u201ctrabalho espiritual\u201d da igreja, \u00e9 considerada gen\u00e9rica e insuficiente para comprovar a real necessidade da doa\u00e7\u00e3o, abrindo margem para questionamentos sobre a constitucionalidade da medida e poss\u00edvel favorecimento religioso.<\/p><div class=\"mqghu69f3a65404df8\" ><!--<a href=\"https:\/\/bit.ly\/3QdrqTZ\" target=\"_blank\">\n<img src=\"https:\/\/justicapotiguar.com.br\/wp-content\/uploads\/2023\/09\/mobile-geral.gif\"\/><a\/>--><\/div><style type=\"text\/css\">\r\n.mqghu69f3a65404df8 {\r\ntext-align: center;\r\n}\r\n@media screen and (min-width: 1201px) {\r\n.mqghu69f3a65404df8 {\r\ndisplay: none;\r\n}\r\n}\r\n@media screen and (min-width: 993px) and (max-width: 1200px) {\r\n.mqghu69f3a65404df8 {\r\ndisplay: none;\r\n}\r\n}\r\n@media screen and (min-width: 769px) and (max-width: 992px) {\r\n.mqghu69f3a65404df8 {\r\ndisplay: none;\r\n}\r\n}\r\n@media screen and (min-width: 768px) and (max-width: 768px) {\r\n.mqghu69f3a65404df8 {\r\ndisplay: block;\r\n}\r\n}\r\n@media screen and (max-width: 767px) {\r\n.mqghu69f3a65404df8 {\r\ndisplay: block;\r\n}\r\n}\r\n<\/style>\r\n<div class=\"dgfhy69f3a65404ddc\" ><!--<a href=\"https:\/\/bit.ly\/3QdrqTZ\" target=\"_blank\">\n<img src=\"https:\/\/justicapotiguar.com.br\/wp-content\/uploads\/2023\/09\/desktop-geral.gif\"\/><a\/>--><\/div><style type=\"text\/css\">\r\n.dgfhy69f3a65404ddc {\r\ntext-align: center;\nmargin-bottom: 1em;\r\n}\r\n@media screen and (min-width: 1201px) {\r\n.dgfhy69f3a65404ddc {\r\ndisplay: block;\r\n}\r\n}\r\n@media screen and (min-width: 993px) and (max-width: 1200px) {\r\n.dgfhy69f3a65404ddc {\r\ndisplay: block;\r\n}\r\n}\r\n@media screen and (min-width: 769px) and (max-width: 992px) {\r\n.dgfhy69f3a65404ddc {\r\ndisplay: block;\r\n}\r\n}\r\n@media screen and (min-width: 768px) and (max-width: 768px) {\r\n.dgfhy69f3a65404ddc {\r\ndisplay: none;\r\n}\r\n}\r\n@media screen and (max-width: 767px) {\r\n.dgfhy69f3a65404ddc {\r\ndisplay: none;\r\n}\r\n}\r\n<\/style>\r\n\n\n\n\n<p>A despeito de poss\u00edveis irregularidades formais, para o relator do recurso, desembargador Corn\u00e9lio Alves, a doa\u00e7\u00e3o respeitou a necessidade de lei autorizativa, justificada no interesse social da comunidade. Explicou que a\u00a0Constitui\u00e7\u00e3o\u00a0Federal proibi expressamente que os entes p\u00fablicos federados estabele\u00e7am cultos religiosos, mas n\u00e3o impede a colabora\u00e7\u00e3o de interesse p\u00fablico, conforme o art. 19, I, da CF.Assim, concordando com a magistrada de primeiro grau, considerou n\u00e3o ser poss\u00edvel identificar, na a\u00e7\u00e3o dos r\u00e9us de doar o im\u00f3vel p\u00fablico \u00e0 entidade religiosa, a vontade livre e consciente de lesionar os cofres p\u00fablicos.\u201cAo rev\u00e9s, sua conduta destinou-se a promover unicamente o interesse da sociedade local, o que foi perfectibilizado atrav\u00e9s da\u00a0Lei\u00a0Municipal n\u00ba 1007\/99 e do Decreto n\u00ba 4.326\/99. \u00c9 dizer que, ainda que o Parquet discorde da justificativa externada e que, porventura, existam v\u00edcios no procedimento da doa\u00e7\u00e3o, ocorreu autoriza\u00e7\u00e3o legislativa, mediante voto dos parlamentares que, ao decidirem acerca do projeto de lei, entenderam haver o correspondente interesse p\u00fablico para o ato de doa\u00e7\u00e3o\u201d, anotou.<\/p>\n","protected":false},"excerpt":{"rendered":"<p>A 1\u00aa C\u00e2mara C\u00edvel do Tribunal de Justi\u00e7a, \u00e0 unanimidade de votos, negou recurso e manteve senten\u00e7a da Vara da Fazenda P\u00fablica da\u00a0Comarca\u00a0de Parnamirim que rejeitou a\u00e7\u00e3o de improbidade administrativa ajuizada pelo\u00a0Minist\u00e9rio P\u00fablico\u00a0Estadual contra um grupo de vereadores daquele munic\u00edpio em que se questiona a doa\u00e7\u00e3o de um terreno para a Igreja Evang\u00e9lica Assembleia de<br \/><a class=\"more-link\" href=\"https:\/\/justicapotiguar.com.br\/index.php\/2024\/11\/06\/negada-acao-que-questionava-legalidade-de-doacao-de-terreno-publico-para-igreja-evangelica-em-parnamirim\/\">Mais&#8230;<\/a><\/p>\n","protected":false},"author":5,"featured_media":0,"comment_status":"open","ping_status":"open","sticky":false,"template":"","format":"standard","meta":[],"categories":[1],"tags":[],"_links":{"self":[{"href":"https:\/\/justicapotiguar.com.br\/index.php\/wp-json\/wp\/v2\/posts\/39319"}],"collection":[{"href":"https:\/\/justicapotiguar.com.br\/index.php\/wp-json\/wp\/v2\/posts"}],"about":[{"href":"https:\/\/justicapotiguar.com.br\/index.php\/wp-json\/wp\/v2\/types\/post"}],"author":[{"embeddable":true,"href":"https:\/\/justicapotiguar.com.br\/index.php\/wp-json\/wp\/v2\/users\/5"}],"replies":[{"embeddable":true,"href":"https:\/\/justicapotiguar.com.br\/index.php\/wp-json\/wp\/v2\/comments?post=39319"}],"version-history":[{"count":1,"href":"https:\/\/justicapotiguar.com.br\/index.php\/wp-json\/wp\/v2\/posts\/39319\/revisions"}],"predecessor-version":[{"id":39320,"href":"https:\/\/justicapotiguar.com.br\/index.php\/wp-json\/wp\/v2\/posts\/39319\/revisions\/39320"}],"wp:attachment":[{"href":"https:\/\/justicapotiguar.com.br\/index.php\/wp-json\/wp\/v2\/media?parent=39319"}],"wp:term":[{"taxonomy":"category","embeddable":true,"href":"https:\/\/justicapotiguar.com.br\/index.php\/wp-json\/wp\/v2\/categories?post=39319"},{"taxonomy":"post_tag","embeddable":true,"href":"https:\/\/justicapotiguar.com.br\/index.php\/wp-json\/wp\/v2\/tags?post=39319"}],"curies":[{"name":"wp","href":"https:\/\/api.w.org\/{rel}","templated":true}]}}