{"id":39132,"date":"2024-10-24T11:57:20","date_gmt":"2024-10-24T14:57:20","guid":{"rendered":"https:\/\/justicapotiguar.com.br\/?p=39132"},"modified":"2024-10-24T11:57:20","modified_gmt":"2024-10-24T14:57:20","slug":"vara-do-trabalho-determina-que-prefeitura-de-natal-nao-pratique-assedio-eleitoral","status":"publish","type":"post","link":"https:\/\/justicapotiguar.com.br\/index.php\/2024\/10\/24\/vara-do-trabalho-determina-que-prefeitura-de-natal-nao-pratique-assedio-eleitoral\/","title":{"rendered":"Vara do Trabalho determina que Prefeitura de Natal n\u00e3o pratique ass\u00e9dio eleitoral"},"content":{"rendered":"\n<p>A 10\u00aa Vara do Trabalho de Natal deferiu pedido de liminar feito pelo Minist\u00e9rio P\u00fablico do Trabalho do Rio Grande do Norte (MPT-RN) em a\u00e7\u00e3o que requer que a Prefeitura de Natal se abstenha da pr\u00e1tica de ass\u00e9dio eleitoral.<\/p>\n\n\n\n<figure class=\"wp-block-image size-large\"><img loading=\"lazy\" width=\"450\" height=\"337\" src=\"https:\/\/justicapotiguar.com.br\/wp-content\/uploads\/2021\/01\/tse-tribunal-superior-eleitoralurna-eletronica-1606684350751_v2_450x337.jpg\" alt=\"\" class=\"wp-image-15743\" srcset=\"https:\/\/justicapotiguar.com.br\/wp-content\/uploads\/2021\/01\/tse-tribunal-superior-eleitoralurna-eletronica-1606684350751_v2_450x337.jpg 450w, https:\/\/justicapotiguar.com.br\/wp-content\/uploads\/2021\/01\/tse-tribunal-superior-eleitoralurna-eletronica-1606684350751_v2_450x337-300x225.jpg 300w\" sizes=\"(max-width: 450px) 100vw, 450px\" \/><\/figure>\n\n\n\n<p>De acordo com a ju\u00edza Sym\u00e9ia Simi\u00e3o da Rocha,o Munic\u00edpio de Natal fica&nbsp; proibido de praticar ass\u00e9dio eleitoral contra quaisquer pessoas que lhe prestem servi\u00e7os no \u00e2mbito da sua administra\u00e7\u00e3o.&nbsp;<\/p>\n\n\n\n<p>Para a ju\u00edza, \u201cdiante do conjunto probat\u00f3rio apresentado pelo autor (MPT-RN), \u00e9 poss\u00edvel concluir pela plausibilidade do direito invocado\u201d.<\/p>\n\n\n\n<p>A decis\u00e3o protege todas as pessoas que prestam servi\u00e7os nas institui\u00e7\u00f5es do Poder P\u00fablico Municipal, sob qualquer regime contratual, sejam servidores efetivos, comissionados, tempor\u00e1rios, terceirizados, estagi\u00e1rios, aprendizes ou volunt\u00e1rios.&nbsp;&nbsp;<\/p>\n\n\n\n<p>O descumprimento acarreta multas de R$ 10 mil por cada obriga\u00e7\u00e3o n\u00e3o cumprida.<\/p>\n\n\n\n<p>Al\u00e9m da suspens\u00e3o de condutas que configurem ass\u00e9dio eleitoral, a ju\u00edza determinou que a decis\u00e3o deve ser divulgada em diversos canais, incluindo quadros de avisos, redes sociais e aplicativos de mensagens.&nbsp;<\/p><div class=\"zcrod69f15fba2ff0b\" ><!--<a href=\"https:\/\/bit.ly\/3QdrqTZ\" target=\"_blank\">\n<img src=\"https:\/\/justicapotiguar.com.br\/wp-content\/uploads\/2023\/09\/mobile-geral.gif\"\/><a\/>--><\/div><style type=\"text\/css\">\r\n.zcrod69f15fba2ff0b {\r\ntext-align: center;\r\n}\r\n@media screen and (min-width: 1201px) {\r\n.zcrod69f15fba2ff0b {\r\ndisplay: none;\r\n}\r\n}\r\n@media screen and (min-width: 993px) and (max-width: 1200px) {\r\n.zcrod69f15fba2ff0b {\r\ndisplay: none;\r\n}\r\n}\r\n@media screen and (min-width: 769px) and (max-width: 992px) {\r\n.zcrod69f15fba2ff0b {\r\ndisplay: none;\r\n}\r\n}\r\n@media screen and (min-width: 768px) and (max-width: 768px) {\r\n.zcrod69f15fba2ff0b {\r\ndisplay: block;\r\n}\r\n}\r\n@media screen and (max-width: 767px) {\r\n.zcrod69f15fba2ff0b {\r\ndisplay: block;\r\n}\r\n}\r\n<\/style>\r\n<div class=\"fiknv69f15fba2fee9\" ><!--<a href=\"https:\/\/bit.ly\/3QdrqTZ\" target=\"_blank\">\n<img src=\"https:\/\/justicapotiguar.com.br\/wp-content\/uploads\/2023\/09\/desktop-geral.gif\"\/><a\/>--><\/div><style type=\"text\/css\">\r\n.fiknv69f15fba2fee9 {\r\ntext-align: center;\nmargin-bottom: 1em;\r\n}\r\n@media screen and (min-width: 1201px) {\r\n.fiknv69f15fba2fee9 {\r\ndisplay: block;\r\n}\r\n}\r\n@media screen and (min-width: 993px) and (max-width: 1200px) {\r\n.fiknv69f15fba2fee9 {\r\ndisplay: block;\r\n}\r\n}\r\n@media screen and (min-width: 769px) and (max-width: 992px) {\r\n.fiknv69f15fba2fee9 {\r\ndisplay: block;\r\n}\r\n}\r\n@media screen and (min-width: 768px) and (max-width: 768px) {\r\n.fiknv69f15fba2fee9 {\r\ndisplay: none;\r\n}\r\n}\r\n@media screen and (max-width: 767px) {\r\n.fiknv69f15fba2fee9 {\r\ndisplay: none;\r\n}\r\n}\r\n<\/style>\r\n\n\n\n\n<p>Para a magistrada, o ambiente de trabalho deve ser preservado de influ\u00eancias pol\u00edticas, especialmente em per\u00edodos eleitorais, pois \u201ccabe ao empregador assegurar, nas suas depend\u00eancias, a efetiva\u00e7\u00e3o dos princ\u00edpios constitucionais da cidadania e da dignidade da pessoa humana\u201d.&nbsp;<\/p>\n\n\n\n<p>\u201cA promo\u00e7\u00e3o de reuni\u00f5es e eventos com finalidade eleitoreira, conforme apontado nos autos, revela-se incompat\u00edvel com esses fundamentos, configurando viola\u00e7\u00e3o ao direito fundamental \u00e0 liberdade de voto e manifesta\u00e7\u00e3o pol\u00edtica dos trabalhadores\u201d.<\/p>\n\n\n\n<p>Na a\u00e7\u00e3o, o MPT-RN informou que instaurou procedimentos para apurar den\u00fancias de pr\u00e1tica de ass\u00e9dio eleitoral envolvendo v\u00e1rios \u00f3rg\u00e3os da municipalidade, dentre eles, a Secretaria de Educa\u00e7\u00e3o, Secretaria de Sa\u00fade e ARSBAN \u2013 Ag\u00eancia Reguladora de Servi\u00e7os de Saneamento B\u00e1sico do Munic\u00edpio de Natal.&nbsp;<\/p>\n\n\n\n<p>Al\u00e9m de depoimentos e provas documentais, o MPT-RN apresentou grava\u00e7\u00e3o ambiental de reuni\u00e3o destinada \u00e0 coa\u00e7\u00e3o de trabalhadores e convoca\u00e7\u00f5es para reuni\u00f5es de natureza pol\u00edtica. Al\u00e9m disso, existem alega\u00e7\u00f5es de que trabalhadores foram demitidos por n\u00e3o apoiarem o candidato indicado pelos gestores municipais.<\/p>\n\n\n\n<p>\u201cEm face da gravidade das quest\u00f5es, e considerando a proximidade do segundo turno das elei\u00e7\u00f5es municipais, n\u00e3o restou alternativa ao Minist\u00e9rio P\u00fablico do Trabalho sen\u00e3o promover o ajuizamento da presente a\u00e7\u00e3o\u201d, afirmou o procurador-chefe do MPT-RN, Gleydson Gadelha.&nbsp;<\/p>\n\n\n\n<p>O processo \u00e9 o 0000947-77.2024.5.21.0010.<\/p>\n","protected":false},"excerpt":{"rendered":"<p>A 10\u00aa Vara do Trabalho de Natal deferiu pedido de liminar feito pelo Minist\u00e9rio P\u00fablico do Trabalho do Rio Grande do Norte (MPT-RN) em a\u00e7\u00e3o que requer que a Prefeitura de Natal se abstenha da pr\u00e1tica de ass\u00e9dio eleitoral. De acordo com a ju\u00edza Sym\u00e9ia Simi\u00e3o da Rocha,o Munic\u00edpio de Natal fica&nbsp; proibido de praticar<br \/><a class=\"more-link\" href=\"https:\/\/justicapotiguar.com.br\/index.php\/2024\/10\/24\/vara-do-trabalho-determina-que-prefeitura-de-natal-nao-pratique-assedio-eleitoral\/\">Mais&#8230;<\/a><\/p>\n","protected":false},"author":5,"featured_media":0,"comment_status":"open","ping_status":"open","sticky":false,"template":"","format":"standard","meta":[],"categories":[1],"tags":[],"_links":{"self":[{"href":"https:\/\/justicapotiguar.com.br\/index.php\/wp-json\/wp\/v2\/posts\/39132"}],"collection":[{"href":"https:\/\/justicapotiguar.com.br\/index.php\/wp-json\/wp\/v2\/posts"}],"about":[{"href":"https:\/\/justicapotiguar.com.br\/index.php\/wp-json\/wp\/v2\/types\/post"}],"author":[{"embeddable":true,"href":"https:\/\/justicapotiguar.com.br\/index.php\/wp-json\/wp\/v2\/users\/5"}],"replies":[{"embeddable":true,"href":"https:\/\/justicapotiguar.com.br\/index.php\/wp-json\/wp\/v2\/comments?post=39132"}],"version-history":[{"count":1,"href":"https:\/\/justicapotiguar.com.br\/index.php\/wp-json\/wp\/v2\/posts\/39132\/revisions"}],"predecessor-version":[{"id":39133,"href":"https:\/\/justicapotiguar.com.br\/index.php\/wp-json\/wp\/v2\/posts\/39132\/revisions\/39133"}],"wp:attachment":[{"href":"https:\/\/justicapotiguar.com.br\/index.php\/wp-json\/wp\/v2\/media?parent=39132"}],"wp:term":[{"taxonomy":"category","embeddable":true,"href":"https:\/\/justicapotiguar.com.br\/index.php\/wp-json\/wp\/v2\/categories?post=39132"},{"taxonomy":"post_tag","embeddable":true,"href":"https:\/\/justicapotiguar.com.br\/index.php\/wp-json\/wp\/v2\/tags?post=39132"}],"curies":[{"name":"wp","href":"https:\/\/api.w.org\/{rel}","templated":true}]}}