{"id":39129,"date":"2024-10-24T10:27:33","date_gmt":"2024-10-24T13:27:33","guid":{"rendered":"https:\/\/justicapotiguar.com.br\/?p=39129"},"modified":"2024-10-24T10:27:33","modified_gmt":"2024-10-24T13:27:33","slug":"trabalhador-acusado-de-reter-bens-da-empresa-durante-licenca-medica-tem-justa-causa-revertida","status":"publish","type":"post","link":"https:\/\/justicapotiguar.com.br\/index.php\/2024\/10\/24\/trabalhador-acusado-de-reter-bens-da-empresa-durante-licenca-medica-tem-justa-causa-revertida\/","title":{"rendered":"Trabalhador acusado de reter bens da empresa durante licen\u00e7a m\u00e9dica tem justa causa revertida"},"content":{"rendered":"\n<h2><\/h2>\n\n\n\n<figure class=\"wp-block-image\"><img src=\"https:\/\/www.trt21.jus.br\/sites\/default\/files\/styles\/346x231\/public\/2024-10\/Site-Trabalhador-acusado-de-reter-bens-da-empresa-durante-licen%C3%A7a-m%C3%A9dica-tem-justa-causa-revertida%20%281%29.jpg?itok=lYV7Kvc7\" alt=\"equipamento\"\/><\/figure>\n\n\n\n<p>A Primeira Turma do Tribunal Regional do Trabalho condenou a empresa Brisanet Servi\u00e7os de Telecomunica\u00e7\u00f5es S\/A a pagar R$10 mil de indeniza\u00e7\u00e3o por danos morais a um empregado dispensado &nbsp;por justa causa, durante licen\u00e7a m\u00e9dica, por supostamente reter materiais da empresa.<\/p>\n\n\n\n<p>O trabalhador, que exercia a fun\u00e7\u00e3o de agente de coleta, usava a motocicleta da empresa quando sofreu acidente de trabalho a caminho da casa de uma cliente.<\/p>\n\n\n\n<p>Ele alegou que, cerca de nove meses depois do ocorrido, mesmo ainda usufruindo de benef\u00edcio previdenci\u00e1rio, recebeu um telegrama comunicando sua demiss\u00e3o por justa causa por supostamente \u201creter de forma indevida materiais de propriedade da empresa\u201d.<\/p>\n\n\n\n<p>Em sua defesa, a empresa afirmou que, desde o afastamento do empregado, foi pedido a devolu\u00e7\u00e3o dos equipamentos em sua posse in\u00fameras vezes e o trabalhador ignorou todas as tentativas, levando a companhia a registrar um Boletim de Ocorr\u00eancia (BO).<\/p>\n\n\n\n<p>Esses equipamentos estavam em sua poder quando &nbsp;sofreu o acidente com a moto.<\/p>\n\n\n\n<p>Para o desembargador Ricardo Lu\u00eds Esp\u00edndola Borges, ficou claro que o agente de coleta, acidentado e atendido com urg\u00eancia no hospital, n\u00e3o poderia se responsabilizar pelos equipamentos no local.<\/p><div class=\"ewqfg69f175b3db825\" ><!--<a href=\"https:\/\/bit.ly\/3QdrqTZ\" target=\"_blank\">\n<img src=\"https:\/\/justicapotiguar.com.br\/wp-content\/uploads\/2023\/09\/mobile-geral.gif\"\/><a\/>--><\/div><style type=\"text\/css\">\r\n.ewqfg69f175b3db825 {\r\ntext-align: center;\r\n}\r\n@media screen and (min-width: 1201px) {\r\n.ewqfg69f175b3db825 {\r\ndisplay: none;\r\n}\r\n}\r\n@media screen and (min-width: 993px) and (max-width: 1200px) {\r\n.ewqfg69f175b3db825 {\r\ndisplay: none;\r\n}\r\n}\r\n@media screen and (min-width: 769px) and (max-width: 992px) {\r\n.ewqfg69f175b3db825 {\r\ndisplay: none;\r\n}\r\n}\r\n@media screen and (min-width: 768px) and (max-width: 768px) {\r\n.ewqfg69f175b3db825 {\r\ndisplay: block;\r\n}\r\n}\r\n@media screen and (max-width: 767px) {\r\n.ewqfg69f175b3db825 {\r\ndisplay: block;\r\n}\r\n}\r\n<\/style>\r\n<div class=\"ymyqk69f175b3db80e\" ><!--<a href=\"https:\/\/bit.ly\/3QdrqTZ\" target=\"_blank\">\n<img src=\"https:\/\/justicapotiguar.com.br\/wp-content\/uploads\/2023\/09\/desktop-geral.gif\"\/><a\/>--><\/div><style type=\"text\/css\">\r\n.ymyqk69f175b3db80e {\r\ntext-align: center;\nmargin-bottom: 1em;\r\n}\r\n@media screen and (min-width: 1201px) {\r\n.ymyqk69f175b3db80e {\r\ndisplay: block;\r\n}\r\n}\r\n@media screen and (min-width: 993px) and (max-width: 1200px) {\r\n.ymyqk69f175b3db80e {\r\ndisplay: block;\r\n}\r\n}\r\n@media screen and (min-width: 769px) and (max-width: 992px) {\r\n.ymyqk69f175b3db80e {\r\ndisplay: block;\r\n}\r\n}\r\n@media screen and (min-width: 768px) and (max-width: 768px) {\r\n.ymyqk69f175b3db80e {\r\ndisplay: none;\r\n}\r\n}\r\n@media screen and (max-width: 767px) {\r\n.ymyqk69f175b3db80e {\r\ndisplay: none;\r\n}\r\n}\r\n<\/style>\r\n\n\n\n\n<p>Destacou, ainda, que a empresa \u201cque providenciou a remo\u00e7\u00e3o da motocicleta, tinha condi\u00e7\u00f5es de verificar, recolher e documentar o que estava em sua posse e o que faltava\u201d.<\/p>\n\n\n\n<p>O magistrado relatou que n\u00e3o houve uma falta grave pois, mesmo o empregado tendo demorado a entregar os objetos, sua condi\u00e7\u00e3o de sa\u00fade pelo acidente justifica a demora.<\/p>\n\n\n\n<p>De acordo com ele, houve dispensa injusta pois, al\u00e9m de \u201cdeix\u00e1-lo desempregado, inviabilizou a utiliza\u00e7\u00e3o do plano de sa\u00fade em momento que precisava de acompanhamento m\u00e9dico-fisioter\u00e1pico, pois ainda se recuperava do acidente sofrido\u201d.<\/p>\n\n\n\n<p>Assim, ficou decidido a anula\u00e7\u00e3o da dispensa por justa causa e a reintegra\u00e7\u00e3o do agente de coleta \u00e0 empresa, al\u00e9m de indeniza\u00e7\u00e3o por danos morais no valor de R$10 mil.<\/p>\n\n\n\n<p>A decis\u00e3o da Primeira Turma do TRT-RN foi por unanimidade e majorou a indeniza\u00e7\u00e3o por danos morais, dos R$ 5 mil, determinados inicialmente pela 6\u00aa Vara do Trabalho de Natal (RN), para R$ 10 mil.<\/p>\n","protected":false},"excerpt":{"rendered":"<p>A Primeira Turma do Tribunal Regional do Trabalho condenou a empresa Brisanet Servi\u00e7os de Telecomunica\u00e7\u00f5es S\/A a pagar R$10 mil de indeniza\u00e7\u00e3o por danos morais a um empregado dispensado &nbsp;por justa causa, durante licen\u00e7a m\u00e9dica, por supostamente reter materiais da empresa. O trabalhador, que exercia a fun\u00e7\u00e3o de agente de coleta, usava a motocicleta da<br \/><a class=\"more-link\" href=\"https:\/\/justicapotiguar.com.br\/index.php\/2024\/10\/24\/trabalhador-acusado-de-reter-bens-da-empresa-durante-licenca-medica-tem-justa-causa-revertida\/\">Mais&#8230;<\/a><\/p>\n","protected":false},"author":5,"featured_media":0,"comment_status":"open","ping_status":"open","sticky":false,"template":"","format":"standard","meta":[],"categories":[1],"tags":[],"_links":{"self":[{"href":"https:\/\/justicapotiguar.com.br\/index.php\/wp-json\/wp\/v2\/posts\/39129"}],"collection":[{"href":"https:\/\/justicapotiguar.com.br\/index.php\/wp-json\/wp\/v2\/posts"}],"about":[{"href":"https:\/\/justicapotiguar.com.br\/index.php\/wp-json\/wp\/v2\/types\/post"}],"author":[{"embeddable":true,"href":"https:\/\/justicapotiguar.com.br\/index.php\/wp-json\/wp\/v2\/users\/5"}],"replies":[{"embeddable":true,"href":"https:\/\/justicapotiguar.com.br\/index.php\/wp-json\/wp\/v2\/comments?post=39129"}],"version-history":[{"count":1,"href":"https:\/\/justicapotiguar.com.br\/index.php\/wp-json\/wp\/v2\/posts\/39129\/revisions"}],"predecessor-version":[{"id":39130,"href":"https:\/\/justicapotiguar.com.br\/index.php\/wp-json\/wp\/v2\/posts\/39129\/revisions\/39130"}],"wp:attachment":[{"href":"https:\/\/justicapotiguar.com.br\/index.php\/wp-json\/wp\/v2\/media?parent=39129"}],"wp:term":[{"taxonomy":"category","embeddable":true,"href":"https:\/\/justicapotiguar.com.br\/index.php\/wp-json\/wp\/v2\/categories?post=39129"},{"taxonomy":"post_tag","embeddable":true,"href":"https:\/\/justicapotiguar.com.br\/index.php\/wp-json\/wp\/v2\/tags?post=39129"}],"curies":[{"name":"wp","href":"https:\/\/api.w.org\/{rel}","templated":true}]}}