{"id":38987,"date":"2024-10-14T15:10:35","date_gmt":"2024-10-14T18:10:35","guid":{"rendered":"https:\/\/justicapotiguar.com.br\/?p=38987"},"modified":"2024-10-14T15:10:35","modified_gmt":"2024-10-14T18:10:35","slug":"tj-nega-recurso-de-detran-rn-e-mantem-ilegalidade-de-taxa-para-confeccao-de-placa-veicular","status":"publish","type":"post","link":"https:\/\/justicapotiguar.com.br\/index.php\/2024\/10\/14\/tj-nega-recurso-de-detran-rn-e-mantem-ilegalidade-de-taxa-para-confeccao-de-placa-veicular\/","title":{"rendered":"TJ nega recurso de Detran-RN e mant\u00e9m ilegalidade de taxa para confec\u00e7\u00e3o de placa veicular"},"content":{"rendered":"\n<figure class=\"wp-block-image size-large\"><img loading=\"lazy\" width=\"745\" height=\"411\" src=\"https:\/\/justicapotiguar.com.br\/wp-content\/uploads\/2024\/10\/images-78.jpeg\" alt=\"\" class=\"wp-image-38988\" srcset=\"https:\/\/justicapotiguar.com.br\/wp-content\/uploads\/2024\/10\/images-78.jpeg 745w, https:\/\/justicapotiguar.com.br\/wp-content\/uploads\/2024\/10\/images-78-300x166.jpeg 300w\" sizes=\"(max-width: 745px) 100vw, 745px\" \/><figcaption>Ilustrativa<\/figcaption><\/figure>\n\n\n\n<p> A 2\u00aa C\u00e2mara C\u00edvel do TJRN, negou \u00e0 unanimidade de votos, recurso do Departamento Estadual de Tr\u00e2nsito (Detran-RN) contra um mandado de seguran\u00e7a concedido a uma empresa de fabrica\u00e7\u00e3o e estampamento de placas veiculares. Com isso, o \u00f3rg\u00e3o deve se abster da cobran\u00e7a ilegal da \u2018Taxa de Consumo de Autoriza\u00e7\u00e3o de Fabrica\u00e7\u00e3o de Placa de Identifica\u00e7\u00e3o Veicular\u2019 e de aplica\u00e7\u00e3o de bloqueio sist\u00eamico \u00e0 empresa. <\/p>\n\n\n\n<p>Na causa, patrocinada pelo advogado M\u00e1rio Neg\u00f3cio Neto, do escrit\u00f3rio Holanda Advogados Associados, a relatora desembargadora Maria de Lourdes de Azevedo analisou que na Lei 10301\/2017 que instituiu as taxas cobradas pelo Detran-RN, entre elas a \u201cAutoriza\u00e7\u00e3o para Confec\u00e7\u00e3o de Placa\u201d, atribuindo a esta o valor de R$ 14,00, n\u00e3o disp\u00f5e com clareza acerca do fato gerador da taxa, nem mesmo indica o sujeito passivo da referida obriga\u00e7\u00e3o. <\/p><div class=\"itpnw69f41e99d4438\" ><!--<a href=\"https:\/\/bit.ly\/3QdrqTZ\" target=\"_blank\">\n<img src=\"https:\/\/justicapotiguar.com.br\/wp-content\/uploads\/2023\/09\/mobile-geral.gif\"\/><a\/>--><\/div><style type=\"text\/css\">\r\n.itpnw69f41e99d4438 {\r\ntext-align: center;\r\n}\r\n@media screen and (min-width: 1201px) {\r\n.itpnw69f41e99d4438 {\r\ndisplay: none;\r\n}\r\n}\r\n@media screen and (min-width: 993px) and (max-width: 1200px) {\r\n.itpnw69f41e99d4438 {\r\ndisplay: none;\r\n}\r\n}\r\n@media screen and (min-width: 769px) and (max-width: 992px) {\r\n.itpnw69f41e99d4438 {\r\ndisplay: none;\r\n}\r\n}\r\n@media screen and (min-width: 768px) and (max-width: 768px) {\r\n.itpnw69f41e99d4438 {\r\ndisplay: block;\r\n}\r\n}\r\n@media screen and (max-width: 767px) {\r\n.itpnw69f41e99d4438 {\r\ndisplay: block;\r\n}\r\n}\r\n<\/style>\r\n<div class=\"ryyvr69f41e99d441f\" ><!--<a href=\"https:\/\/bit.ly\/3QdrqTZ\" target=\"_blank\">\n<img src=\"https:\/\/justicapotiguar.com.br\/wp-content\/uploads\/2023\/09\/desktop-geral.gif\"\/><a\/>--><\/div><style type=\"text\/css\">\r\n.ryyvr69f41e99d441f {\r\ntext-align: center;\nmargin-bottom: 1em;\r\n}\r\n@media screen and (min-width: 1201px) {\r\n.ryyvr69f41e99d441f {\r\ndisplay: block;\r\n}\r\n}\r\n@media screen and (min-width: 993px) and (max-width: 1200px) {\r\n.ryyvr69f41e99d441f {\r\ndisplay: block;\r\n}\r\n}\r\n@media screen and (min-width: 769px) and (max-width: 992px) {\r\n.ryyvr69f41e99d441f {\r\ndisplay: block;\r\n}\r\n}\r\n@media screen and (min-width: 768px) and (max-width: 768px) {\r\n.ryyvr69f41e99d441f {\r\ndisplay: none;\r\n}\r\n}\r\n@media screen and (max-width: 767px) {\r\n.ryyvr69f41e99d441f {\r\ndisplay: none;\r\n}\r\n}\r\n<\/style>\r\n\n\n\n\n<p>\u201cA indica\u00e7\u00e3o clara do fato gerador da obriga\u00e7\u00e3o tribut\u00e1ria, bem assim, do seu sujeito passivo, n\u00e3o se constitui uma faculdade do legislador, mas uma exig\u00eancia de validade da norma, em aten\u00e7\u00e3o ao princ\u00edpio da legalidade tribut\u00e1ria, que n\u00e3o foi atendida pela Lei n\u00b0 10.301\/2017\u201d, descreveu a magistrada. <\/p>\n\n\n\n<p>Ainda segundo a relatora, \u201cdescabido entender pela razoabilidade da alega\u00e7\u00e3o de que \u201co sujeito passivo da referida taxa n\u00e3o pode ser outra pessoa, sen\u00e3o a pr\u00f3pria empresa impetrante, sendo poss\u00edvel inferir isso a partir da interpreta\u00e7\u00e3o l\u00f3gica dos dispositivos legais\u201d, posto que, como ressaltado acima, a legisla\u00e7\u00e3o tribut\u00e1ria indiscutivelmente deve ser clara e objetiva, literal, sem espa\u00e7o para interpreta\u00e7\u00f5es l\u00f3gicas\u201d, afirmou em seu voto ao negar provimento ao recurso do Detran-RN.<\/p>\n","protected":false},"excerpt":{"rendered":"<p>A 2\u00aa C\u00e2mara C\u00edvel do TJRN, negou \u00e0 unanimidade de votos, recurso do Departamento Estadual de Tr\u00e2nsito (Detran-RN) contra um mandado de seguran\u00e7a concedido a uma empresa de fabrica\u00e7\u00e3o e estampamento de placas veiculares. Com isso, o \u00f3rg\u00e3o deve se abster da cobran\u00e7a ilegal da \u2018Taxa de Consumo de Autoriza\u00e7\u00e3o de Fabrica\u00e7\u00e3o de Placa de<br \/><a class=\"more-link\" href=\"https:\/\/justicapotiguar.com.br\/index.php\/2024\/10\/14\/tj-nega-recurso-de-detran-rn-e-mantem-ilegalidade-de-taxa-para-confeccao-de-placa-veicular\/\">Mais&#8230;<\/a><\/p>\n","protected":false},"author":5,"featured_media":0,"comment_status":"open","ping_status":"open","sticky":false,"template":"","format":"standard","meta":[],"categories":[1],"tags":[],"_links":{"self":[{"href":"https:\/\/justicapotiguar.com.br\/index.php\/wp-json\/wp\/v2\/posts\/38987"}],"collection":[{"href":"https:\/\/justicapotiguar.com.br\/index.php\/wp-json\/wp\/v2\/posts"}],"about":[{"href":"https:\/\/justicapotiguar.com.br\/index.php\/wp-json\/wp\/v2\/types\/post"}],"author":[{"embeddable":true,"href":"https:\/\/justicapotiguar.com.br\/index.php\/wp-json\/wp\/v2\/users\/5"}],"replies":[{"embeddable":true,"href":"https:\/\/justicapotiguar.com.br\/index.php\/wp-json\/wp\/v2\/comments?post=38987"}],"version-history":[{"count":1,"href":"https:\/\/justicapotiguar.com.br\/index.php\/wp-json\/wp\/v2\/posts\/38987\/revisions"}],"predecessor-version":[{"id":38989,"href":"https:\/\/justicapotiguar.com.br\/index.php\/wp-json\/wp\/v2\/posts\/38987\/revisions\/38989"}],"wp:attachment":[{"href":"https:\/\/justicapotiguar.com.br\/index.php\/wp-json\/wp\/v2\/media?parent=38987"}],"wp:term":[{"taxonomy":"category","embeddable":true,"href":"https:\/\/justicapotiguar.com.br\/index.php\/wp-json\/wp\/v2\/categories?post=38987"},{"taxonomy":"post_tag","embeddable":true,"href":"https:\/\/justicapotiguar.com.br\/index.php\/wp-json\/wp\/v2\/tags?post=38987"}],"curies":[{"name":"wp","href":"https:\/\/api.w.org\/{rel}","templated":true}]}}