{"id":38841,"date":"2024-10-03T01:04:37","date_gmt":"2024-10-03T04:04:37","guid":{"rendered":"https:\/\/justicapotiguar.com.br\/?p=38841"},"modified":"2024-10-03T01:04:37","modified_gmt":"2024-10-03T04:04:37","slug":"informativo-1-149-do-stf-de-16-de-setembro-de-2024","status":"publish","type":"post","link":"https:\/\/justicapotiguar.com.br\/index.php\/2024\/10\/03\/informativo-1-149-do-stf-de-16-de-setembro-de-2024\/","title":{"rendered":"Informativo 1.149 do STF, de 16 de setembro de 2024"},"content":{"rendered":"\n<p><br>Canal no Whatsapp | P\u00edlulas Jur\u00eddicas | STF e STJ<br>Link de acesso ao Canal:<br>https:\/\/whatsapp.com\/channel\/0029VaD2dLy4yltRhxnIPR0c<br>PLEN\u00c1RIO<\/p>\n\n\n\n<ul><li>1. \u00c9 constitucional a veda\u00e7\u00e3o \u00e0 recontrata\u00e7\u00e3o de empresa contratada diretamente por<br>dispensa de licita\u00e7\u00e3o nos casos de emerg\u00eancia ou calamidade p\u00fablica, prevista no inciso<br>VIII do art. 75 da Lei n\u00ba 14.133\/2021. 2. A veda\u00e7\u00e3o incide na recontrata\u00e7\u00e3o fundada na<br>mesma situa\u00e7\u00e3o emergencial ou calamitosa que extrapole o prazo m\u00e1ximo legal de 1 (um)<br>ano, e n\u00e3o impede que a empresa participe de eventual licita\u00e7\u00e3o substitutiva \u00e0 dispensa<br>de licita\u00e7\u00e3o e seja contratada diretamente por outro fundamento previsto em lei, incluindo<br>uma nova emerg\u00eancia ou calamidade p\u00fablica, sem preju\u00edzo do controle de abusos ou<br>ilegalidades na aplica\u00e7\u00e3o da norma \u2013 ADI 6.890\/DF, julgamento virtual finalizado em<br>6\/9\/2024.<\/li><li>\u00c9 constitucional \u2014 especialmente porque em harmonia com o sistema de reparti\u00e7\u00e3o de<br>compet\u00eancias \u2014 norma distrital que exige licen\u00e7a para funcionamento, expedida pelo<br>\u00f3rg\u00e3o local de vigil\u00e2ncia sanit\u00e1ria, como documento necess\u00e1rio \u00e0 habilita\u00e7\u00e3o em licita\u00e7\u00e3o<br>cujo objeto seja a execu\u00e7\u00e3o de atividades dedicadas ao combate a insetos e roedores, \u00e0<br>limpeza e higieniza\u00e7\u00e3o de reservat\u00f3rios de \u00e1gua e \u00e0 manipula\u00e7\u00e3o de produtos qu\u00edmicos<br>para limpeza e conserva\u00e7\u00e3o \u2013 ADI 3.963\/DF, julgamento virtual finalizado em 6\/9\/2024.<\/li><li>\u00c9 constitucional a acumula\u00e7\u00e3o de especialidade em serventia preexistente nos casos de<br>distribui\u00e7\u00e3o de nova fun\u00e7\u00e3o notarial ou de registro a um cart\u00f3rio j\u00e1 existente e cuja fun\u00e7\u00e3o<br>era antes exercida por outra serventia (\u201cdesacumula\u00e7\u00e3o\u201d), desde que o delegat\u00e1rio tenha<br>sido habilitado, em concurso p\u00fablico, para uma das atividades notariais ou de registro \u2013<br>ADI 7.655\/SP, julgamento virtual finalizado em 6\/9\/2024.<\/li><li>\u00c9 inconstitucional \u2014 por usurpar compet\u00eancia reservada \u00e0 Uni\u00e3o para legislar sobre<br>telecomunica\u00e7\u00f5es e explorar seus servi\u00e7os com exclusividade (CF\/1988, art. 22, IV, e 21,<br>XI) \u2014 lei distrital que pro\u00edbe a cobran\u00e7a pela instala\u00e7\u00e3o e utiliza\u00e7\u00e3o de pontos adicionais<br>de televis\u00e3o a cabo nas resid\u00eancias situadas em seu territ\u00f3rio e imp\u00f5e penalidade em<br>raz\u00e3o do descumprimento \u2013 ADI 3.877\/DF, julgamento virtual finalizado em 6\/9\/2024.<\/li><li>\u00c9 constitucional norma de Lei Org\u00e2nica de Tribunal de Contas estadual que veda a seus<br>membros o exerc\u00edcio do com\u00e9rcio ou a participa\u00e7\u00e3o em sociedade comercial, inclusive de<br>economia mista, exceto como acionista ou quotista sem poder de voto ou participa\u00e7\u00e3o<br>majorit\u00e1ria \u2013 ADI 3.815\/PR, julgamento virtual finalizado em 6\/9\/2024.<\/li><li>O art. 207 da Constitui\u00e7\u00e3o exige que o regime financeiro-or\u00e7ament\u00e1rio aplic\u00e1vel \u00e0s<br>universidades p\u00fablicas lhes assegure um espa\u00e7o m\u00ednimo de autogest\u00e3o. Tal diretriz pode<br>ser concretizada inclusive, mas n\u00e3o obrigatoriamente, pelo repasse or\u00e7ament\u00e1rio na<br>forma de duod\u00e9cimos \u2013 ADPF 474\/RJ, julgamento virtual finalizado em 6\/9\/2024.<\/li><li>S\u00e3o inconstitucionais \u2014 por violarem os preceitos fundamentais atinentes \u00e0 separa\u00e7\u00e3o<br>dos Poderes, \u00e0 isonomia e ao pacto federativo \u2014 atos normativos que, em interpreta\u00e7\u00e3o<br>ao art. 2\u00ba, caput, da Lei n\u00ba 9.506\/1997, (i) estabeleceram a impossibilidade de um<br>deputado federal, ocupante de cargo p\u00fablico efetivo e vinculado ao Regime Pr\u00f3prio de<\/li><\/ul>\n\n\n\n<p>Previd\u00eancia Social de seu ente federativo (RPPS), aderir ao Plano de Seguridade Social<br>dos Congressistas (PSSC); e (ii) tornaram obrigat\u00f3ria a manuten\u00e7\u00e3o do recolhimento das<br>contribui\u00e7\u00f5es previdenci\u00e1rias para o regime de origem durante o per\u00edodo do mandato \u2013<br>ADPF 853\/DF, julgamento virtual finalizado em 6\/9\/2024.<\/p><div class=\"stgxn69f300a632ea8\" ><!--<a href=\"https:\/\/bit.ly\/3QdrqTZ\" target=\"_blank\">\n<img src=\"https:\/\/justicapotiguar.com.br\/wp-content\/uploads\/2023\/09\/mobile-geral.gif\"\/><a\/>--><\/div><style type=\"text\/css\">\r\n.stgxn69f300a632ea8 {\r\ntext-align: center;\r\n}\r\n@media screen and (min-width: 1201px) {\r\n.stgxn69f300a632ea8 {\r\ndisplay: none;\r\n}\r\n}\r\n@media screen and (min-width: 993px) and (max-width: 1200px) {\r\n.stgxn69f300a632ea8 {\r\ndisplay: none;\r\n}\r\n}\r\n@media screen and (min-width: 769px) and (max-width: 992px) {\r\n.stgxn69f300a632ea8 {\r\ndisplay: none;\r\n}\r\n}\r\n@media screen and (min-width: 768px) and (max-width: 768px) {\r\n.stgxn69f300a632ea8 {\r\ndisplay: block;\r\n}\r\n}\r\n@media screen and (max-width: 767px) {\r\n.stgxn69f300a632ea8 {\r\ndisplay: block;\r\n}\r\n}\r\n<\/style>\r\n<div class=\"wnjep69f300a632e92\" ><!--<a href=\"https:\/\/bit.ly\/3QdrqTZ\" target=\"_blank\">\n<img src=\"https:\/\/justicapotiguar.com.br\/wp-content\/uploads\/2023\/09\/desktop-geral.gif\"\/><a\/>--><\/div><style type=\"text\/css\">\r\n.wnjep69f300a632e92 {\r\ntext-align: center;\nmargin-bottom: 1em;\r\n}\r\n@media screen and (min-width: 1201px) {\r\n.wnjep69f300a632e92 {\r\ndisplay: block;\r\n}\r\n}\r\n@media screen and (min-width: 993px) and (max-width: 1200px) {\r\n.wnjep69f300a632e92 {\r\ndisplay: block;\r\n}\r\n}\r\n@media screen and (min-width: 769px) and (max-width: 992px) {\r\n.wnjep69f300a632e92 {\r\ndisplay: block;\r\n}\r\n}\r\n@media screen and (min-width: 768px) and (max-width: 768px) {\r\n.wnjep69f300a632e92 {\r\ndisplay: none;\r\n}\r\n}\r\n@media screen and (max-width: 767px) {\r\n.wnjep69f300a632e92 {\r\ndisplay: none;\r\n}\r\n}\r\n<\/style>\r\n\n\n\n\n<ul><li>A imunidade tribut\u00e1ria prevista no art. 150, inciso VI, al\u00ednea e, da Constitui\u00e7\u00e3o Federal<br>n\u00e3o se aplica \u00e0s importa\u00e7\u00f5es de suportes materiais produzidos fora do Brasil, ainda que<br>contenham obra musical de artista brasileiro \u2013 ARE 1.244.302\/SP, julgamento virtual<br>finalizado em 6\/9\/2024, Tema 1.083.<\/li><li>S\u00e3o constitucionais \u2014 pois n\u00e3o violam o princ\u00edpio da reserva legal nem os direitos<br>fundamentais \u00e0 intimidade, \u00e0 privacidade e ao sigilo de dados pessoais (CF\/1988, art. 5\u00ba,<br>X e XII) \u2014 normas editadas pelo Conselho Nacional de Pol\u00edtica Fazend\u00e1ria (Confaz) que<br>obrigam institui\u00e7\u00f5es financeiras a fornecerem aos estados informa\u00e7\u00f5es relacionadas \u00e0s<br>transfer\u00eancias e aos pagamentos realizados por clientes em opera\u00e7\u00f5es eletr\u00f4nicas com<br>recolhimento do ICMS (como \u201cpix\u201d e cart\u00f5es de d\u00e9bito e cr\u00e9dito) \u2013 ADI 7.276\/DF,<br>julgamento virtual finalizado em<\/li><\/ul>\n","protected":false},"excerpt":{"rendered":"<p>Canal no Whatsapp | P\u00edlulas Jur\u00eddicas | STF e STJLink de acesso ao Canal:https:\/\/whatsapp.com\/channel\/0029VaD2dLy4yltRhxnIPR0cPLEN\u00c1RIO 1. \u00c9 constitucional a veda\u00e7\u00e3o \u00e0 recontrata\u00e7\u00e3o de empresa contratada diretamente pordispensa de licita\u00e7\u00e3o nos casos de emerg\u00eancia ou calamidade p\u00fablica, prevista no incisoVIII do art. 75 da Lei n\u00ba 14.133\/2021. 2. A veda\u00e7\u00e3o incide na recontrata\u00e7\u00e3o fundada namesma situa\u00e7\u00e3o emergencial<br \/><a class=\"more-link\" href=\"https:\/\/justicapotiguar.com.br\/index.php\/2024\/10\/03\/informativo-1-149-do-stf-de-16-de-setembro-de-2024\/\">Mais&#8230;<\/a><\/p>\n","protected":false},"author":5,"featured_media":0,"comment_status":"open","ping_status":"open","sticky":false,"template":"","format":"standard","meta":[],"categories":[1],"tags":[],"_links":{"self":[{"href":"https:\/\/justicapotiguar.com.br\/index.php\/wp-json\/wp\/v2\/posts\/38841"}],"collection":[{"href":"https:\/\/justicapotiguar.com.br\/index.php\/wp-json\/wp\/v2\/posts"}],"about":[{"href":"https:\/\/justicapotiguar.com.br\/index.php\/wp-json\/wp\/v2\/types\/post"}],"author":[{"embeddable":true,"href":"https:\/\/justicapotiguar.com.br\/index.php\/wp-json\/wp\/v2\/users\/5"}],"replies":[{"embeddable":true,"href":"https:\/\/justicapotiguar.com.br\/index.php\/wp-json\/wp\/v2\/comments?post=38841"}],"version-history":[{"count":1,"href":"https:\/\/justicapotiguar.com.br\/index.php\/wp-json\/wp\/v2\/posts\/38841\/revisions"}],"predecessor-version":[{"id":38842,"href":"https:\/\/justicapotiguar.com.br\/index.php\/wp-json\/wp\/v2\/posts\/38841\/revisions\/38842"}],"wp:attachment":[{"href":"https:\/\/justicapotiguar.com.br\/index.php\/wp-json\/wp\/v2\/media?parent=38841"}],"wp:term":[{"taxonomy":"category","embeddable":true,"href":"https:\/\/justicapotiguar.com.br\/index.php\/wp-json\/wp\/v2\/categories?post=38841"},{"taxonomy":"post_tag","embeddable":true,"href":"https:\/\/justicapotiguar.com.br\/index.php\/wp-json\/wp\/v2\/tags?post=38841"}],"curies":[{"name":"wp","href":"https:\/\/api.w.org\/{rel}","templated":true}]}}