{"id":38711,"date":"2024-09-23T11:24:19","date_gmt":"2024-09-23T14:24:19","guid":{"rendered":"https:\/\/justicapotiguar.com.br\/?p=38711"},"modified":"2024-09-23T11:24:19","modified_gmt":"2024-09-23T14:24:19","slug":"trt-rn-tem-r-19-milhoes-para-pagamento-de-acordo-direto-de-precatorios-e-requisitorios-do-estado-do-rn-saiba-como-se-inscrever","status":"publish","type":"post","link":"https:\/\/justicapotiguar.com.br\/index.php\/2024\/09\/23\/trt-rn-tem-r-19-milhoes-para-pagamento-de-acordo-direto-de-precatorios-e-requisitorios-do-estado-do-rn-saiba-como-se-inscrever\/","title":{"rendered":"TRT-RN tem R$ 19 milh\u00f5es para pagamento de acordo direto de precat\u00f3rios e requisit\u00f3rios do Estado do RN; saiba como se inscrever"},"content":{"rendered":"\n<figure class=\"wp-block-image\"><img src=\"https:\/\/www.trt21.jus.br\/sites\/default\/files\/styles\/346x231\/public\/2024-09\/Site_TRT-RN%20tem%2019%20milh%C3%B5es%20para%20pagamento%20de%20acordo%20direto%20de%20precat%C3%B3rios%20e%20requisit%C3%B3rios%20do%20Estado%20do%20RN.%20Saiba%20como%20se%20inscrever.png?itok=Otp8PXr9\" alt=\"fachada\"\/><\/figure>\n\n\n\n<p>O segundo Edital de Convoca\u00e7\u00e3o foi publicado pela Coordenadoria de Precat\u00f3rios e Requisit\u00f3rios do Tribunal Regional do Trabalho da 21\u00aa Regi\u00e3o (RN), no in\u00edcio de setembro, para que credores origin\u00e1rios e sucessores habilitados nos autos de precat\u00f3rios e requisit\u00f3rios expedidos pelo tribunal contra o Estado do Rio Grande do Norte (Administra\u00e7\u00e3o Direta e Indireta), que tenham interesse no acordo direto, fa\u00e7am a ades\u00e3o. &nbsp; &nbsp;&nbsp;<\/p>\n\n\n\n<p>De acordo com informa\u00e7\u00f5es da Coordenadoria, h\u00e1 em conta atualmente o valor de R$ 19.156.417,76 para pagamento do acordo direto. &nbsp;<\/p>\n\n\n\n<p>Em caso de interesse, os credores devem apresentar peti\u00e7\u00e3o diretamente nos precat\u00f3rios requisit\u00f3rios autuados e migrados para o Processo Judicial Eletr\u00f4nico 2\u00ba grau \u2013 classe processual \u201cPrecat\u00f3rio\u201d, at\u00e9 o dia 17 de outubro.&nbsp;<\/p><div class=\"esrov69ec78909cfa1\" ><!--<a href=\"https:\/\/bit.ly\/3QdrqTZ\" target=\"_blank\">\n<img src=\"https:\/\/justicapotiguar.com.br\/wp-content\/uploads\/2023\/09\/mobile-geral.gif\"\/><a\/>--><\/div><style type=\"text\/css\">\r\n.esrov69ec78909cfa1 {\r\ntext-align: center;\r\n}\r\n@media screen and (min-width: 1201px) {\r\n.esrov69ec78909cfa1 {\r\ndisplay: none;\r\n}\r\n}\r\n@media screen and (min-width: 993px) and (max-width: 1200px) {\r\n.esrov69ec78909cfa1 {\r\ndisplay: none;\r\n}\r\n}\r\n@media screen and (min-width: 769px) and (max-width: 992px) {\r\n.esrov69ec78909cfa1 {\r\ndisplay: none;\r\n}\r\n}\r\n@media screen and (min-width: 768px) and (max-width: 768px) {\r\n.esrov69ec78909cfa1 {\r\ndisplay: block;\r\n}\r\n}\r\n@media screen and (max-width: 767px) {\r\n.esrov69ec78909cfa1 {\r\ndisplay: block;\r\n}\r\n}\r\n<\/style>\r\n<div class=\"adupz69ec78909cf83\" ><!--<a href=\"https:\/\/bit.ly\/3QdrqTZ\" target=\"_blank\">\n<img src=\"https:\/\/justicapotiguar.com.br\/wp-content\/uploads\/2023\/09\/desktop-geral.gif\"\/><a\/>--><\/div><style type=\"text\/css\">\r\n.adupz69ec78909cf83 {\r\ntext-align: center;\nmargin-bottom: 1em;\r\n}\r\n@media screen and (min-width: 1201px) {\r\n.adupz69ec78909cf83 {\r\ndisplay: block;\r\n}\r\n}\r\n@media screen and (min-width: 993px) and (max-width: 1200px) {\r\n.adupz69ec78909cf83 {\r\ndisplay: block;\r\n}\r\n}\r\n@media screen and (min-width: 769px) and (max-width: 992px) {\r\n.adupz69ec78909cf83 {\r\ndisplay: block;\r\n}\r\n}\r\n@media screen and (min-width: 768px) and (max-width: 768px) {\r\n.adupz69ec78909cf83 {\r\ndisplay: none;\r\n}\r\n}\r\n@media screen and (max-width: 767px) {\r\n.adupz69ec78909cf83 {\r\ndisplay: none;\r\n}\r\n}\r\n<\/style>\r\n\n\n\n\n<p><strong>Acordo direto&nbsp;<\/strong><\/p>\n\n\n\n<p>No m\u00eas de abril de 2024, o TRT-RN firmou acordo de coopera\u00e7\u00e3o com a Procuradoria estadual para &nbsp;regulamentar o Acordo Direto em precat\u00f3rios do Governo do Estado do Rio Grande do Norte. Ap\u00f3s o Edital de convoca\u00e7\u00e3o n\u00ba 001, foram beneficiados 142 reclamantes e 147 advogados com uma libera\u00e7\u00e3o de 14,9 milh\u00f5es em precat\u00f3rios e requisit\u00f3rios.<\/p>\n","protected":false},"excerpt":{"rendered":"<p>O segundo Edital de Convoca\u00e7\u00e3o foi publicado pela Coordenadoria de Precat\u00f3rios e Requisit\u00f3rios do Tribunal Regional do Trabalho da 21\u00aa Regi\u00e3o (RN), no in\u00edcio de setembro, para que credores origin\u00e1rios e sucessores habilitados nos autos de precat\u00f3rios e requisit\u00f3rios expedidos pelo tribunal contra o Estado do Rio Grande do Norte (Administra\u00e7\u00e3o Direta e Indireta), que<br \/><a class=\"more-link\" href=\"https:\/\/justicapotiguar.com.br\/index.php\/2024\/09\/23\/trt-rn-tem-r-19-milhoes-para-pagamento-de-acordo-direto-de-precatorios-e-requisitorios-do-estado-do-rn-saiba-como-se-inscrever\/\">Mais&#8230;<\/a><\/p>\n","protected":false},"author":5,"featured_media":0,"comment_status":"open","ping_status":"open","sticky":false,"template":"","format":"standard","meta":[],"categories":[1],"tags":[],"_links":{"self":[{"href":"https:\/\/justicapotiguar.com.br\/index.php\/wp-json\/wp\/v2\/posts\/38711"}],"collection":[{"href":"https:\/\/justicapotiguar.com.br\/index.php\/wp-json\/wp\/v2\/posts"}],"about":[{"href":"https:\/\/justicapotiguar.com.br\/index.php\/wp-json\/wp\/v2\/types\/post"}],"author":[{"embeddable":true,"href":"https:\/\/justicapotiguar.com.br\/index.php\/wp-json\/wp\/v2\/users\/5"}],"replies":[{"embeddable":true,"href":"https:\/\/justicapotiguar.com.br\/index.php\/wp-json\/wp\/v2\/comments?post=38711"}],"version-history":[{"count":1,"href":"https:\/\/justicapotiguar.com.br\/index.php\/wp-json\/wp\/v2\/posts\/38711\/revisions"}],"predecessor-version":[{"id":38712,"href":"https:\/\/justicapotiguar.com.br\/index.php\/wp-json\/wp\/v2\/posts\/38711\/revisions\/38712"}],"wp:attachment":[{"href":"https:\/\/justicapotiguar.com.br\/index.php\/wp-json\/wp\/v2\/media?parent=38711"}],"wp:term":[{"taxonomy":"category","embeddable":true,"href":"https:\/\/justicapotiguar.com.br\/index.php\/wp-json\/wp\/v2\/categories?post=38711"},{"taxonomy":"post_tag","embeddable":true,"href":"https:\/\/justicapotiguar.com.br\/index.php\/wp-json\/wp\/v2\/tags?post=38711"}],"curies":[{"name":"wp","href":"https:\/\/api.w.org\/{rel}","templated":true}]}}