{"id":38529,"date":"2024-09-11T15:18:15","date_gmt":"2024-09-11T18:18:15","guid":{"rendered":"https:\/\/justicapotiguar.com.br\/?p=38529"},"modified":"2024-09-11T15:18:15","modified_gmt":"2024-09-11T18:18:15","slug":"separacao-de-poderes-tj-nega-pedido-para-municipio-estruturar-contadoria-em-ambito-local","status":"publish","type":"post","link":"https:\/\/justicapotiguar.com.br\/index.php\/2024\/09\/11\/separacao-de-poderes-tj-nega-pedido-para-municipio-estruturar-contadoria-em-ambito-local\/","title":{"rendered":"Separa\u00e7\u00e3o de poderes: TJ nega pedido para munic\u00edpio estruturar contadoria em \u00e2mbito local"},"content":{"rendered":"\n<p>Os desembargadores da 3\u00aa C\u00e2mara C\u00edvel do Tribunal de Justi\u00e7a, \u00e0 unanimidade de votos, negaram recurso interposto pelo\u00a0Minist\u00e9rio P\u00fablico\u00a0Estadual e mantiveram a senten\u00e7a da 2\u00aa Vara da\u00a0Comarca\u00a0de N\u00edsia Floresta que julgou improcedente os pedidos de condena\u00e7\u00e3o do Munic\u00edpio de Arez para deflagra\u00e7\u00e3o do processo legislativo com envio de projeto de lei \u00e0 C\u00e2mara Municipal para estrutura\u00e7\u00e3o da Contadoria Municipal.A estrutura\u00e7\u00e3o previa a cria\u00e7\u00e3o de cargos efetivos de contadores, em n\u00famero compat\u00edvel com a capacidade financeira e que atenda \u00e0s necessidades do Munic\u00edpio, promovendo-se as modifica\u00e7\u00f5es necess\u00e1rias na LDO e LOA em vig\u00eancia e a realiza\u00e7\u00e3o de concurso para preenchimento dos cargos criados por lei, realizando-o e finalizando-o, no prazo m\u00e1ximo de um ano, com a nomea\u00e7\u00e3o dos aprovados dentro do n\u00famero de vagas.<\/p>\n\n\n\n<p>O fundamento para negar este pedido, utilizado pelo Ju\u00edzo de primeira inst\u00e2ncia e acatado pela relatora do recurso, a ju\u00edza convocada Martha Danyelle Barbosa, \u00e9 a separa\u00e7\u00e3o dos poderes, inscrita na CF\/88, considerado um princ\u00edpio constitucional a ser observado em todas as esferas federativas (princ\u00edpio da simetria constitucional).\u201cNesse azo, entendo que n\u00e3o cabe a este ju\u00edzo acolher tal pedido e se imiscuir na discricionariedade do administrador municipal em enviar projeto de lei de sua iniciativa, ainda mais diante da atual realidade financeira dos munic\u00edpios brasileiros\u201d, traz trecho da senten\u00e7a. Este entendimento, acolhido no TJRN e citado no voto da relatora do recurso, tamb\u00e9m \u00e9 o firmando pela Suprema Corte do pa\u00eds.Assim, o posicionamento adotado pelo Tribunal de Justi\u00e7a foi de resguardar a autonomia do munic\u00edpio r\u00e9u na escolha pol\u00edtica aut\u00f4noma, no exerc\u00edcio da prerrogativa de sua auto-organiza\u00e7\u00e3o. <\/p><div class=\"ijlyg69f28937301fd\" ><!--<a href=\"https:\/\/bit.ly\/3QdrqTZ\" target=\"_blank\">\n<img src=\"https:\/\/justicapotiguar.com.br\/wp-content\/uploads\/2023\/09\/mobile-geral.gif\"\/><a\/>--><\/div><style type=\"text\/css\">\r\n.ijlyg69f28937301fd {\r\ntext-align: center;\r\n}\r\n@media screen and (min-width: 1201px) {\r\n.ijlyg69f28937301fd {\r\ndisplay: none;\r\n}\r\n}\r\n@media screen and (min-width: 993px) and (max-width: 1200px) {\r\n.ijlyg69f28937301fd {\r\ndisplay: none;\r\n}\r\n}\r\n@media screen and (min-width: 769px) and (max-width: 992px) {\r\n.ijlyg69f28937301fd {\r\ndisplay: none;\r\n}\r\n}\r\n@media screen and (min-width: 768px) and (max-width: 768px) {\r\n.ijlyg69f28937301fd {\r\ndisplay: block;\r\n}\r\n}\r\n@media screen and (max-width: 767px) {\r\n.ijlyg69f28937301fd {\r\ndisplay: block;\r\n}\r\n}\r\n<\/style>\r\n<div class=\"lguzr69f28937301dd\" ><!--<a href=\"https:\/\/bit.ly\/3QdrqTZ\" target=\"_blank\">\n<img src=\"https:\/\/justicapotiguar.com.br\/wp-content\/uploads\/2023\/09\/desktop-geral.gif\"\/><a\/>--><\/div><style type=\"text\/css\">\r\n.lguzr69f28937301dd {\r\ntext-align: center;\nmargin-bottom: 1em;\r\n}\r\n@media screen and (min-width: 1201px) {\r\n.lguzr69f28937301dd {\r\ndisplay: block;\r\n}\r\n}\r\n@media screen and (min-width: 993px) and (max-width: 1200px) {\r\n.lguzr69f28937301dd {\r\ndisplay: block;\r\n}\r\n}\r\n@media screen and (min-width: 769px) and (max-width: 992px) {\r\n.lguzr69f28937301dd {\r\ndisplay: block;\r\n}\r\n}\r\n@media screen and (min-width: 768px) and (max-width: 768px) {\r\n.lguzr69f28937301dd {\r\ndisplay: none;\r\n}\r\n}\r\n@media screen and (max-width: 767px) {\r\n.lguzr69f28937301dd {\r\ndisplay: none;\r\n}\r\n}\r\n<\/style>\r\n\n\n\n\n<figure class=\"wp-block-image size-large\"><img loading=\"lazy\" width=\"680\" height=\"357\" src=\"https:\/\/justicapotiguar.com.br\/wp-content\/uploads\/2020\/03\/47BBF37149ED403BF4F3BFC618271EF8C313_calc.jpg\" alt=\"\" class=\"wp-image-8040\" srcset=\"https:\/\/justicapotiguar.com.br\/wp-content\/uploads\/2020\/03\/47BBF37149ED403BF4F3BFC618271EF8C313_calc.jpg 680w, https:\/\/justicapotiguar.com.br\/wp-content\/uploads\/2020\/03\/47BBF37149ED403BF4F3BFC618271EF8C313_calc-300x158.jpg 300w\" sizes=\"(max-width: 680px) 100vw, 680px\" \/><\/figure>\n\n\n\n<p>&#8220;Assim, a remessa necess\u00e1ria e a apela\u00e7\u00e3o c\u00edvel interposta pelo autor devem ser desprovidos\u201d, decidiu a relatora.Na a\u00e7\u00e3o judicial, o\u00a0Minist\u00e9rio P\u00fablico\u00a0alega que foi instaurado\u00a0Inqu\u00e9rito\u00a0Civil em 2017 com o objetivo de apurar estrutura\u00e7\u00e3o da Contadoria do Munic\u00edpio de Arez, com a cria\u00e7\u00e3o dos respectivos cargos a serem providos mediante concurso p\u00fablico e que o procedimento originou-se a partir da an\u00e1lise de contrato de presta\u00e7\u00e3o de servi\u00e7o, celebrado entre o citado Munic\u00edpio e uma empresa de Contabilidade.O contrato visava a presta\u00e7\u00e3o de servi\u00e7os de assessoria na folha de pagamento dos servidores efetivos, contratados e comissionados da Administra\u00e7\u00e3o P\u00fablica do Munic\u00edpio de Arez. Outro contrato foi firmado entre o ente municipal e uma empresa do ramo de Auditoria e Consultoria para a presta\u00e7\u00e3o de servi\u00e7os de t\u00e9cnicos especializados na consultoria cont\u00e1bil do Munic\u00edpio de Arez.O MP conclui afirmando que, \u201cdiante da conjuntura exposta que perdura ao menos desde 2010, v\u00ea-se que a manuten\u00e7\u00e3o da situa\u00e7\u00e3o de contrata\u00e7\u00e3o de servi\u00e7o de contadoria de forma tempor\u00e1ria, para a presta\u00e7\u00e3o de servi\u00e7os t\u00e9cnicos de contabilidade \u00e0 Prefeitura de Arez, constitui evidente ofensa ao preceito constitucional que exige que a ocupa\u00e7\u00e3o e exerc\u00edcio de fun\u00e7\u00f5es p\u00fablicas se deem por concurso p\u00fablico, j\u00e1 que no caso n\u00e3o ocorre situa\u00e7\u00e3o excepcional de servi\u00e7o tempor\u00e1rio a admitir a situa\u00e7\u00e3o narrada, raz\u00e3o pela qual cab\u00edvel a presente\u00a0A\u00e7\u00e3o\u00a0Civil P\u00fablica\u201d.<\/p>\n","protected":false},"excerpt":{"rendered":"<p>Os desembargadores da 3\u00aa C\u00e2mara C\u00edvel do Tribunal de Justi\u00e7a, \u00e0 unanimidade de votos, negaram recurso interposto pelo\u00a0Minist\u00e9rio P\u00fablico\u00a0Estadual e mantiveram a senten\u00e7a da 2\u00aa Vara da\u00a0Comarca\u00a0de N\u00edsia Floresta que julgou improcedente os pedidos de condena\u00e7\u00e3o do Munic\u00edpio de Arez para deflagra\u00e7\u00e3o do processo legislativo com envio de projeto de lei \u00e0 C\u00e2mara Municipal para<br \/><a class=\"more-link\" href=\"https:\/\/justicapotiguar.com.br\/index.php\/2024\/09\/11\/separacao-de-poderes-tj-nega-pedido-para-municipio-estruturar-contadoria-em-ambito-local\/\">Mais&#8230;<\/a><\/p>\n","protected":false},"author":5,"featured_media":0,"comment_status":"open","ping_status":"open","sticky":false,"template":"","format":"standard","meta":[],"categories":[1],"tags":[],"_links":{"self":[{"href":"https:\/\/justicapotiguar.com.br\/index.php\/wp-json\/wp\/v2\/posts\/38529"}],"collection":[{"href":"https:\/\/justicapotiguar.com.br\/index.php\/wp-json\/wp\/v2\/posts"}],"about":[{"href":"https:\/\/justicapotiguar.com.br\/index.php\/wp-json\/wp\/v2\/types\/post"}],"author":[{"embeddable":true,"href":"https:\/\/justicapotiguar.com.br\/index.php\/wp-json\/wp\/v2\/users\/5"}],"replies":[{"embeddable":true,"href":"https:\/\/justicapotiguar.com.br\/index.php\/wp-json\/wp\/v2\/comments?post=38529"}],"version-history":[{"count":1,"href":"https:\/\/justicapotiguar.com.br\/index.php\/wp-json\/wp\/v2\/posts\/38529\/revisions"}],"predecessor-version":[{"id":38530,"href":"https:\/\/justicapotiguar.com.br\/index.php\/wp-json\/wp\/v2\/posts\/38529\/revisions\/38530"}],"wp:attachment":[{"href":"https:\/\/justicapotiguar.com.br\/index.php\/wp-json\/wp\/v2\/media?parent=38529"}],"wp:term":[{"taxonomy":"category","embeddable":true,"href":"https:\/\/justicapotiguar.com.br\/index.php\/wp-json\/wp\/v2\/categories?post=38529"},{"taxonomy":"post_tag","embeddable":true,"href":"https:\/\/justicapotiguar.com.br\/index.php\/wp-json\/wp\/v2\/tags?post=38529"}],"curies":[{"name":"wp","href":"https:\/\/api.w.org\/{rel}","templated":true}]}}