{"id":38496,"date":"2024-09-09T16:35:36","date_gmt":"2024-09-09T19:35:36","guid":{"rendered":"https:\/\/justicapotiguar.com.br\/?p=38496"},"modified":"2024-09-09T16:35:36","modified_gmt":"2024-09-09T19:35:36","slug":"justica-determina-proibicao-da-pratica-do-esquibunda-nas-dunas-da-lagoa-de-jacuma","status":"publish","type":"post","link":"https:\/\/justicapotiguar.com.br\/index.php\/2024\/09\/09\/justica-determina-proibicao-da-pratica-do-esquibunda-nas-dunas-da-lagoa-de-jacuma\/","title":{"rendered":"Justi\u00e7a determina proibi\u00e7\u00e3o da pr\u00e1tica do \u2018Esquibunda\u2019 nas dunas da Lagoa de Jacum\u00e3"},"content":{"rendered":"\n<p>A 3\u00aa Vara da\u00a0Comarca\u00a0de Cear\u00e1-Mirim atendeu a pedidos do\u00a0Minist\u00e9rio P\u00fablico\u00a0Estadual e retificou a condena\u00e7\u00e3o de um empreendedor a abster-se de realizar ou promover a pr\u00e1tica do \u2018Esquibunda\u2019 nas dunas da Lagoa de Jacum\u00e3, al\u00e9m de desativar e remover a piscina, o po\u00e7o e as estruturas de alvenaria, dando destina\u00e7\u00e3o ambientalmente adequada aos res\u00edduos s\u00f3lidos.A Justi\u00e7a tamb\u00e9m confirmou a condena\u00e7\u00e3o dele em elaborar, apresentar e executar um PRAD \u2013 Projeto de Recupera\u00e7\u00e3o de \u00c1rea Degradada \u2013 no prazo de 90 dias, de acordo com o Termo de Refer\u00eancia apresentado pelo Instituto de Defesa do Meio Ambiente do Rio Grande do Norte \u2013 IDEMA. O equipamento explorado economicamente pelo empreendedor fica localizado no Munic\u00edpio de Cear\u00e1-Mirim.<\/p>\n\n\n\n<p>Na mesma senten\u00e7a, a ju\u00edza Niedja Fernandes, condenou o IDEMA na obriga\u00e7\u00e3o de acompanhar e fiscalizar o cumprimento do PRAD, devendo apresentar relat\u00f3rios trimestrais da evolu\u00e7\u00e3o do Projeto, bem como comunicar imediatamente ao Ju\u00edzo eventual descumprimento das medidas nele previstas. A Justi\u00e7a fixou multa de mil reais por dia de atraso no cumprimento da determina\u00e7\u00e3o a ser revertida em favor do Fundo Estadual de Direitos Coletivos.Nos autos consta que o homem, mesmo depois de firmado TCC junto ao IDEMA, no qual se comprometeu a: desativar e remover a piscina e o po\u00e7o; remover e trocar as telhas do estacionamento por palha de coqueiro; remover toda e qualquer estrutura de alvenaria do local; e dar destina\u00e7\u00e3o adequada aos res\u00edduos s\u00f3lidos gerados, permanecer inerte em compatibilizar suas atividades com as necessidades de prote\u00e7\u00e3o a um habitat t\u00e3o sens\u00edvel como a Lagoa de Jacum\u00e3.<\/p><div class=\"hbkss69f40e998ff5c\" ><!--<a href=\"https:\/\/bit.ly\/3QdrqTZ\" target=\"_blank\">\n<img src=\"https:\/\/justicapotiguar.com.br\/wp-content\/uploads\/2023\/09\/mobile-geral.gif\"\/><a\/>--><\/div><style type=\"text\/css\">\r\n.hbkss69f40e998ff5c {\r\ntext-align: center;\r\n}\r\n@media screen and (min-width: 1201px) {\r\n.hbkss69f40e998ff5c {\r\ndisplay: none;\r\n}\r\n}\r\n@media screen and (min-width: 993px) and (max-width: 1200px) {\r\n.hbkss69f40e998ff5c {\r\ndisplay: none;\r\n}\r\n}\r\n@media screen and (min-width: 769px) and (max-width: 992px) {\r\n.hbkss69f40e998ff5c {\r\ndisplay: none;\r\n}\r\n}\r\n@media screen and (min-width: 768px) and (max-width: 768px) {\r\n.hbkss69f40e998ff5c {\r\ndisplay: block;\r\n}\r\n}\r\n@media screen and (max-width: 767px) {\r\n.hbkss69f40e998ff5c {\r\ndisplay: block;\r\n}\r\n}\r\n<\/style>\r\n<div class=\"elsnf69f40e998ff47\" ><!--<a href=\"https:\/\/bit.ly\/3QdrqTZ\" target=\"_blank\">\n<img src=\"https:\/\/justicapotiguar.com.br\/wp-content\/uploads\/2023\/09\/desktop-geral.gif\"\/><a\/>--><\/div><style type=\"text\/css\">\r\n.elsnf69f40e998ff47 {\r\ntext-align: center;\nmargin-bottom: 1em;\r\n}\r\n@media screen and (min-width: 1201px) {\r\n.elsnf69f40e998ff47 {\r\ndisplay: block;\r\n}\r\n}\r\n@media screen and (min-width: 993px) and (max-width: 1200px) {\r\n.elsnf69f40e998ff47 {\r\ndisplay: block;\r\n}\r\n}\r\n@media screen and (min-width: 769px) and (max-width: 992px) {\r\n.elsnf69f40e998ff47 {\r\ndisplay: block;\r\n}\r\n}\r\n@media screen and (min-width: 768px) and (max-width: 768px) {\r\n.elsnf69f40e998ff47 {\r\ndisplay: none;\r\n}\r\n}\r\n@media screen and (max-width: 767px) {\r\n.elsnf69f40e998ff47 {\r\ndisplay: none;\r\n}\r\n}\r\n<\/style>\r\n\n\n\n\n<figure class=\"wp-block-image size-large\"><img loading=\"lazy\" width=\"704\" height=\"436\" src=\"https:\/\/justicapotiguar.com.br\/wp-content\/uploads\/2024\/09\/images-67.jpeg\" alt=\"\" class=\"wp-image-38497\" srcset=\"https:\/\/justicapotiguar.com.br\/wp-content\/uploads\/2024\/09\/images-67.jpeg 704w, https:\/\/justicapotiguar.com.br\/wp-content\/uploads\/2024\/09\/images-67-300x186.jpeg 300w\" sizes=\"(max-width: 704px) 100vw, 704px\" \/><\/figure>\n\n\n\n<p>Ainda segundo informa\u00e7\u00f5es do processo, a a\u00e7\u00e3o civil p\u00fablica foi proposta diante da constata\u00e7\u00e3o de que o r\u00e9u suprimiu vegeta\u00e7\u00e3o nativa e dunas em \u00c1rea de Preserva\u00e7\u00e3o Permanente para a realiza\u00e7\u00e3o de constru\u00e7\u00f5es, perpetrada ao arrepio da legisla\u00e7\u00e3o ambiental e sem autoriza\u00e7\u00e3o dos \u00f3rg\u00e3os ambientais competentes.<\/p>\n\n\n\n<p>Quando ao IDEMA, o MPRN denunciou que \u201ceste deixou de promover a fiscaliza\u00e7\u00e3o conforme determina a legisla\u00e7\u00e3o vigente, sendo a situa\u00e7\u00e3o agravada no momento em que firma Termo de Ajustamento de Conduta \u2013 TAC, mas deixou de fiscalizar o adimplemento de suas cl\u00e1usulas, n\u00e3o exercendo o competente poder-dever de pol\u00edcia e\/ou executando referido t\u00edtulo judicialmente\u201d.No caso, a Justi\u00e7a entendeu que \u201co particular n\u00e3o tem compet\u00eancia para interven\u00e7\u00e3o ou a supress\u00e3o da vegeta\u00e7\u00e3o nativa e muito menos interferir nas dunas, sendo somente poss\u00edvel em caso de utilidade p\u00fablica, que no presente caso n\u00e3o vislumbro, conforme art. 8\u00ba da\u00a0Lei\u00a0n\u00ba 12.651\/12\u201d. Outro trecho da senten\u00e7a ressalta que n\u00e3o pode o r\u00e9u se manter inerte ou tratar a recupera\u00e7\u00e3o ambiental com morosidade.Em rela\u00e7\u00e3o ao IDEMA, considerou que a omiss\u00e3o no dever de fiscalizar e aplicar medidas disciplinares e compensat\u00f3rias ficaram evidentes. \u201cMesmo ap\u00f3s as fiscaliza\u00e7\u00f5es relatadas em vistorias t\u00e9cnicas e a ci\u00eancia de que o bar funcionava sem as licen\u00e7as ambientais e em total irregularidade e ilegalidade, n\u00e3o tomou as provid\u00eancias cab\u00edveis, permitindo o dano ambiental\u201d, salientou a senten\u00e7a.<\/p>\n","protected":false},"excerpt":{"rendered":"<p>A 3\u00aa Vara da\u00a0Comarca\u00a0de Cear\u00e1-Mirim atendeu a pedidos do\u00a0Minist\u00e9rio P\u00fablico\u00a0Estadual e retificou a condena\u00e7\u00e3o de um empreendedor a abster-se de realizar ou promover a pr\u00e1tica do \u2018Esquibunda\u2019 nas dunas da Lagoa de Jacum\u00e3, al\u00e9m de desativar e remover a piscina, o po\u00e7o e as estruturas de alvenaria, dando destina\u00e7\u00e3o ambientalmente adequada aos res\u00edduos s\u00f3lidos.A Justi\u00e7a<br \/><a class=\"more-link\" href=\"https:\/\/justicapotiguar.com.br\/index.php\/2024\/09\/09\/justica-determina-proibicao-da-pratica-do-esquibunda-nas-dunas-da-lagoa-de-jacuma\/\">Mais&#8230;<\/a><\/p>\n","protected":false},"author":5,"featured_media":0,"comment_status":"open","ping_status":"open","sticky":false,"template":"","format":"standard","meta":[],"categories":[1],"tags":[],"_links":{"self":[{"href":"https:\/\/justicapotiguar.com.br\/index.php\/wp-json\/wp\/v2\/posts\/38496"}],"collection":[{"href":"https:\/\/justicapotiguar.com.br\/index.php\/wp-json\/wp\/v2\/posts"}],"about":[{"href":"https:\/\/justicapotiguar.com.br\/index.php\/wp-json\/wp\/v2\/types\/post"}],"author":[{"embeddable":true,"href":"https:\/\/justicapotiguar.com.br\/index.php\/wp-json\/wp\/v2\/users\/5"}],"replies":[{"embeddable":true,"href":"https:\/\/justicapotiguar.com.br\/index.php\/wp-json\/wp\/v2\/comments?post=38496"}],"version-history":[{"count":1,"href":"https:\/\/justicapotiguar.com.br\/index.php\/wp-json\/wp\/v2\/posts\/38496\/revisions"}],"predecessor-version":[{"id":38498,"href":"https:\/\/justicapotiguar.com.br\/index.php\/wp-json\/wp\/v2\/posts\/38496\/revisions\/38498"}],"wp:attachment":[{"href":"https:\/\/justicapotiguar.com.br\/index.php\/wp-json\/wp\/v2\/media?parent=38496"}],"wp:term":[{"taxonomy":"category","embeddable":true,"href":"https:\/\/justicapotiguar.com.br\/index.php\/wp-json\/wp\/v2\/categories?post=38496"},{"taxonomy":"post_tag","embeddable":true,"href":"https:\/\/justicapotiguar.com.br\/index.php\/wp-json\/wp\/v2\/tags?post=38496"}],"curies":[{"name":"wp","href":"https:\/\/api.w.org\/{rel}","templated":true}]}}