{"id":38474,"date":"2024-09-09T12:21:00","date_gmt":"2024-09-09T15:21:00","guid":{"rendered":"https:\/\/justicapotiguar.com.br\/?p=38474"},"modified":"2024-09-09T13:14:37","modified_gmt":"2024-09-09T16:14:37","slug":"plano-deve-garantir-cirurgia-para-paciente-com-cancer-de-mama-e-pagar-danos-morais","status":"publish","type":"post","link":"https:\/\/justicapotiguar.com.br\/index.php\/2024\/09\/09\/plano-deve-garantir-cirurgia-para-paciente-com-cancer-de-mama-e-pagar-danos-morais\/","title":{"rendered":"Plano deve garantir cirurgia para paciente com c\u00e2ncer de mama e pagar danos morais"},"content":{"rendered":"\n<p>A Justi\u00e7a determinou que um plano de sa\u00fade garanta procedimento cir\u00fargico a uma paciente com c\u00e2ncer de mama, bem como deve indeniz\u00e1-la por danos morais no valor de R$ 8 mil. Assim decidiu o juiz Patr\u00edcio Vieira, da 9\u00aa Vara C\u00edvel da\u00a0Comarca\u00a0de Natal.De acordo com os autos do processo, a autora foi diagnosticada com neoplasia maligna da mama. No entanto, recebeu negativa de cobertura de procedimento cir\u00fargico para retirada de n\u00f3dulo na mama esquerda, sob a justificativa de prazo de car\u00eancia a cumprir.Analisando o caso, o magistrado observou que a autora alega n\u00e3o poder arcar com as despesas processuais, havendo presun\u00e7\u00e3o de verdade em seu requerimento, conforme art. 99, do\u00a0C\u00f3digo\u00a0de Processo Civil (CPC). <\/p>\n\n\n\n<p>Quanto \u00e0s suas condi\u00e7\u00f5es de sa\u00fade, verificou-se que os documentos anexados nos autos s\u00e3o suficientes \u00e0 comprova\u00e7\u00e3o, apontando no sentido de que a autora, de fato, necessitava de procedimento cir\u00fargico em raz\u00e3o do quadro de neoplasia maligna da mama.O juiz Patr\u00edcio Vieira afirmou, al\u00e9m disso, que a declara\u00e7\u00e3o m\u00e9dica, assinada por m\u00e9dico mastologista, \u00e9 clara quanto ao quadro de sa\u00fade da autora, afirmando que \u201ca confirma\u00e7\u00e3o da neoplasia maligna ocorreu atrav\u00e9s do exame histopatol\u00f3gico, por\u00e9m sem nenhum n\u00f3dulo mam\u00e1rio, este surgindo somente em 20 de outubro de 2023, com evolu\u00e7\u00e3o estrutural r\u00e1pida (\u2026) o tratamento \u00e9 imprescind\u00edvel para manuten\u00e7\u00e3o da sa\u00fade, n\u00e3o podendo ser interrompido ou paralisado\u201d.Nesse sentido, o magistrado embasou-se no art. 6\u00ba da Carta da Rep\u00fablica, ao citar que a sa\u00fade \u00e9 direito fundamental previsto, sendo, no \u00e2mbito contratual, servi\u00e7o que deve ser prestado com a seguran\u00e7a que dele se espera, referente \u00e0s normas de ordem p\u00fablica e interesse social consagradas no Estatuto Consumerista.\u201cUma vez configurada a situa\u00e7\u00e3o de urg\u00eancia, n\u00e3o h\u00e1 o que se falar em car\u00eancia estabelecida em contrato, j\u00e1 que a solicita\u00e7\u00e3o de interna\u00e7\u00e3o se deu em per\u00edodo muito superior \u00e0s 24 horas estabelecidas pela lei. <\/p><div class=\"hrlzw69f53cbb1fd52\" ><!--<a href=\"https:\/\/bit.ly\/3QdrqTZ\" target=\"_blank\">\n<img src=\"https:\/\/justicapotiguar.com.br\/wp-content\/uploads\/2023\/09\/mobile-geral.gif\"\/><a\/>--><\/div><style type=\"text\/css\">\r\n.hrlzw69f53cbb1fd52 {\r\ntext-align: center;\r\n}\r\n@media screen and (min-width: 1201px) {\r\n.hrlzw69f53cbb1fd52 {\r\ndisplay: none;\r\n}\r\n}\r\n@media screen and (min-width: 993px) and (max-width: 1200px) {\r\n.hrlzw69f53cbb1fd52 {\r\ndisplay: none;\r\n}\r\n}\r\n@media screen and (min-width: 769px) and (max-width: 992px) {\r\n.hrlzw69f53cbb1fd52 {\r\ndisplay: none;\r\n}\r\n}\r\n@media screen and (min-width: 768px) and (max-width: 768px) {\r\n.hrlzw69f53cbb1fd52 {\r\ndisplay: block;\r\n}\r\n}\r\n@media screen and (max-width: 767px) {\r\n.hrlzw69f53cbb1fd52 {\r\ndisplay: block;\r\n}\r\n}\r\n<\/style>\r\n<div class=\"ajfgw69f53cbb1fd3d\" ><!--<a href=\"https:\/\/bit.ly\/3QdrqTZ\" target=\"_blank\">\n<img src=\"https:\/\/justicapotiguar.com.br\/wp-content\/uploads\/2023\/09\/desktop-geral.gif\"\/><a\/>--><\/div><style type=\"text\/css\">\r\n.ajfgw69f53cbb1fd3d {\r\ntext-align: center;\nmargin-bottom: 1em;\r\n}\r\n@media screen and (min-width: 1201px) {\r\n.ajfgw69f53cbb1fd3d {\r\ndisplay: block;\r\n}\r\n}\r\n@media screen and (min-width: 993px) and (max-width: 1200px) {\r\n.ajfgw69f53cbb1fd3d {\r\ndisplay: block;\r\n}\r\n}\r\n@media screen and (min-width: 769px) and (max-width: 992px) {\r\n.ajfgw69f53cbb1fd3d {\r\ndisplay: block;\r\n}\r\n}\r\n@media screen and (min-width: 768px) and (max-width: 768px) {\r\n.ajfgw69f53cbb1fd3d {\r\ndisplay: none;\r\n}\r\n}\r\n@media screen and (max-width: 767px) {\r\n.ajfgw69f53cbb1fd3d {\r\ndisplay: none;\r\n}\r\n}\r\n<\/style>\r\n\n\n\n\n<figure class=\"wp-block-image size-large\"><img loading=\"lazy\" width=\"1024\" height=\"683\" src=\"https:\/\/justicapotiguar.com.br\/wp-content\/uploads\/2019\/10\/cirurgia-002-1024x683.jpg\" alt=\"\" class=\"wp-image-3305\" srcset=\"https:\/\/justicapotiguar.com.br\/wp-content\/uploads\/2019\/10\/cirurgia-002-1024x683.jpg 1024w, https:\/\/justicapotiguar.com.br\/wp-content\/uploads\/2019\/10\/cirurgia-002-300x200.jpg 300w, https:\/\/justicapotiguar.com.br\/wp-content\/uploads\/2019\/10\/cirurgia-002-768x512.jpg 768w, https:\/\/justicapotiguar.com.br\/wp-content\/uploads\/2019\/10\/cirurgia-002.jpg 1125w\" sizes=\"(max-width: 1024px) 100vw, 1024px\" \/><figcaption>Ilustrativa <\/figcaption><\/figure>\n\n\n\n<p>Al\u00e9m disso, a partir da legisla\u00e7\u00e3o pr\u00f3pria de reg\u00eancia e da interpreta\u00e7\u00e3o dos princ\u00edpios elencados em\u00a0C\u00f3digo\u00a0de Defesa do Consumidor, n\u00e3o pode, ap\u00f3s o per\u00edodo citado, haver limita\u00e7\u00f5es de atendimento, mas deve este se dar de toda a forma necess\u00e1ria para o tratamento do paciente, incluindo exames e procedimentos, sem limites de dias de interna\u00e7\u00e3o\u201d, salientou o juiz Patr\u00edcio Vieira.<\/p>\n","protected":false},"excerpt":{"rendered":"<p>A Justi\u00e7a determinou que um plano de sa\u00fade garanta procedimento cir\u00fargico a uma paciente com c\u00e2ncer de mama, bem como deve indeniz\u00e1-la por danos morais no valor de R$ 8 mil. Assim decidiu o juiz Patr\u00edcio Vieira, da 9\u00aa Vara C\u00edvel da\u00a0Comarca\u00a0de Natal.De acordo com os autos do processo, a autora foi diagnosticada com neoplasia<br \/><a class=\"more-link\" href=\"https:\/\/justicapotiguar.com.br\/index.php\/2024\/09\/09\/plano-deve-garantir-cirurgia-para-paciente-com-cancer-de-mama-e-pagar-danos-morais\/\">Mais&#8230;<\/a><\/p>\n","protected":false},"author":5,"featured_media":0,"comment_status":"open","ping_status":"open","sticky":false,"template":"","format":"standard","meta":[],"categories":[1],"tags":[],"_links":{"self":[{"href":"https:\/\/justicapotiguar.com.br\/index.php\/wp-json\/wp\/v2\/posts\/38474"}],"collection":[{"href":"https:\/\/justicapotiguar.com.br\/index.php\/wp-json\/wp\/v2\/posts"}],"about":[{"href":"https:\/\/justicapotiguar.com.br\/index.php\/wp-json\/wp\/v2\/types\/post"}],"author":[{"embeddable":true,"href":"https:\/\/justicapotiguar.com.br\/index.php\/wp-json\/wp\/v2\/users\/5"}],"replies":[{"embeddable":true,"href":"https:\/\/justicapotiguar.com.br\/index.php\/wp-json\/wp\/v2\/comments?post=38474"}],"version-history":[{"count":1,"href":"https:\/\/justicapotiguar.com.br\/index.php\/wp-json\/wp\/v2\/posts\/38474\/revisions"}],"predecessor-version":[{"id":38475,"href":"https:\/\/justicapotiguar.com.br\/index.php\/wp-json\/wp\/v2\/posts\/38474\/revisions\/38475"}],"wp:attachment":[{"href":"https:\/\/justicapotiguar.com.br\/index.php\/wp-json\/wp\/v2\/media?parent=38474"}],"wp:term":[{"taxonomy":"category","embeddable":true,"href":"https:\/\/justicapotiguar.com.br\/index.php\/wp-json\/wp\/v2\/categories?post=38474"},{"taxonomy":"post_tag","embeddable":true,"href":"https:\/\/justicapotiguar.com.br\/index.php\/wp-json\/wp\/v2\/tags?post=38474"}],"curies":[{"name":"wp","href":"https:\/\/api.w.org\/{rel}","templated":true}]}}