{"id":38388,"date":"2024-09-02T15:35:28","date_gmt":"2024-09-02T18:35:28","guid":{"rendered":"https:\/\/justicapotiguar.com.br\/?p=38388"},"modified":"2024-09-02T15:35:28","modified_gmt":"2024-09-02T18:35:28","slug":"informativo-819-do-stj-de-6-de-agosto-de-2024","status":"publish","type":"post","link":"https:\/\/justicapotiguar.com.br\/index.php\/2024\/09\/02\/informativo-819-do-stj-de-6-de-agosto-de-2024\/","title":{"rendered":"Informativo 819 do STJ, de 6 de agosto de 2024"},"content":{"rendered":"\n<p><strong>Rodrigo Leite | @rodrigocrleite&nbsp;<\/strong><\/p>\n\n\n\n<p><strong>Canal P\u00edlulas Jur\u00eddicas | STF e STJ&nbsp;<\/strong><\/p>\n\n\n\n<p><strong>Link de acesso ao Canal: <\/strong><a href=\"https:\/\/whatsapp.com\/channel\/0029VaD2dLy4yltRhxnIPR0c\">https:\/\/whatsapp.com\/channel\/0029VaD2dLy4yltRhxnIPR0c<\/a><\/p>\n\n\n\n<p><strong>CORTE ESPECIAL<\/strong><\/p>\n\n\n\n<p>&#8211; N\u00e3o h\u00e1 se falar em Suspens\u00e3o de Liminar e de Senten\u00e7a quando inexiste nos autos qualquer tipo de documento que evidencie concretamente o risco iminente, concreto e injustific\u00e1vel de grave les\u00e3o \u00e0 ordem econ\u00f4mica \u2013 <strong>SLS 2.480-PR<\/strong>, julgado em 19\/6\/2024.<\/p>\n\n\n\n<p>&#8211; Express\u00f5es eventualmente contumeliosas, quando proferidas em momento de exalta\u00e7\u00e3o, bem assim no exerc\u00edcio do direito de cr\u00edtica ou de censura profissional, ainda que veementes, atuam como fatores de descaracteriza\u00e7\u00e3o do elemento subjetivo peculiar aos tipos penais definidores dos crimes contra a honra \u2013 <strong>QC 6-DF<\/strong>, julgado em 10\/6\/2024.<\/p>\n\n\n\n<p>&#8211; Ao defensor dativo n\u00e3o se aplica a obrigatoriedade de recolhimento do preparo do recurso que verse apenas sobre os honor\u00e1rios sucumbenciais \u2013 <strong>EREsp 1.832.063-SP<\/strong>, julgado em 14\/12\/2023.<\/p>\n\n\n\n<p><strong>PRIMEIRA SE\u00c7\u00c3O<\/strong><\/p>\n\n\n\n<p>&#8211; Compete \u00e0 Justi\u00e7a Federal decidir as causas de interesse do Conselho Curador de Honor\u00e1rios Advocat\u00edcios, \u00f3rg\u00e3o que n\u00e3o det\u00e9m personalidade jur\u00eddica pr\u00f3pria e est\u00e1 expressamente vinculado \u00e0 Advocacia-Geral da Uni\u00e3o \u2013 <strong>CC 199.358-RJ<\/strong>, julgado em 24\/4\/2024.<\/p>\n\n\n\n<p><strong>SEGUNDA SE\u00c7\u00c3O<\/strong><\/p>\n\n\n\n<p>&#8211; Configura usurpa\u00e7\u00e3o da compet\u00eancia do STJ quando o Tribunal de origem n\u00e3o conhece do pedido de reconsidera\u00e7\u00e3o como agravo em recurso especial, a despeito de pedido subsidi\u00e1rio expresso \u2013 <strong>Rcl 46.756-RJ<\/strong>, julgado em 18\/4\/2024.<\/p>\n\n\n\n<p>&#8211; Deve ser admitida a inclus\u00e3o posterior do dependente direto como benefici\u00e1rio do ex-participante de previd\u00eancia privada, desde que isso n\u00e3o acarrete preju\u00edzo ao fundo de pens\u00e3o \u2013 <strong>EAREsp 925.908-SE<\/strong>, julgado em 22\/5\/2024.<\/p>\n\n\n\n<p><strong>TERCEIRA SE\u00c7\u00c3O<\/strong><\/p>\n\n\n\n<p>&#8211; A confiss\u00e3o judicial, em princ\u00edpio, \u00e9, obviamente, l\u00edcita. Todavia, para a condena\u00e7\u00e3o, apenas ser\u00e1 considerada a confiss\u00e3o que encontre algum sustento nas demais provas, tudo \u00e0 luz do art. 197 do CPP \u2013 <strong>AREsp 2.123.334-MG<\/strong>, julgado em 20\/6\/2024.<\/p><div class=\"ezefg69f2b3810acdd\" ><!--<a href=\"https:\/\/bit.ly\/3QdrqTZ\" target=\"_blank\">\n<img src=\"https:\/\/justicapotiguar.com.br\/wp-content\/uploads\/2023\/09\/mobile-geral.gif\"\/><a\/>--><\/div><style type=\"text\/css\">\r\n.ezefg69f2b3810acdd {\r\ntext-align: center;\r\n}\r\n@media screen and (min-width: 1201px) {\r\n.ezefg69f2b3810acdd {\r\ndisplay: none;\r\n}\r\n}\r\n@media screen and (min-width: 993px) and (max-width: 1200px) {\r\n.ezefg69f2b3810acdd {\r\ndisplay: none;\r\n}\r\n}\r\n@media screen and (min-width: 769px) and (max-width: 992px) {\r\n.ezefg69f2b3810acdd {\r\ndisplay: none;\r\n}\r\n}\r\n@media screen and (min-width: 768px) and (max-width: 768px) {\r\n.ezefg69f2b3810acdd {\r\ndisplay: block;\r\n}\r\n}\r\n@media screen and (max-width: 767px) {\r\n.ezefg69f2b3810acdd {\r\ndisplay: block;\r\n}\r\n}\r\n<\/style>\r\n<div class=\"ysstc69f2b3810acc7\" ><!--<a href=\"https:\/\/bit.ly\/3QdrqTZ\" target=\"_blank\">\n<img src=\"https:\/\/justicapotiguar.com.br\/wp-content\/uploads\/2023\/09\/desktop-geral.gif\"\/><a\/>--><\/div><style type=\"text\/css\">\r\n.ysstc69f2b3810acc7 {\r\ntext-align: center;\nmargin-bottom: 1em;\r\n}\r\n@media screen and (min-width: 1201px) {\r\n.ysstc69f2b3810acc7 {\r\ndisplay: block;\r\n}\r\n}\r\n@media screen and (min-width: 993px) and (max-width: 1200px) {\r\n.ysstc69f2b3810acc7 {\r\ndisplay: block;\r\n}\r\n}\r\n@media screen and (min-width: 769px) and (max-width: 992px) {\r\n.ysstc69f2b3810acc7 {\r\ndisplay: block;\r\n}\r\n}\r\n@media screen and (min-width: 768px) and (max-width: 768px) {\r\n.ysstc69f2b3810acc7 {\r\ndisplay: none;\r\n}\r\n}\r\n@media screen and (max-width: 767px) {\r\n.ysstc69f2b3810acc7 {\r\ndisplay: none;\r\n}\r\n}\r\n<\/style>\r\n\n\n\n\n<p>&#8211; A confiss\u00e3o extrajudicial somente ser\u00e1 admiss\u00edvel no processo judicial se feita formalmente e de maneira documentada, dentro de um estabelecimento estatal p\u00fablico e oficial. Tais garantias n\u00e3o podem ser renunciadas pelo interrogado e, se alguma delas n\u00e3o for cumprida, a prova ser\u00e1 inadmiss\u00edvel. A inadmissibilidade permanece mesmo que a acusa\u00e7\u00e3o tente introduzir a confiss\u00e3o extrajudicial no processo por outros meios de prova (como, por exemplo, o testemunho do policial que a colheu) \u2013 <strong>AREsp 2.123.334-MG<\/strong>, julgado em 20\/6\/2024.<\/p>\n\n\n\n<p>&#8211; A confiss\u00e3o extrajudicial admiss\u00edvel pode servir apenas como meio de obten\u00e7\u00e3o de provas, indicando \u00e0 pol\u00edcia ou ao Minist\u00e9rio P\u00fablico poss\u00edveis fontes de provas na investiga\u00e7\u00e3o, mas n\u00e3o pode embasar a senten\u00e7a condenat\u00f3ria \u2013 <strong>AREsp 2.123.334-MG<\/strong>, julgado em 20\/6\/2024.<\/p>\n\n\n\n<p><strong>SEGUNDA TURMA<\/strong><\/p>\n\n\n\n<p>&#8211; A previs\u00e3o do art. 5\u00ba, V, da Lei n. 12.846\/2013 abrange a constitui\u00e7\u00e3o das chamadas &#8220;empresas de fachada&#8221; com o fim de frustrar a fiscaliza\u00e7\u00e3o tribut\u00e1ria \u2013 <strong>REsp 1.808.952-RN<\/strong>, julgado em 11\/6\/2024.<\/p>\n\n\n\n<p><strong>TERCEIRA TURMA<\/strong><\/p>\n\n\n\n<p><strong>&#8211; <\/strong>A utiliza\u00e7\u00e3o indevida de imagem e obra musical de artista em campanha pol\u00edtico-eleitoral de candidato \u00e0 Presid\u00eancia da Rep\u00fablica por adeptos da campanha eleitoral devidamente identificados e sem a participa\u00e7\u00e3o ou conhecimento do partido ou do candidato, n\u00e3o gera condena\u00e7\u00e3o por danos materiais e morais destes \u2013 <strong>REsp 2.093.520-DF<\/strong>, julgado em 14\/5\/2024.<\/p>\n\n\n\n<p>&#8211; As terapias multidisciplinares prescritas por m\u00e9dico assistente para o tratamento de benefici\u00e1rio de plano de sa\u00fade, executadas em estabelecimento de sa\u00fade, por profissional devidamente habilitado, devem ser cobertas pela operadora, sem limites de sess\u00f5es \u2013 <strong>REsp 2.061.135-SP<\/strong>, julgado em 11\/6\/2024.<\/p>\n\n\n\n<p>&#8211; A partir da vig\u00eancia do CPC\/2015, \u00e9 cab\u00edvel a\u00e7\u00e3o aut\u00f4noma para cobran\u00e7a e defini\u00e7\u00e3o de honor\u00e1rios advocat\u00edcios quando a decis\u00e3o transitada em julgado for omissa \u2013 <strong>REsp 2.098.934-RO<\/strong>, julgado em 5\/3\/2024.<\/p>\n\n\n\n<p>&#8211; Incumbe ao embargante a responsabilidade pelos \u00f4nus sucumbenciais nos embargos de terceiros, extintos sem julgamento de m\u00e9rito, em raz\u00e3o da perda superveniente de seu objeto, ante a insubsist\u00eancia do feito executivo, em decorr\u00eancia do reconhecimento da prescri\u00e7\u00e3o intercorrente \u2013 <strong>REsp 2.131.651-PR<\/strong>, julgado em 21\/5\/2024.<\/p>\n\n\n\n<p>&#8211; Na hip\u00f3tese de exclus\u00e3o de litisconsorte por ilegitimidade <em>ad causam<\/em>, em decis\u00e3o interlocut\u00f3ria, \u00e9 cab\u00edvel a condena\u00e7\u00e3o da contraparte ao pagamento de honor\u00e1rios proporcionais, podendo ser fixados em <em>quantum<\/em> inferior ao percentual m\u00ednimo previsto pelo art. 85, \u00a7 2\u00ba, do CPC\/2015 \u2013 <strong>REsp 2.098.934-RO<\/strong>, julgado em 5\/3\/2024.<\/p>\n\n\n\n<p>_____________________&nbsp;<\/p>\n\n\n\n<p><strong>Rodrigo Costa Rodrigues Leite<\/strong><\/p>\n\n\n\n<p>Coautor do livro \u201cAn\u00e1lise das Diverg\u00eancias Jurisprudenciais no STF e STJ\u201d, Editora Juspodivm. Autor do livro \u201cTombamento \u2013 Vol. 36 \u2013 Cole\u00e7\u00e3o Leis Especiais para Concursos\u201d, Editora Juspodivm. Autor do livro \u201cDesapropria\u00e7\u00e3o \u2013 Vol. 39 \u2013 Cole\u00e7\u00e3o Especiais para Concursos\u201d, Editora Juspodivm. Coautor do livro \u201cSaberes Jurisprudenciais\u201d, Editora Saraiva. Coorganizador do livro \u201cCPC na Jurisprud\u00eancia\u201d, Editora Foco. Especialista em Direito P\u00fablico e Direito Processual Civil. Mestre em Direito Constitucional. Aluno laureado das Turmas 2005.2 da Universidade Potiguar. Professor da P\u00f3s-gradua\u00e7\u00e3o em Direito Civil da Rede Anhaguera-Kroton. M\u00e1ster Universit\u00e1rio em Direito Constitucional pela Universidad Del Pa\u00eds Vasco, San Sebasti\u00e1n, Espanha. Membro do Conselho Editorial da Revista do Poder Judici\u00e1rio do Estado do Rio Grande do Norte \u2013 REPOJURN.<\/p>\n\n\n\n<figure class=\"wp-block-image\"><img alt=\"\"\/><\/figure>\n","protected":false},"excerpt":{"rendered":"<p>Rodrigo Leite | @rodrigocrleite&nbsp; Canal P\u00edlulas Jur\u00eddicas | STF e STJ&nbsp; Link de acesso ao Canal: https:\/\/whatsapp.com\/channel\/0029VaD2dLy4yltRhxnIPR0c CORTE ESPECIAL &#8211; N\u00e3o h\u00e1 se falar em Suspens\u00e3o de Liminar e de Senten\u00e7a quando inexiste nos autos qualquer tipo de documento que evidencie concretamente o risco iminente, concreto e injustific\u00e1vel de grave les\u00e3o \u00e0 ordem econ\u00f4mica \u2013<br \/><a class=\"more-link\" href=\"https:\/\/justicapotiguar.com.br\/index.php\/2024\/09\/02\/informativo-819-do-stj-de-6-de-agosto-de-2024\/\">Mais&#8230;<\/a><\/p>\n","protected":false},"author":5,"featured_media":0,"comment_status":"open","ping_status":"open","sticky":false,"template":"","format":"standard","meta":[],"categories":[1],"tags":[],"_links":{"self":[{"href":"https:\/\/justicapotiguar.com.br\/index.php\/wp-json\/wp\/v2\/posts\/38388"}],"collection":[{"href":"https:\/\/justicapotiguar.com.br\/index.php\/wp-json\/wp\/v2\/posts"}],"about":[{"href":"https:\/\/justicapotiguar.com.br\/index.php\/wp-json\/wp\/v2\/types\/post"}],"author":[{"embeddable":true,"href":"https:\/\/justicapotiguar.com.br\/index.php\/wp-json\/wp\/v2\/users\/5"}],"replies":[{"embeddable":true,"href":"https:\/\/justicapotiguar.com.br\/index.php\/wp-json\/wp\/v2\/comments?post=38388"}],"version-history":[{"count":1,"href":"https:\/\/justicapotiguar.com.br\/index.php\/wp-json\/wp\/v2\/posts\/38388\/revisions"}],"predecessor-version":[{"id":38389,"href":"https:\/\/justicapotiguar.com.br\/index.php\/wp-json\/wp\/v2\/posts\/38388\/revisions\/38389"}],"wp:attachment":[{"href":"https:\/\/justicapotiguar.com.br\/index.php\/wp-json\/wp\/v2\/media?parent=38388"}],"wp:term":[{"taxonomy":"category","embeddable":true,"href":"https:\/\/justicapotiguar.com.br\/index.php\/wp-json\/wp\/v2\/categories?post=38388"},{"taxonomy":"post_tag","embeddable":true,"href":"https:\/\/justicapotiguar.com.br\/index.php\/wp-json\/wp\/v2\/tags?post=38388"}],"curies":[{"name":"wp","href":"https:\/\/api.w.org\/{rel}","templated":true}]}}