{"id":38361,"date":"2024-08-30T19:46:37","date_gmt":"2024-08-30T22:46:37","guid":{"rendered":"https:\/\/justicapotiguar.com.br\/?p=38361"},"modified":"2024-08-31T09:38:12","modified_gmt":"2024-08-31T12:38:12","slug":"carlos-kelsen-e-barbara-paloma-se-reunem-com-candidatos-a-presidencia-da-oab-mossoro","status":"publish","type":"post","link":"https:\/\/justicapotiguar.com.br\/index.php\/2024\/08\/30\/carlos-kelsen-e-barbara-paloma-se-reunem-com-candidatos-a-presidencia-da-oab-mossoro\/","title":{"rendered":"Carlos Kelsen e B\u00e1rbara Paloma se re\u00fanem com pr\u00e9-candidatos \u00e0 presid\u00eancia da OAB Mossor\u00f3"},"content":{"rendered":"\n<figure class=\"wp-block-image size-large\"><img loading=\"lazy\" width=\"682\" height=\"1024\" src=\"https:\/\/justicapotiguar.com.br\/wp-content\/uploads\/2024\/08\/IMG-20240830-WA0025-682x1024.jpg\" alt=\"\" class=\"wp-image-38362\" srcset=\"https:\/\/justicapotiguar.com.br\/wp-content\/uploads\/2024\/08\/IMG-20240830-WA0025-682x1024.jpg 682w, https:\/\/justicapotiguar.com.br\/wp-content\/uploads\/2024\/08\/IMG-20240830-WA0025-200x300.jpg 200w, https:\/\/justicapotiguar.com.br\/wp-content\/uploads\/2024\/08\/IMG-20240830-WA0025-768x1153.jpg 768w, https:\/\/justicapotiguar.com.br\/wp-content\/uploads\/2024\/08\/IMG-20240830-WA0025-1023x1536.jpg 1023w, https:\/\/justicapotiguar.com.br\/wp-content\/uploads\/2024\/08\/IMG-20240830-WA0025.jpg 1066w\" sizes=\"(max-width: 682px) 100vw, 682px\" \/><figcaption>Reprodu\u00e7\u00e3o <\/figcaption><\/figure>\n\n\n\n<p><\/p>\n\n\n\n<p>Os advogados Carlos Kelsen e B\u00e1rbara Paloma, pr\u00e9-candidatos \u00e0 presidente e vice da OAB\/RN se reuniram nesta sexta-feira (30), com os tamb\u00e9m pr\u00e9-candidatos do grupo para a OAB Mossor\u00f3.<\/p>\n\n\n\n<p>O encontro aconteceu ap\u00f3s o an\u00fancio do apoio do presidente da Ordem, Aldo Medeiros, aos nomes de Carlos Kelsen e B\u00e1rbara Paloma na sucess\u00e3o. As elei\u00e7\u00f5es acontecem no m\u00eas de novembro.<\/p>\n\n\n\n<p>Carlos Kelsen e B\u00e1rbara Paloma participaram de confraterniza\u00e7\u00e3o com a advocacia local nas comemora\u00e7\u00f5es que encerraram o mes da advocacia.<\/p>\n\n\n\n<p>Para Kelsen, a visita a Mossor\u00f3 foi uma oportunidade para estreitar la\u00e7os com a advocacia da regi\u00e3o e apoiar a pr\u00e9-candidatura de Lorena Gualberto e Am\u00e9rico Bento \u00e0 presid\u00eancia da OAB Mossor\u00f3.<\/p>\n\n\n\n<p>&#8220;Estamos juntos da advocacia mossoroense com nossa pr\u00e9-candidata a vice, B\u00e1rbara Paloma e tamb\u00e9m no apoio aos nomes de Lorena Gualberto e Am\u00e9rico Bento&#8221;, declarou Carlos Kelsen.<\/p>\n\n\n\n<p><em>Pr\u00e9-candidatos OAB Mossor\u00f3<\/em><\/p><div class=\"sozyk69f5918b87cc1\" ><!--<a href=\"https:\/\/bit.ly\/3QdrqTZ\" target=\"_blank\">\n<img src=\"https:\/\/justicapotiguar.com.br\/wp-content\/uploads\/2023\/09\/mobile-geral.gif\"\/><a\/>--><\/div><style type=\"text\/css\">\r\n.sozyk69f5918b87cc1 {\r\ntext-align: center;\r\n}\r\n@media screen and (min-width: 1201px) {\r\n.sozyk69f5918b87cc1 {\r\ndisplay: none;\r\n}\r\n}\r\n@media screen and (min-width: 993px) and (max-width: 1200px) {\r\n.sozyk69f5918b87cc1 {\r\ndisplay: none;\r\n}\r\n}\r\n@media screen and (min-width: 769px) and (max-width: 992px) {\r\n.sozyk69f5918b87cc1 {\r\ndisplay: none;\r\n}\r\n}\r\n@media screen and (min-width: 768px) and (max-width: 768px) {\r\n.sozyk69f5918b87cc1 {\r\ndisplay: block;\r\n}\r\n}\r\n@media screen and (max-width: 767px) {\r\n.sozyk69f5918b87cc1 {\r\ndisplay: block;\r\n}\r\n}\r\n<\/style>\r\n<div class=\"spjtg69f5918b87ca8\" ><!--<a href=\"https:\/\/bit.ly\/3QdrqTZ\" target=\"_blank\">\n<img src=\"https:\/\/justicapotiguar.com.br\/wp-content\/uploads\/2023\/09\/desktop-geral.gif\"\/><a\/>--><\/div><style type=\"text\/css\">\r\n.spjtg69f5918b87ca8 {\r\ntext-align: center;\nmargin-bottom: 1em;\r\n}\r\n@media screen and (min-width: 1201px) {\r\n.spjtg69f5918b87ca8 {\r\ndisplay: block;\r\n}\r\n}\r\n@media screen and (min-width: 993px) and (max-width: 1200px) {\r\n.spjtg69f5918b87ca8 {\r\ndisplay: block;\r\n}\r\n}\r\n@media screen and (min-width: 769px) and (max-width: 992px) {\r\n.spjtg69f5918b87ca8 {\r\ndisplay: block;\r\n}\r\n}\r\n@media screen and (min-width: 768px) and (max-width: 768px) {\r\n.spjtg69f5918b87ca8 {\r\ndisplay: none;\r\n}\r\n}\r\n@media screen and (max-width: 767px) {\r\n.spjtg69f5918b87ca8 {\r\ndisplay: none;\r\n}\r\n}\r\n<\/style>\r\n\n\n\n\n<p>Lorena Gualberto \u00e9 advogada e professora, s\u00f3cia administradora do Gualberto &amp; Negreiros Sociedade de Advogados. Atuante na \u00e1rea da<br>Administra\u00e7\u00e3o P\u00fablica, exerceu a fun\u00e7\u00e3o de Procuradora Geral em<br>diversos munic\u00edpios do interior. Mestranda em Ci\u00eancias Jur\u00eddicas, \u00e9 especialista em Direito Eleitoral e Direito Processual. Foi coordenadora do curso<br>de Direito da Faculdade UNIRB, presidente da Comiss\u00e3o de Educa\u00e7\u00e3o<br>da OAB Subseccional de Mossor\u00f3 e hoje est\u00e1 como Diretora Adjunta da ESA \u2013 Escola Superior de Advocacia.<\/p>\n\n\n\n<p>Am\u00e9rico Bento \u00e9 advogado militante h\u00e1 mais de 13 anos nas \u00e1reas do direto de fam\u00edlia, previdenci\u00e1rio e trabalhista. Especialista em direito de fam\u00edlia e sucess\u00f5es, Bento foi vice-presidente da<br>Comiss\u00e3o do Advogado Iniciante, membro da Comiss\u00e3o de<br>Prerrogativas, presidente da Comiss\u00e3o da Diversidade e Minorias e atualmente exerce o cargo de Conselheiro da Seccional do Rio Grande do Norte.<\/p>\n\n\n\n<p><\/p>\n\n\n\n<p><\/p>\n\n\n\n<p><\/p>\n\n\n\n<p><\/p>\n\n\n\n<p><\/p>\n","protected":false},"excerpt":{"rendered":"<p>Os advogados Carlos Kelsen e B\u00e1rbara Paloma, pr\u00e9-candidatos \u00e0 presidente e vice da OAB\/RN se reuniram nesta sexta-feira (30), com os tamb\u00e9m pr\u00e9-candidatos do grupo para a OAB Mossor\u00f3. O encontro aconteceu ap\u00f3s o an\u00fancio do apoio do presidente da Ordem, Aldo Medeiros, aos nomes de Carlos Kelsen e B\u00e1rbara Paloma na sucess\u00e3o. As elei\u00e7\u00f5es<br \/><a class=\"more-link\" href=\"https:\/\/justicapotiguar.com.br\/index.php\/2024\/08\/30\/carlos-kelsen-e-barbara-paloma-se-reunem-com-candidatos-a-presidencia-da-oab-mossoro\/\">Mais&#8230;<\/a><\/p>\n","protected":false},"author":5,"featured_media":0,"comment_status":"open","ping_status":"open","sticky":false,"template":"","format":"standard","meta":[],"categories":[1],"tags":[],"_links":{"self":[{"href":"https:\/\/justicapotiguar.com.br\/index.php\/wp-json\/wp\/v2\/posts\/38361"}],"collection":[{"href":"https:\/\/justicapotiguar.com.br\/index.php\/wp-json\/wp\/v2\/posts"}],"about":[{"href":"https:\/\/justicapotiguar.com.br\/index.php\/wp-json\/wp\/v2\/types\/post"}],"author":[{"embeddable":true,"href":"https:\/\/justicapotiguar.com.br\/index.php\/wp-json\/wp\/v2\/users\/5"}],"replies":[{"embeddable":true,"href":"https:\/\/justicapotiguar.com.br\/index.php\/wp-json\/wp\/v2\/comments?post=38361"}],"version-history":[{"count":4,"href":"https:\/\/justicapotiguar.com.br\/index.php\/wp-json\/wp\/v2\/posts\/38361\/revisions"}],"predecessor-version":[{"id":38369,"href":"https:\/\/justicapotiguar.com.br\/index.php\/wp-json\/wp\/v2\/posts\/38361\/revisions\/38369"}],"wp:attachment":[{"href":"https:\/\/justicapotiguar.com.br\/index.php\/wp-json\/wp\/v2\/media?parent=38361"}],"wp:term":[{"taxonomy":"category","embeddable":true,"href":"https:\/\/justicapotiguar.com.br\/index.php\/wp-json\/wp\/v2\/categories?post=38361"},{"taxonomy":"post_tag","embeddable":true,"href":"https:\/\/justicapotiguar.com.br\/index.php\/wp-json\/wp\/v2\/tags?post=38361"}],"curies":[{"name":"wp","href":"https:\/\/api.w.org\/{rel}","templated":true}]}}