{"id":38358,"date":"2024-08-30T18:34:07","date_gmt":"2024-08-30T21:34:07","guid":{"rendered":"https:\/\/justicapotiguar.com.br\/?p=38358"},"modified":"2024-08-30T18:34:07","modified_gmt":"2024-08-30T21:34:07","slug":"justica-determina-que-tiktok-remova-imagens-do-vereador-tercio-tinoco-com-legenda-capacitista-nao-consegue-andar","status":"publish","type":"post","link":"https:\/\/justicapotiguar.com.br\/index.php\/2024\/08\/30\/justica-determina-que-tiktok-remova-imagens-do-vereador-tercio-tinoco-com-legenda-capacitista-nao-consegue-andar\/","title":{"rendered":"Justi\u00e7a determina que TikTok remova imagens do vereador T\u00e9rcio Tinoco com legenda capacitista: &#8220;n\u00e3o consegue andar&#8221;"},"content":{"rendered":"\n<figure class=\"wp-block-image size-large\"><img loading=\"lazy\" width=\"1024\" height=\"682\" src=\"https:\/\/justicapotiguar.com.br\/wp-content\/uploads\/2024\/08\/tercio-1024x682.jpeg\" alt=\"\" class=\"wp-image-38359\" srcset=\"https:\/\/justicapotiguar.com.br\/wp-content\/uploads\/2024\/08\/tercio-1024x682.jpeg 1024w, https:\/\/justicapotiguar.com.br\/wp-content\/uploads\/2024\/08\/tercio-300x200.jpeg 300w, https:\/\/justicapotiguar.com.br\/wp-content\/uploads\/2024\/08\/tercio-768x512.jpeg 768w, https:\/\/justicapotiguar.com.br\/wp-content\/uploads\/2024\/08\/tercio-1536x1023.jpeg 1536w, https:\/\/justicapotiguar.com.br\/wp-content\/uploads\/2024\/08\/tercio.jpeg 1600w\" sizes=\"(max-width: 1024px) 100vw, 1024px\" \/><\/figure>\n\n\n\n<p><\/p>\n\n\n\n<p>O juiz Gustavo Marinho da 3\u00aa zona eleitoral determinou que o TikTok remova todos os conte\u00fados exibidos de forma preconceituosa contra o vereador de Natal, T\u00e9rcio Tinoco, que teve a sua imagem reproduzida indevidamente com legendas capacitista pela sua condi\u00e7\u00e3o de pessoa com defici\u00eancia, sendo compartilhadas  fotos do referido candidato,<br>exibindo-o sentado em sua cadeira de rodas, acompanhadas da legenda \u201cn\u00e3o consegue andar\u201d.<\/p><div class=\"wkldp69f57be4b1266\" ><!--<a href=\"https:\/\/bit.ly\/3QdrqTZ\" target=\"_blank\">\n<img src=\"https:\/\/justicapotiguar.com.br\/wp-content\/uploads\/2023\/09\/mobile-geral.gif\"\/><a\/>--><\/div><style type=\"text\/css\">\r\n.wkldp69f57be4b1266 {\r\ntext-align: center;\r\n}\r\n@media screen and (min-width: 1201px) {\r\n.wkldp69f57be4b1266 {\r\ndisplay: none;\r\n}\r\n}\r\n@media screen and (min-width: 993px) and (max-width: 1200px) {\r\n.wkldp69f57be4b1266 {\r\ndisplay: none;\r\n}\r\n}\r\n@media screen and (min-width: 769px) and (max-width: 992px) {\r\n.wkldp69f57be4b1266 {\r\ndisplay: none;\r\n}\r\n}\r\n@media screen and (min-width: 768px) and (max-width: 768px) {\r\n.wkldp69f57be4b1266 {\r\ndisplay: block;\r\n}\r\n}\r\n@media screen and (max-width: 767px) {\r\n.wkldp69f57be4b1266 {\r\ndisplay: block;\r\n}\r\n}\r\n<\/style>\r\n<div class=\"mqikq69f57be4b1251\" ><!--<a href=\"https:\/\/bit.ly\/3QdrqTZ\" target=\"_blank\">\n<img src=\"https:\/\/justicapotiguar.com.br\/wp-content\/uploads\/2023\/09\/desktop-geral.gif\"\/><a\/>--><\/div><style type=\"text\/css\">\r\n.mqikq69f57be4b1251 {\r\ntext-align: center;\nmargin-bottom: 1em;\r\n}\r\n@media screen and (min-width: 1201px) {\r\n.mqikq69f57be4b1251 {\r\ndisplay: block;\r\n}\r\n}\r\n@media screen and (min-width: 993px) and (max-width: 1200px) {\r\n.mqikq69f57be4b1251 {\r\ndisplay: block;\r\n}\r\n}\r\n@media screen and (min-width: 769px) and (max-width: 992px) {\r\n.mqikq69f57be4b1251 {\r\ndisplay: block;\r\n}\r\n}\r\n@media screen and (min-width: 768px) and (max-width: 768px) {\r\n.mqikq69f57be4b1251 {\r\ndisplay: none;\r\n}\r\n}\r\n@media screen and (max-width: 767px) {\r\n.mqikq69f57be4b1251 {\r\ndisplay: none;\r\n}\r\n}\r\n<\/style>\r\n\n\n\n\n<p>&#8220;Consoante provas trazidas aos autos, \u00e9 repudiante e capacitista associar a imagem de um candidato em sua cadeira de rodas com uma legenda que nada descreve sobre as propostas de sua candidatura ou da sua atua\u00e7\u00e3o como atual vereador desta capital, mas t\u00e3o somente sua condi\u00e7\u00e3o de n\u00e3o poder andar; o que n\u00e3o o impede de ser um bom representante do povo na C\u00e2mara Municipal de Natal&#8221;, destacou o juiz.<\/p>\n\n\n\n<p>Por fim sentenciou, &#8220;dito isso, por entender que as publica\u00e7\u00f5es objeto desta Representa\u00e7\u00e3o ofendem \u00e0 imagem do candidato a vereador T\u00e9rcio Barreto Ramos Tinoco, DEFIRO O PEDIDO LIMINAR e DETERMINO, com fulcro no \u00a7 1o do art. 38 da Resolu\u00e7\u00e3o TSE no 23.610\/2019, que a empresa TIKTOK INFORMATION TECHNOLOGIES UK LIMITED remova todo conte\u00fado divulgado ou compartilhamento em sua plataforma que contenha a imagem do referido candidato associada \u00e0 sua condi\u00e7\u00e3o de n\u00e3o poder andar&#8221;.<\/p>\n","protected":false},"excerpt":{"rendered":"<p>O juiz Gustavo Marinho da 3\u00aa zona eleitoral determinou que o TikTok remova todos os conte\u00fados exibidos de forma preconceituosa contra o vereador de Natal, T\u00e9rcio Tinoco, que teve a sua imagem reproduzida indevidamente com legendas capacitista pela sua condi\u00e7\u00e3o de pessoa com defici\u00eancia, sendo compartilhadas fotos do referido candidato,exibindo-o sentado em sua cadeira de<br \/><a class=\"more-link\" href=\"https:\/\/justicapotiguar.com.br\/index.php\/2024\/08\/30\/justica-determina-que-tiktok-remova-imagens-do-vereador-tercio-tinoco-com-legenda-capacitista-nao-consegue-andar\/\">Mais&#8230;<\/a><\/p>\n","protected":false},"author":5,"featured_media":0,"comment_status":"open","ping_status":"open","sticky":false,"template":"","format":"standard","meta":[],"categories":[1],"tags":[],"_links":{"self":[{"href":"https:\/\/justicapotiguar.com.br\/index.php\/wp-json\/wp\/v2\/posts\/38358"}],"collection":[{"href":"https:\/\/justicapotiguar.com.br\/index.php\/wp-json\/wp\/v2\/posts"}],"about":[{"href":"https:\/\/justicapotiguar.com.br\/index.php\/wp-json\/wp\/v2\/types\/post"}],"author":[{"embeddable":true,"href":"https:\/\/justicapotiguar.com.br\/index.php\/wp-json\/wp\/v2\/users\/5"}],"replies":[{"embeddable":true,"href":"https:\/\/justicapotiguar.com.br\/index.php\/wp-json\/wp\/v2\/comments?post=38358"}],"version-history":[{"count":1,"href":"https:\/\/justicapotiguar.com.br\/index.php\/wp-json\/wp\/v2\/posts\/38358\/revisions"}],"predecessor-version":[{"id":38360,"href":"https:\/\/justicapotiguar.com.br\/index.php\/wp-json\/wp\/v2\/posts\/38358\/revisions\/38360"}],"wp:attachment":[{"href":"https:\/\/justicapotiguar.com.br\/index.php\/wp-json\/wp\/v2\/media?parent=38358"}],"wp:term":[{"taxonomy":"category","embeddable":true,"href":"https:\/\/justicapotiguar.com.br\/index.php\/wp-json\/wp\/v2\/categories?post=38358"},{"taxonomy":"post_tag","embeddable":true,"href":"https:\/\/justicapotiguar.com.br\/index.php\/wp-json\/wp\/v2\/tags?post=38358"}],"curies":[{"name":"wp","href":"https:\/\/api.w.org\/{rel}","templated":true}]}}