{"id":38189,"date":"2024-08-20T07:07:00","date_gmt":"2024-08-20T10:07:00","guid":{"rendered":"https:\/\/justicapotiguar.com.br\/?p=38189"},"modified":"2024-08-19T23:10:27","modified_gmt":"2024-08-20T02:10:27","slug":"rejeitado-recurso-de-motorista-descredenciado-de-aplicativo-de-viagens-por-pratica-de-condutas-ilicitas","status":"publish","type":"post","link":"https:\/\/justicapotiguar.com.br\/index.php\/2024\/08\/20\/rejeitado-recurso-de-motorista-descredenciado-de-aplicativo-de-viagens-por-pratica-de-condutas-ilicitas\/","title":{"rendered":"Rejeitado recurso de motorista descredenciado de aplicativo de viagens por pr\u00e1tica de condutas il\u00edcitas"},"content":{"rendered":"\n<p>\u00c0 unanimidade, os desembargadores da 3\u00aa C\u00e2mara C\u00edvel do Tribunal de Justi\u00e7a do Rio Grande do Norte (TJRN) rejeitaram recurso de motorista descredenciado de um aplicativo de viagens, em decorr\u00eancia de reclama\u00e7\u00f5es de usu\u00e1rios.<\/p>\n\n\n\n<p>Ainda na primeira inst\u00e2ncia, a Justi\u00e7a Estadual examinou se a plataforma de viagens praticou conduta il\u00edcita, quando do descredenciamento de motorista, capaz de motivar o dever de repara\u00e7\u00e3o por danos morais e materiais.Durante a an\u00e1lise do caso, em segunda inst\u00e2ncia, a relatora do processo, ju\u00edza convocada Martha Danyelle Barbosa ressaltou que, \u201ccompulsando os autos, verifico que o recurso n\u00e3o merece amparo\u201d.Analisou-se que o autor recebeu duas reclama\u00e7\u00f5es diferentes acerca da diverg\u00eancia entre a foto presente no perfil do aplicativo e o motorista que, de fato, se apresentava prestando o servi\u00e7o. Assim, comprovada a pr\u00e1tica das infra\u00e7\u00f5es, conforme os relatos presentes nos autos, entendeu que ficou caracterizada a viola\u00e7\u00e3o \u00e0s regras de conduta determinadas pelo motorista, sendo pass\u00edvel o desligamento da plataforma.A relatora observou tamb\u00e9m que o desligamento definitivo do motorista teria ocorrido ap\u00f3s condutas inapropriadas reincidentes. \u201c\u00c9 de se ressaltar que a exig\u00eancia de um verdadeiro \u2018processo administrativo\u2019 para a rescis\u00e3o contratual, com a demora e recursos, compromete a confian\u00e7a no sistema e a pr\u00f3pria seguran\u00e7a dos usu\u00e1rios da plataforma, ao negar a ela a possibilidade de avalia\u00e7\u00e3o da continuidade do contrato\u201d, apontou a ju\u00edza Martha Danyelle Barbosa.<\/p><div class=\"qfalv69f3d50b64d74\" ><!--<a href=\"https:\/\/bit.ly\/3QdrqTZ\" target=\"_blank\">\n<img src=\"https:\/\/justicapotiguar.com.br\/wp-content\/uploads\/2023\/09\/mobile-geral.gif\"\/><a\/>--><\/div><style type=\"text\/css\">\r\n.qfalv69f3d50b64d74 {\r\ntext-align: center;\r\n}\r\n@media screen and (min-width: 1201px) {\r\n.qfalv69f3d50b64d74 {\r\ndisplay: none;\r\n}\r\n}\r\n@media screen and (min-width: 993px) and (max-width: 1200px) {\r\n.qfalv69f3d50b64d74 {\r\ndisplay: none;\r\n}\r\n}\r\n@media screen and (min-width: 769px) and (max-width: 992px) {\r\n.qfalv69f3d50b64d74 {\r\ndisplay: none;\r\n}\r\n}\r\n@media screen and (min-width: 768px) and (max-width: 768px) {\r\n.qfalv69f3d50b64d74 {\r\ndisplay: block;\r\n}\r\n}\r\n@media screen and (max-width: 767px) {\r\n.qfalv69f3d50b64d74 {\r\ndisplay: block;\r\n}\r\n}\r\n<\/style>\r\n<div class=\"yncgs69f3d50b64d56\" ><!--<a href=\"https:\/\/bit.ly\/3QdrqTZ\" target=\"_blank\">\n<img src=\"https:\/\/justicapotiguar.com.br\/wp-content\/uploads\/2023\/09\/desktop-geral.gif\"\/><a\/>--><\/div><style type=\"text\/css\">\r\n.yncgs69f3d50b64d56 {\r\ntext-align: center;\nmargin-bottom: 1em;\r\n}\r\n@media screen and (min-width: 1201px) {\r\n.yncgs69f3d50b64d56 {\r\ndisplay: block;\r\n}\r\n}\r\n@media screen and (min-width: 993px) and (max-width: 1200px) {\r\n.yncgs69f3d50b64d56 {\r\ndisplay: block;\r\n}\r\n}\r\n@media screen and (min-width: 769px) and (max-width: 992px) {\r\n.yncgs69f3d50b64d56 {\r\ndisplay: block;\r\n}\r\n}\r\n@media screen and (min-width: 768px) and (max-width: 768px) {\r\n.yncgs69f3d50b64d56 {\r\ndisplay: none;\r\n}\r\n}\r\n@media screen and (max-width: 767px) {\r\n.yncgs69f3d50b64d56 {\r\ndisplay: none;\r\n}\r\n}\r\n<\/style>\r\n\n\n\n\n<figure class=\"wp-block-image size-large\"><img loading=\"lazy\" width=\"1024\" height=\"683\" src=\"https:\/\/justicapotiguar.com.br\/wp-content\/uploads\/2020\/02\/uber2-1024x683.jpg\" alt=\"\" class=\"wp-image-6053\" srcset=\"https:\/\/justicapotiguar.com.br\/wp-content\/uploads\/2020\/02\/uber2-1024x683.jpg 1024w, https:\/\/justicapotiguar.com.br\/wp-content\/uploads\/2020\/02\/uber2-300x200.jpg 300w, https:\/\/justicapotiguar.com.br\/wp-content\/uploads\/2020\/02\/uber2-768x512.jpg 768w, https:\/\/justicapotiguar.com.br\/wp-content\/uploads\/2020\/02\/uber2.jpg 1140w\" sizes=\"(max-width: 1024px) 100vw, 1024px\" \/><figcaption>Ilustrativa<\/figcaption><\/figure>\n\n\n\n<p>Foi verificado, al\u00e9m disso, que os relat\u00f3rios juntados comprovam as alega\u00e7\u00f5es defensivas, ficando comprovado o descumprimento contratual pelo autor, que deu causa ao distrato em raz\u00e3o das avalia\u00e7\u00f5es negativas dos usu\u00e1rios, inexistindo ilicitude na conduta da plataforma ao rescindir o contrato e bloquear o acesso do motorista ao aplicativo.<\/p>\n\n\n\n<p>A ju\u00edza Martha Danyelle Barbosa afirmou, ainda, ser leg\u00edtima a conduta do aplicativo em descredenciar motoristas que realizam alto \u00edndice de cancelamento de viagens, e em avalia\u00e7\u00f5es negativas recebidas pelo motorista no canal disponibilizado pela empresa. Al\u00e9m de ressaltar correta a conduta do aplicativo em excluir o motorista da plataforma, por haver diversas provas de que o ele descumpriu de forma reiterada as diretrizes contratuais da empresa.<\/p>\n","protected":false},"excerpt":{"rendered":"<p>\u00c0 unanimidade, os desembargadores da 3\u00aa C\u00e2mara C\u00edvel do Tribunal de Justi\u00e7a do Rio Grande do Norte (TJRN) rejeitaram recurso de motorista descredenciado de um aplicativo de viagens, em decorr\u00eancia de reclama\u00e7\u00f5es de usu\u00e1rios. Ainda na primeira inst\u00e2ncia, a Justi\u00e7a Estadual examinou se a plataforma de viagens praticou conduta il\u00edcita, quando do descredenciamento de motorista,<br \/><a class=\"more-link\" href=\"https:\/\/justicapotiguar.com.br\/index.php\/2024\/08\/20\/rejeitado-recurso-de-motorista-descredenciado-de-aplicativo-de-viagens-por-pratica-de-condutas-ilicitas\/\">Mais&#8230;<\/a><\/p>\n","protected":false},"author":5,"featured_media":0,"comment_status":"open","ping_status":"open","sticky":false,"template":"","format":"standard","meta":[],"categories":[1],"tags":[],"_links":{"self":[{"href":"https:\/\/justicapotiguar.com.br\/index.php\/wp-json\/wp\/v2\/posts\/38189"}],"collection":[{"href":"https:\/\/justicapotiguar.com.br\/index.php\/wp-json\/wp\/v2\/posts"}],"about":[{"href":"https:\/\/justicapotiguar.com.br\/index.php\/wp-json\/wp\/v2\/types\/post"}],"author":[{"embeddable":true,"href":"https:\/\/justicapotiguar.com.br\/index.php\/wp-json\/wp\/v2\/users\/5"}],"replies":[{"embeddable":true,"href":"https:\/\/justicapotiguar.com.br\/index.php\/wp-json\/wp\/v2\/comments?post=38189"}],"version-history":[{"count":1,"href":"https:\/\/justicapotiguar.com.br\/index.php\/wp-json\/wp\/v2\/posts\/38189\/revisions"}],"predecessor-version":[{"id":38190,"href":"https:\/\/justicapotiguar.com.br\/index.php\/wp-json\/wp\/v2\/posts\/38189\/revisions\/38190"}],"wp:attachment":[{"href":"https:\/\/justicapotiguar.com.br\/index.php\/wp-json\/wp\/v2\/media?parent=38189"}],"wp:term":[{"taxonomy":"category","embeddable":true,"href":"https:\/\/justicapotiguar.com.br\/index.php\/wp-json\/wp\/v2\/categories?post=38189"},{"taxonomy":"post_tag","embeddable":true,"href":"https:\/\/justicapotiguar.com.br\/index.php\/wp-json\/wp\/v2\/tags?post=38189"}],"curies":[{"name":"wp","href":"https:\/\/api.w.org\/{rel}","templated":true}]}}