{"id":38149,"date":"2024-08-16T07:43:00","date_gmt":"2024-08-16T10:43:00","guid":{"rendered":"https:\/\/justicapotiguar.com.br\/?p=38149"},"modified":"2024-08-16T07:47:12","modified_gmt":"2024-08-16T10:47:12","slug":"senado-aprova-proposta-que-cria-regras-nacionais-para-concursos-publicos-e-permite-provas-online","status":"publish","type":"post","link":"https:\/\/justicapotiguar.com.br\/index.php\/2024\/08\/16\/senado-aprova-proposta-que-cria-regras-nacionais-para-concursos-publicos-e-permite-provas-online\/","title":{"rendered":"Senado aprova proposta que cria regras nacionais para concursos p\u00fablicos e permite provas online"},"content":{"rendered":"\n<p>O&nbsp;<a class=\"\" href=\"https:\/\/g1.globo.com\/tudo-sobre\/senado-federal\/\">Senado<\/a>&nbsp;aprovou nesta quinta-feira (15), de forma simb\u00f3lica,&nbsp;<a class=\"\" href=\"https:\/\/g1.globo.com\/politica\/noticia\/2022\/08\/04\/camara-aprova-projeto-que-autoriza-provas-de-concurso-a-distancia.ghtml\">uma proposta que cria diretrizes para concursos p\u00fablicos de todo o pa\u00eds<\/a>. O texto, j\u00e1 aprovado pela&nbsp;<a class=\"\" href=\"https:\/\/g1.globo.com\/tudo-sobre\/camara-dos-deputados\/\">C\u00e2mara dos Deputados<\/a>, seguir\u00e1 para a san\u00e7\u00e3o do presidente&nbsp;<a class=\"\" href=\"https:\/\/g1.globo.com\/tudo-sobre\/luiz-inacio-lula-da-silva\/\">Luiz In\u00e1cio Lula da Silva<\/a>&nbsp;(<a class=\"\" href=\"https:\/\/g1.globo.com\/politica\/partido\/pt\/\">PT<\/a>).<\/p>\n\n\n\n<p>O projeto estabelece regras que ter\u00e3o de ser seguidas por todos os certames futuros do pa\u00eds. Segundo o texto, a lei s\u00f3 entrar\u00e1 em vigor daqui a quatro anos. At\u00e9 l\u00e1, a Uni\u00e3o, os estados e munic\u00edpios poder\u00e3o optar por seguir ou n\u00e3o as diretrizes.<\/p>\n\n\n\n<ul><li><\/li><\/ul>\n\n\n\n<p>Uma das novidades introduzidas pelo texto \u00e9 a\u00a0<a class=\"\" href=\"https:\/\/g1.globo.com\/politica\/noticia\/2022\/08\/04\/camara-aprova-projeto-que-autoriza-provas-de-concurso-a-distancia.ghtml\">autoriza\u00e7\u00e3o para que concursos p\u00fablicos sejam realizados<\/a>\u00a0\u2014 integral ou parcialmente \u2014 de forma digital.<\/p>\n\n\n\n<figure class=\"wp-block-image size-large\"><img loading=\"lazy\" width=\"984\" height=\"643\" src=\"https:\/\/justicapotiguar.com.br\/wp-content\/uploads\/2019\/08\/concurso-publico-prefeitura-de-sorocaba.jpeg\" alt=\"\" class=\"wp-image-991\" srcset=\"https:\/\/justicapotiguar.com.br\/wp-content\/uploads\/2019\/08\/concurso-publico-prefeitura-de-sorocaba.jpeg 984w, https:\/\/justicapotiguar.com.br\/wp-content\/uploads\/2019\/08\/concurso-publico-prefeitura-de-sorocaba-300x196.jpeg 300w, https:\/\/justicapotiguar.com.br\/wp-content\/uploads\/2019\/08\/concurso-publico-prefeitura-de-sorocaba-768x502.jpeg 768w\" sizes=\"(max-width: 984px) 100vw, 984px\" \/><figcaption>Ilustrativa<\/figcaption><\/figure>\n\n\n\n<p>De acordo com a proposta, todos os concursos p\u00fablicos dever\u00e3o ser autorizados com motiva\u00e7\u00f5es, como, por exemplo, estimativas de necessidades futuras de pessoal no \u00f3rg\u00e3o e do impacto or\u00e7ament\u00e1rio das novas vagas pelos pr\u00f3ximos anos.<\/p><div class=\"jsuuq69f5636ad529d\" ><!--<a href=\"https:\/\/bit.ly\/3QdrqTZ\" target=\"_blank\">\n<img src=\"https:\/\/justicapotiguar.com.br\/wp-content\/uploads\/2023\/09\/mobile-geral.gif\"\/><a\/>--><\/div><style type=\"text\/css\">\r\n.jsuuq69f5636ad529d {\r\ntext-align: center;\r\n}\r\n@media screen and (min-width: 1201px) {\r\n.jsuuq69f5636ad529d {\r\ndisplay: none;\r\n}\r\n}\r\n@media screen and (min-width: 993px) and (max-width: 1200px) {\r\n.jsuuq69f5636ad529d {\r\ndisplay: none;\r\n}\r\n}\r\n@media screen and (min-width: 769px) and (max-width: 992px) {\r\n.jsuuq69f5636ad529d {\r\ndisplay: none;\r\n}\r\n}\r\n@media screen and (min-width: 768px) and (max-width: 768px) {\r\n.jsuuq69f5636ad529d {\r\ndisplay: block;\r\n}\r\n}\r\n@media screen and (max-width: 767px) {\r\n.jsuuq69f5636ad529d {\r\ndisplay: block;\r\n}\r\n}\r\n<\/style>\r\n<div class=\"fgtwv69f5636ad5280\" ><!--<a href=\"https:\/\/bit.ly\/3QdrqTZ\" target=\"_blank\">\n<img src=\"https:\/\/justicapotiguar.com.br\/wp-content\/uploads\/2023\/09\/desktop-geral.gif\"\/><a\/>--><\/div><style type=\"text\/css\">\r\n.fgtwv69f5636ad5280 {\r\ntext-align: center;\nmargin-bottom: 1em;\r\n}\r\n@media screen and (min-width: 1201px) {\r\n.fgtwv69f5636ad5280 {\r\ndisplay: block;\r\n}\r\n}\r\n@media screen and (min-width: 993px) and (max-width: 1200px) {\r\n.fgtwv69f5636ad5280 {\r\ndisplay: block;\r\n}\r\n}\r\n@media screen and (min-width: 769px) and (max-width: 992px) {\r\n.fgtwv69f5636ad5280 {\r\ndisplay: block;\r\n}\r\n}\r\n@media screen and (min-width: 768px) and (max-width: 768px) {\r\n.fgtwv69f5636ad5280 {\r\ndisplay: none;\r\n}\r\n}\r\n@media screen and (max-width: 767px) {\r\n.fgtwv69f5636ad5280 {\r\ndisplay: none;\r\n}\r\n}\r\n<\/style>\r\n\n\n\n\n<p>As diretrizes n\u00e3o valer\u00e3o, mas poder\u00e3o ser seguidas opcionalmente por concursos para cargos:<\/p>\n\n\n\n<ul><li>na magistratura<\/li><li>no Minist\u00e9rio P\u00fablico<\/li><li>nas For\u00e7as Armadas<\/li><li>em empresas p\u00fablicas e das sociedades de economia mista que n\u00e3o recebam recursos do governo para despesas de pessoal ou de custeio<\/li><\/ul>\n\n\n\n<p>Tamb\u00e9m vai ser opcional para concursos para:<\/p>\n\n\n\n<ul><li>preencher vagas tempor\u00e1rias<\/li><li>e de agentes comunit\u00e1rios de sa\u00fade e de combate \u00e0s endemias<\/li><\/ul>\n\n\n\n<p>Estados e munic\u00edpios poder\u00e3o criar leis alternativas, para reger os pr\u00f3prios concursos, mas dever\u00e3o basear as normas na legisla\u00e7\u00e3o nacional que poder\u00e1 passar a valer, caso\u00a0<a class=\"\" href=\"https:\/\/g1.globo.com\/politica\/politico\/lula\/\">Lula<\/a>\u00a0sancione o projeto.<\/p>\n\n\n\n<p>G1<\/p>\n","protected":false},"excerpt":{"rendered":"<p>O&nbsp;Senado&nbsp;aprovou nesta quinta-feira (15), de forma simb\u00f3lica,&nbsp;uma proposta que cria diretrizes para concursos p\u00fablicos de todo o pa\u00eds. O texto, j\u00e1 aprovado pela&nbsp;C\u00e2mara dos Deputados, seguir\u00e1 para a san\u00e7\u00e3o do presidente&nbsp;Luiz In\u00e1cio Lula da Silva&nbsp;(PT). O projeto estabelece regras que ter\u00e3o de ser seguidas por todos os certames futuros do pa\u00eds. Segundo o texto, a<br \/><a class=\"more-link\" href=\"https:\/\/justicapotiguar.com.br\/index.php\/2024\/08\/16\/senado-aprova-proposta-que-cria-regras-nacionais-para-concursos-publicos-e-permite-provas-online\/\">Mais&#8230;<\/a><\/p>\n","protected":false},"author":5,"featured_media":0,"comment_status":"open","ping_status":"open","sticky":false,"template":"","format":"standard","meta":[],"categories":[1],"tags":[],"_links":{"self":[{"href":"https:\/\/justicapotiguar.com.br\/index.php\/wp-json\/wp\/v2\/posts\/38149"}],"collection":[{"href":"https:\/\/justicapotiguar.com.br\/index.php\/wp-json\/wp\/v2\/posts"}],"about":[{"href":"https:\/\/justicapotiguar.com.br\/index.php\/wp-json\/wp\/v2\/types\/post"}],"author":[{"embeddable":true,"href":"https:\/\/justicapotiguar.com.br\/index.php\/wp-json\/wp\/v2\/users\/5"}],"replies":[{"embeddable":true,"href":"https:\/\/justicapotiguar.com.br\/index.php\/wp-json\/wp\/v2\/comments?post=38149"}],"version-history":[{"count":1,"href":"https:\/\/justicapotiguar.com.br\/index.php\/wp-json\/wp\/v2\/posts\/38149\/revisions"}],"predecessor-version":[{"id":38150,"href":"https:\/\/justicapotiguar.com.br\/index.php\/wp-json\/wp\/v2\/posts\/38149\/revisions\/38150"}],"wp:attachment":[{"href":"https:\/\/justicapotiguar.com.br\/index.php\/wp-json\/wp\/v2\/media?parent=38149"}],"wp:term":[{"taxonomy":"category","embeddable":true,"href":"https:\/\/justicapotiguar.com.br\/index.php\/wp-json\/wp\/v2\/categories?post=38149"},{"taxonomy":"post_tag","embeddable":true,"href":"https:\/\/justicapotiguar.com.br\/index.php\/wp-json\/wp\/v2\/tags?post=38149"}],"curies":[{"name":"wp","href":"https:\/\/api.w.org\/{rel}","templated":true}]}}