{"id":38067,"date":"2024-08-12T10:05:00","date_gmt":"2024-08-12T13:05:00","guid":{"rendered":"https:\/\/justicapotiguar.com.br\/?p=38067"},"modified":"2024-08-11T23:06:00","modified_gmt":"2024-08-12T02:06:00","slug":"dino-reafirma-que-emendas-pix-devem-obedecer-transparencia-e-rastreabilidade","status":"publish","type":"post","link":"https:\/\/justicapotiguar.com.br\/index.php\/2024\/08\/12\/dino-reafirma-que-emendas-pix-devem-obedecer-transparencia-e-rastreabilidade\/","title":{"rendered":"Dino reafirma que &#8216;emendas Pix&#8217; devem obedecer &#8216;transpar\u00eancia e rastreabilidade&#8217;"},"content":{"rendered":"\n<p>O ministro Fl\u00e1vio Dino, do Supremo Tribunal Federal, reafirmou que as chamadas \u201cemendas Pix\u201d \u2014 dinheiro do or\u00e7amento federal gasto com sem transpar\u00eancia da indica\u00e7\u00e3o do programa, projeto ou da atividade que fomentar\u00e1 \u2014 devem obedecer os crit\u00e9rios de \u201ctranspar\u00eancia e rastreabilidade\u201d dispostos no artigo 163-A da Constitui\u00e7\u00e3o.<img loading=\"lazy\" src=\"https:\/\/www.conjur.com.br\/wp-content\/uploads\/2023\/11\/sessao-congresso-ldo-2020-e1722003963959.jpeg\" alt=\"\" width=\"369\" height=\"221\"><\/p>\n\n\n\n<p id=\"caption-attachment-690033\">Congresso deve respeitar transpar\u00eancia e rastreabilidade das \u201cemendas PIX\u201d, decide Fl\u00e1vio Dino<\/p>\n\n\n\n<p>A decis\u00e3o foi provocada por&nbsp;<a href=\"https:\/\/www.conjur.com.br\/2024-ago-08\/pgr-ajuiza-acao-direta-de-inconstitucionalidade-contra-as-chamadas-emendas-pix\/\" target=\"_blank\" rel=\"noreferrer noopener\">a\u00e7\u00e3o direta de inconstitucionalidade (ADI) protocolada pela Procuradoria-Geral da Rep\u00fablica<\/a>. O \u00f3rg\u00e3o m\u00e1ximo do&nbsp;<em>parquet<\/em>&nbsp;pede que seja declarada a inconstitucionalidade de dispositivos Emenda Constitucional 105\/2019, que instituiu essa categoria de \u201ctransfer\u00eancia especial\u201d dentro do or\u00e7amento.<\/p><div class=\"giqkv69f4d04db889e\" ><!--<a href=\"https:\/\/bit.ly\/3QdrqTZ\" target=\"_blank\">\n<img src=\"https:\/\/justicapotiguar.com.br\/wp-content\/uploads\/2023\/09\/mobile-geral.gif\"\/><a\/>--><\/div><style type=\"text\/css\">\r\n.giqkv69f4d04db889e {\r\ntext-align: center;\r\n}\r\n@media screen and (min-width: 1201px) {\r\n.giqkv69f4d04db889e {\r\ndisplay: none;\r\n}\r\n}\r\n@media screen and (min-width: 993px) and (max-width: 1200px) {\r\n.giqkv69f4d04db889e {\r\ndisplay: none;\r\n}\r\n}\r\n@media screen and (min-width: 769px) and (max-width: 992px) {\r\n.giqkv69f4d04db889e {\r\ndisplay: none;\r\n}\r\n}\r\n@media screen and (min-width: 768px) and (max-width: 768px) {\r\n.giqkv69f4d04db889e {\r\ndisplay: block;\r\n}\r\n}\r\n@media screen and (max-width: 767px) {\r\n.giqkv69f4d04db889e {\r\ndisplay: block;\r\n}\r\n}\r\n<\/style>\r\n<div class=\"cgret69f4d04db8883\" ><!--<a href=\"https:\/\/bit.ly\/3QdrqTZ\" target=\"_blank\">\n<img src=\"https:\/\/justicapotiguar.com.br\/wp-content\/uploads\/2023\/09\/desktop-geral.gif\"\/><a\/>--><\/div><style type=\"text\/css\">\r\n.cgret69f4d04db8883 {\r\ntext-align: center;\nmargin-bottom: 1em;\r\n}\r\n@media screen and (min-width: 1201px) {\r\n.cgret69f4d04db8883 {\r\ndisplay: block;\r\n}\r\n}\r\n@media screen and (min-width: 993px) and (max-width: 1200px) {\r\n.cgret69f4d04db8883 {\r\ndisplay: block;\r\n}\r\n}\r\n@media screen and (min-width: 769px) and (max-width: 992px) {\r\n.cgret69f4d04db8883 {\r\ndisplay: block;\r\n}\r\n}\r\n@media screen and (min-width: 768px) and (max-width: 768px) {\r\n.cgret69f4d04db8883 {\r\ndisplay: none;\r\n}\r\n}\r\n@media screen and (max-width: 767px) {\r\n.cgret69f4d04db8883 {\r\ndisplay: none;\r\n}\r\n}\r\n<\/style>\r\n\n\n\n\n<p>Em suma, a PGR alega que o sistema gera perda de transpar\u00eancia, de publicidade e de rastreabilidade dos recursos or\u00e7ament\u00e1rios federais, al\u00e9m de ofender v\u00e1rios princ\u00edpios constitucionais, tais como o pacto federativo, a separa\u00e7\u00e3o dos Poderes e os limites que a pr\u00f3pria Constitui\u00e7\u00e3o Federal estabeleceu para a reforma ou altera\u00e7\u00e3o do seu texto.<\/p>\n\n\n\n<p>\u201cOs recursos federais repassados aos Estados, Distrito Federal e Munic\u00edpios mediante conv\u00eanios (caso das transfer\u00eancias volunt\u00e1rias, nos termos do art. 25 da Lei Complementar n. 101, de 4.5.2000) n\u00e3o s\u00e3o apropriados pelos entes recebedores, pois se destinam especificamente \u00e0 execu\u00e7\u00e3o do objeto do conv\u00eanio, por isso a sua aplica\u00e7\u00e3o est\u00e1 sujeita \u00e0 fiscaliza\u00e7\u00e3o da Controladoria-Geral da Uni\u00e3o e do Tribunal de Contas da Uni\u00e3o\u201d, argumenta a PGR.<\/p>\n\n\n\n<p>Conjur<\/p>\n","protected":false},"excerpt":{"rendered":"<p>O ministro Fl\u00e1vio Dino, do Supremo Tribunal Federal, reafirmou que as chamadas \u201cemendas Pix\u201d \u2014 dinheiro do or\u00e7amento federal gasto com sem transpar\u00eancia da indica\u00e7\u00e3o do programa, projeto ou da atividade que fomentar\u00e1 \u2014 devem obedecer os crit\u00e9rios de \u201ctranspar\u00eancia e rastreabilidade\u201d dispostos no artigo 163-A da Constitui\u00e7\u00e3o. Congresso deve respeitar transpar\u00eancia e rastreabilidade das<br \/><a class=\"more-link\" href=\"https:\/\/justicapotiguar.com.br\/index.php\/2024\/08\/12\/dino-reafirma-que-emendas-pix-devem-obedecer-transparencia-e-rastreabilidade\/\">Mais&#8230;<\/a><\/p>\n","protected":false},"author":5,"featured_media":0,"comment_status":"open","ping_status":"open","sticky":false,"template":"","format":"standard","meta":[],"categories":[1],"tags":[],"_links":{"self":[{"href":"https:\/\/justicapotiguar.com.br\/index.php\/wp-json\/wp\/v2\/posts\/38067"}],"collection":[{"href":"https:\/\/justicapotiguar.com.br\/index.php\/wp-json\/wp\/v2\/posts"}],"about":[{"href":"https:\/\/justicapotiguar.com.br\/index.php\/wp-json\/wp\/v2\/types\/post"}],"author":[{"embeddable":true,"href":"https:\/\/justicapotiguar.com.br\/index.php\/wp-json\/wp\/v2\/users\/5"}],"replies":[{"embeddable":true,"href":"https:\/\/justicapotiguar.com.br\/index.php\/wp-json\/wp\/v2\/comments?post=38067"}],"version-history":[{"count":1,"href":"https:\/\/justicapotiguar.com.br\/index.php\/wp-json\/wp\/v2\/posts\/38067\/revisions"}],"predecessor-version":[{"id":38068,"href":"https:\/\/justicapotiguar.com.br\/index.php\/wp-json\/wp\/v2\/posts\/38067\/revisions\/38068"}],"wp:attachment":[{"href":"https:\/\/justicapotiguar.com.br\/index.php\/wp-json\/wp\/v2\/media?parent=38067"}],"wp:term":[{"taxonomy":"category","embeddable":true,"href":"https:\/\/justicapotiguar.com.br\/index.php\/wp-json\/wp\/v2\/categories?post=38067"},{"taxonomy":"post_tag","embeddable":true,"href":"https:\/\/justicapotiguar.com.br\/index.php\/wp-json\/wp\/v2\/tags?post=38067"}],"curies":[{"name":"wp","href":"https:\/\/api.w.org\/{rel}","templated":true}]}}