{"id":37823,"date":"2024-07-25T13:41:17","date_gmt":"2024-07-25T16:41:17","guid":{"rendered":"https:\/\/justicapotiguar.com.br\/?p=37823"},"modified":"2024-07-25T13:41:17","modified_gmt":"2024-07-25T16:41:17","slug":"se-lei-nao-proibe-servidor-em-estagio-probatorio-pode-requerer-licenca-nao-remunerada","status":"publish","type":"post","link":"https:\/\/justicapotiguar.com.br\/index.php\/2024\/07\/25\/se-lei-nao-proibe-servidor-em-estagio-probatorio-pode-requerer-licenca-nao-remunerada\/","title":{"rendered":"Se lei n\u00e3o pro\u00edbe, servidor em est\u00e1gio probat\u00f3rio pode requerer licen\u00e7a n\u00e3o remunerada"},"content":{"rendered":"\n<p>Como a lei n\u00e3o veda, \u00e9 poss\u00edvel o afastamento tempor\u00e1rio de servidora junto \u00e0 FUNDASE, por meio licen\u00e7a n\u00e3o remunerada, para o exerc\u00edcio do Curso de Forma\u00e7\u00e3o da Pol\u00edcia Civil regulado pelo Edital n\u00ba 01 \u2013 PC\/RN, de 25 de novembro de 2020.<\/p>\n\n\n\n<p>Com esse entendimento, o TJRN autorizou o afastamento n\u00e3o remunerado de servidora em est\u00e1gio remunerado da FUNDASE &#8211; Funda\u00e7\u00e3o de Atendimento Socioeducativo.<\/p>\n\n\n\n<p>Na hip\u00f3tese, a impetrante\/agravante pretendera t\u00e3o somente o seu afastamento tempor\u00e1rio da Funda\u00e7\u00e3o impetrada, para participa\u00e7\u00e3o no Curso de Forma\u00e7\u00e3o da Pol\u00edcia Civil do Estado do Rio Grande do Norte (Edital N\u00ba 01 \u2013 PC\/RN de 25 de novembro de 2020), com a suspens\u00e3o da sua remunera\u00e7\u00e3o e tamb\u00e9m do per\u00edodo de est\u00e1gio probat\u00f3rio durante sua participa\u00e7\u00e3o no referido curso com retomada a partir de seu t\u00e9rmino.<\/p>\n\n\n\n<p>Entendeu o TJRN que \u201chavendo omiss\u00e3o no Estatuto Jur\u00eddico dos Servidores Civis do Estado do Rio Grande do Norte, quanto \u00e0 possibilidade ou n\u00e3o do afastamento da servidora p\u00fablica estadual por estar a mesma em est\u00e1gio probat\u00f3rio, pode-se, por analogia, aplicar a previs\u00e3o contida no art. 20, \u00a7\u00a7 4\u00ba e 5\u00aa da Lei Federal n\u00ba 8.112\/90\u201d e, por isso, deferir o pedido da servidora.<\/p>\n\n\n\n<figure class=\"wp-block-image size-large\"><img loading=\"lazy\" width=\"1024\" height=\"421\" src=\"https:\/\/justicapotiguar.com.br\/wp-content\/uploads\/2020\/03\/estamos-trabalhando_01_Easy-Resize.com_-1024x421.jpg\" alt=\"\" class=\"wp-image-8024\" srcset=\"https:\/\/justicapotiguar.com.br\/wp-content\/uploads\/2020\/03\/estamos-trabalhando_01_Easy-Resize.com_-1024x421.jpg 1024w, https:\/\/justicapotiguar.com.br\/wp-content\/uploads\/2020\/03\/estamos-trabalhando_01_Easy-Resize.com_-300x123.jpg 300w, https:\/\/justicapotiguar.com.br\/wp-content\/uploads\/2020\/03\/estamos-trabalhando_01_Easy-Resize.com_-768x316.jpg 768w, https:\/\/justicapotiguar.com.br\/wp-content\/uploads\/2020\/03\/estamos-trabalhando_01_Easy-Resize.com_.jpg 1280w\" sizes=\"(max-width: 1024px) 100vw, 1024px\" \/><\/figure>\n\n\n\n<p>Isto porque, o referido dispositivo permite que o est\u00e1gio probat\u00f3rio fique suspenso enquanto o candidato estiver afastado para participa\u00e7\u00e3o em curso de forma\u00e7\u00e3o, ressaltando, por oportuno, que a licen\u00e7a deve ser autorizada independente da conveni\u00eancia e oportunidade da Administra\u00e7\u00e3o, uma vez que o \u00a7 4\u00ba, do art. 20, confere a norma o car\u00e1ter vinculante.<\/p><div class=\"khqtg69eefcae9b38c\" ><!--<a href=\"https:\/\/bit.ly\/3QdrqTZ\" target=\"_blank\">\n<img src=\"https:\/\/justicapotiguar.com.br\/wp-content\/uploads\/2023\/09\/mobile-geral.gif\"\/><a\/>--><\/div><style type=\"text\/css\">\r\n.khqtg69eefcae9b38c {\r\ntext-align: center;\r\n}\r\n@media screen and (min-width: 1201px) {\r\n.khqtg69eefcae9b38c {\r\ndisplay: none;\r\n}\r\n}\r\n@media screen and (min-width: 993px) and (max-width: 1200px) {\r\n.khqtg69eefcae9b38c {\r\ndisplay: none;\r\n}\r\n}\r\n@media screen and (min-width: 769px) and (max-width: 992px) {\r\n.khqtg69eefcae9b38c {\r\ndisplay: none;\r\n}\r\n}\r\n@media screen and (min-width: 768px) and (max-width: 768px) {\r\n.khqtg69eefcae9b38c {\r\ndisplay: block;\r\n}\r\n}\r\n@media screen and (max-width: 767px) {\r\n.khqtg69eefcae9b38c {\r\ndisplay: block;\r\n}\r\n}\r\n<\/style>\r\n<div class=\"omafm69eefcae9b36f\" ><!--<a href=\"https:\/\/bit.ly\/3QdrqTZ\" target=\"_blank\">\n<img src=\"https:\/\/justicapotiguar.com.br\/wp-content\/uploads\/2023\/09\/desktop-geral.gif\"\/><a\/>--><\/div><style type=\"text\/css\">\r\n.omafm69eefcae9b36f {\r\ntext-align: center;\nmargin-bottom: 1em;\r\n}\r\n@media screen and (min-width: 1201px) {\r\n.omafm69eefcae9b36f {\r\ndisplay: block;\r\n}\r\n}\r\n@media screen and (min-width: 993px) and (max-width: 1200px) {\r\n.omafm69eefcae9b36f {\r\ndisplay: block;\r\n}\r\n}\r\n@media screen and (min-width: 769px) and (max-width: 992px) {\r\n.omafm69eefcae9b36f {\r\ndisplay: block;\r\n}\r\n}\r\n@media screen and (min-width: 768px) and (max-width: 768px) {\r\n.omafm69eefcae9b36f {\r\ndisplay: none;\r\n}\r\n}\r\n@media screen and (max-width: 767px) {\r\n.omafm69eefcae9b36f {\r\ndisplay: none;\r\n}\r\n}\r\n<\/style>\r\n\n\n\n\n<p>Considerou-se que a<em> <\/em>permite a autoriza\u00e7\u00e3o da licen\u00e7a independente da conveni\u00eancia e oportunidade da administra\u00e7\u00e3o.&nbsp;<\/p>\n\n\n\n<p>Para a Corte, se a lei n\u00e3o pro\u00edbe, a licen\u00e7a pretendida, a servidora em est\u00e1gio probat\u00f3rio deve ser deferida. Ressaltou-se que, salvo disposi\u00e7\u00e3o expressa em lei, servidores em est\u00e1gio probat\u00f3rio gozam dos mesmos direitos conferidos aos servidores estabilizados.<\/p>\n\n\n\n<p>Assim, autorizou-se o afastamento tempor\u00e1rio da servidora com suspens\u00e3o da remunera\u00e7\u00e3o e do per\u00edodo do est\u00e1gio probat\u00f3rio, por n\u00e3o haver veda\u00e7\u00e3o na lei de reg\u00eancia.<\/p>\n\n\n\n<p>Processo n. 0815009-34.2023.8.20.000<\/p>\n","protected":false},"excerpt":{"rendered":"<p>Como a lei n\u00e3o veda, \u00e9 poss\u00edvel o afastamento tempor\u00e1rio de servidora junto \u00e0 FUNDASE, por meio licen\u00e7a n\u00e3o remunerada, para o exerc\u00edcio do Curso de Forma\u00e7\u00e3o da Pol\u00edcia Civil regulado pelo Edital n\u00ba 01 \u2013 PC\/RN, de 25 de novembro de 2020. Com esse entendimento, o TJRN autorizou o afastamento n\u00e3o remunerado de servidora<br \/><a class=\"more-link\" href=\"https:\/\/justicapotiguar.com.br\/index.php\/2024\/07\/25\/se-lei-nao-proibe-servidor-em-estagio-probatorio-pode-requerer-licenca-nao-remunerada\/\">Mais&#8230;<\/a><\/p>\n","protected":false},"author":5,"featured_media":0,"comment_status":"open","ping_status":"open","sticky":false,"template":"","format":"standard","meta":[],"categories":[1],"tags":[],"_links":{"self":[{"href":"https:\/\/justicapotiguar.com.br\/index.php\/wp-json\/wp\/v2\/posts\/37823"}],"collection":[{"href":"https:\/\/justicapotiguar.com.br\/index.php\/wp-json\/wp\/v2\/posts"}],"about":[{"href":"https:\/\/justicapotiguar.com.br\/index.php\/wp-json\/wp\/v2\/types\/post"}],"author":[{"embeddable":true,"href":"https:\/\/justicapotiguar.com.br\/index.php\/wp-json\/wp\/v2\/users\/5"}],"replies":[{"embeddable":true,"href":"https:\/\/justicapotiguar.com.br\/index.php\/wp-json\/wp\/v2\/comments?post=37823"}],"version-history":[{"count":1,"href":"https:\/\/justicapotiguar.com.br\/index.php\/wp-json\/wp\/v2\/posts\/37823\/revisions"}],"predecessor-version":[{"id":37824,"href":"https:\/\/justicapotiguar.com.br\/index.php\/wp-json\/wp\/v2\/posts\/37823\/revisions\/37824"}],"wp:attachment":[{"href":"https:\/\/justicapotiguar.com.br\/index.php\/wp-json\/wp\/v2\/media?parent=37823"}],"wp:term":[{"taxonomy":"category","embeddable":true,"href":"https:\/\/justicapotiguar.com.br\/index.php\/wp-json\/wp\/v2\/categories?post=37823"},{"taxonomy":"post_tag","embeddable":true,"href":"https:\/\/justicapotiguar.com.br\/index.php\/wp-json\/wp\/v2\/tags?post=37823"}],"curies":[{"name":"wp","href":"https:\/\/api.w.org\/{rel}","templated":true}]}}