{"id":37717,"date":"2024-07-17T12:52:27","date_gmt":"2024-07-17T15:52:27","guid":{"rendered":"https:\/\/justicapotiguar.com.br\/?p=37717"},"modified":"2024-07-17T12:52:27","modified_gmt":"2024-07-17T15:52:27","slug":"tj-ba-anula-sentenca-apos-juiz-dizer-que-lugar-de-demonio-e-na-cadeia","status":"publish","type":"post","link":"https:\/\/justicapotiguar.com.br\/index.php\/2024\/07\/17\/tj-ba-anula-sentenca-apos-juiz-dizer-que-lugar-de-demonio-e-na-cadeia\/","title":{"rendered":"TJ\/BA anula senten\u00e7a ap\u00f3s juiz dizer que &#8220;lugar de dem\u00f4nio \u00e9 na cadeia&#8221;"},"content":{"rendered":"\n<p>O TJ\/BA, por meio da 1\u00aa c\u00e2mara Criminal, anulou senten\u00e7a de primeiro grau, determinando a renova\u00e7\u00e3o dos atos processuais desde a audi\u00eancia de instru\u00e7\u00e3o e julgamento. A decis\u00e3o foi motivada pela constata\u00e7\u00e3o de parcialidade do magistrado respons\u00e1vel, que utilizou linguagem considerada excessiva e ofensiva durante a audi\u00eancia, incluindo a express\u00e3o &#8220;lugar de dem\u00f4nio \u00e9 l\u00e1 na cadeia&#8221;.<\/p>\n\n\n\n<p>Conforme os autos, o r\u00e9u havia sido condenado a um ano e seis meses de deten\u00e7\u00e3o por descumprimento de medida protetiva, com direito de recorrer em liberdade, enquanto foi absolvido das acusa\u00e7\u00f5es de amea\u00e7a e tentativa de les\u00e3o corporal. Tanto a defesa quanto o Minist\u00e9rio P\u00fablico apelaram da decis\u00e3o, a primeira alegando a nulidade da senten\u00e7a devido \u00e0 suspei\u00e7\u00e3o do magistrado, e o segundo buscando a condena\u00e7\u00e3o do r\u00e9u pelos crimes de amea\u00e7a e tentativa de les\u00e3o corporal.<\/p>\n\n\n\n<p>Durante a audi\u00eancia de instru\u00e7\u00e3o, o magistrado em quest\u00e3o fez declara\u00e7\u00f5es que sugeriam pr\u00e9-julgamento e uso de linguagem desrespeitosa, o que motivou a defesa a questionar sua imparcialidade. Frases como \u201clugar de dem\u00f4nio \u00e9 l\u00e1 na cadeia\u201d, \u201clugar de psicopata \u00e9 na cadeia\u201d e \u201cgente que n\u00e3o \u00e9 boa da cabe\u00e7a tem que ficar \u00e9 preso\u201d foram destacadas como indicativos de parcialidade.<\/p>\n\n\n\n<figure class=\"wp-block-image\"><img src=\"\" alt=\"\"\/><\/figure>\n\n\n\n<figure class=\"wp-block-image\"><img src=\"https:\/\/img2-migalhas-com-br.cdn.ampproject.org\/ii\/AW\/s\/img2.migalhas.com.br\/_MEDPROC_\/https__img.migalhas.com.br__SL__gf_base__SL__empresas__SL__MIGA__SL__imagens__SL__2024__SL__07__SL__15__SL__16abdc43-cce4-4d81-b1e6-eabddfae18d9.jpg._PROC_CP65.jpg\" alt=\"\"\/><\/figure>\n\n\n\n<p>TJ\/BA anula senten\u00e7a ap\u00f3s juiz dizer que &#8220;lugar de dem\u00f4nio \u00e9 na cadeia&#8221;.(IMAGEM: FREEPIK)<\/p>\n\n\n\n<p>O colegiado, ao acolher a preliminar de nulidade, seguiu o entendimento de que a suspei\u00e7\u00e3o do magistrado pode ser reconhecida mesmo em hip\u00f3teses n\u00e3o taxativas, quando h\u00e1 evid\u00eancias concretas de atua\u00e7\u00e3o parcial. A decis\u00e3o tamb\u00e9m mencionou princ\u00edpios estabelecidos na Conven\u00e7\u00e3o Americana sobre Direitos Humanos e no CPP, enfatizando a necessidade de imparcialidade no julgamento.<\/p><div class=\"hlvex69f29090dff89\" ><!--<a href=\"https:\/\/bit.ly\/3QdrqTZ\" target=\"_blank\">\n<img src=\"https:\/\/justicapotiguar.com.br\/wp-content\/uploads\/2023\/09\/mobile-geral.gif\"\/><a\/>--><\/div><style type=\"text\/css\">\r\n.hlvex69f29090dff89 {\r\ntext-align: center;\r\n}\r\n@media screen and (min-width: 1201px) {\r\n.hlvex69f29090dff89 {\r\ndisplay: none;\r\n}\r\n}\r\n@media screen and (min-width: 993px) and (max-width: 1200px) {\r\n.hlvex69f29090dff89 {\r\ndisplay: none;\r\n}\r\n}\r\n@media screen and (min-width: 769px) and (max-width: 992px) {\r\n.hlvex69f29090dff89 {\r\ndisplay: none;\r\n}\r\n}\r\n@media screen and (min-width: 768px) and (max-width: 768px) {\r\n.hlvex69f29090dff89 {\r\ndisplay: block;\r\n}\r\n}\r\n@media screen and (max-width: 767px) {\r\n.hlvex69f29090dff89 {\r\ndisplay: block;\r\n}\r\n}\r\n<\/style>\r\n<div class=\"joifu69f29090dff6a\" ><!--<a href=\"https:\/\/bit.ly\/3QdrqTZ\" target=\"_blank\">\n<img src=\"https:\/\/justicapotiguar.com.br\/wp-content\/uploads\/2023\/09\/desktop-geral.gif\"\/><a\/>--><\/div><style type=\"text\/css\">\r\n.joifu69f29090dff6a {\r\ntext-align: center;\nmargin-bottom: 1em;\r\n}\r\n@media screen and (min-width: 1201px) {\r\n.joifu69f29090dff6a {\r\ndisplay: block;\r\n}\r\n}\r\n@media screen and (min-width: 993px) and (max-width: 1200px) {\r\n.joifu69f29090dff6a {\r\ndisplay: block;\r\n}\r\n}\r\n@media screen and (min-width: 769px) and (max-width: 992px) {\r\n.joifu69f29090dff6a {\r\ndisplay: block;\r\n}\r\n}\r\n@media screen and (min-width: 768px) and (max-width: 768px) {\r\n.joifu69f29090dff6a {\r\ndisplay: none;\r\n}\r\n}\r\n@media screen and (max-width: 767px) {\r\n.joifu69f29090dff6a {\r\ndisplay: none;\r\n}\r\n}\r\n<\/style>\r\n\n\n\n\n<p><em>\u201cNessa medida, o magistrado n\u00e3o somente antecipou o seu vislumbre de culpabilidade do acusado, como tamb\u00e9m se utilizou de express\u00f5es flagrantemente opostas ao dever de urbanidade previsto no art. 35, IV, da Lei Org\u00e2nica da Magistratura Nacional, inobservando, outrossim, o dever de cortesia para com as partes, que demanda a utiliza\u00e7\u00e3o de linguagem escorreita, polida e respeitosa, conforme previsto no art. 22 do C\u00f3digo de \u00c9tica da Magistratura.\u201d<\/em><\/p>\n\n\n\n<p>Com a anula\u00e7\u00e3o dos atos processuais, o caso ser\u00e1 remetido \u00e0 inst\u00e2ncia de origem para que um novo magistrado conduza a instru\u00e7\u00e3o criminal e profira nova senten\u00e7a. A an\u00e1lise do m\u00e9rito do recurso ministerial foi prejudicada pela decis\u00e3o de nulidade.<\/p>\n\n\n\n<p>A decis\u00e3o tamb\u00e9m ser\u00e1 comunicada \u00e0 Corregedoria-Geral do Tribunal de Justi\u00e7a para as provid\u00eancias cab\u00edveis.<\/p>\n\n\n\n<ul><li>Processo:&nbsp;8003152-33.2023.8.05.0022<\/li><\/ul>\n\n\n\n<p>Acesse o&nbsp;<a href=\"https:\/\/www.migalhas.com.br\/arquivos\/2024\/7\/8284A537C1CEF7_acordao-diabo-cadeia.pdf\" target=\"_blank\" rel=\"noreferrer noopener\">ac\u00f3rd\u00e3o<\/a>.<\/p>\n","protected":false},"excerpt":{"rendered":"<p>O TJ\/BA, por meio da 1\u00aa c\u00e2mara Criminal, anulou senten\u00e7a de primeiro grau, determinando a renova\u00e7\u00e3o dos atos processuais desde a audi\u00eancia de instru\u00e7\u00e3o e julgamento. A decis\u00e3o foi motivada pela constata\u00e7\u00e3o de parcialidade do magistrado respons\u00e1vel, que utilizou linguagem considerada excessiva e ofensiva durante a audi\u00eancia, incluindo a express\u00e3o &#8220;lugar de dem\u00f4nio \u00e9 l\u00e1<br \/><a class=\"more-link\" href=\"https:\/\/justicapotiguar.com.br\/index.php\/2024\/07\/17\/tj-ba-anula-sentenca-apos-juiz-dizer-que-lugar-de-demonio-e-na-cadeia\/\">Mais&#8230;<\/a><\/p>\n","protected":false},"author":5,"featured_media":0,"comment_status":"open","ping_status":"open","sticky":false,"template":"","format":"standard","meta":[],"categories":[1],"tags":[],"_links":{"self":[{"href":"https:\/\/justicapotiguar.com.br\/index.php\/wp-json\/wp\/v2\/posts\/37717"}],"collection":[{"href":"https:\/\/justicapotiguar.com.br\/index.php\/wp-json\/wp\/v2\/posts"}],"about":[{"href":"https:\/\/justicapotiguar.com.br\/index.php\/wp-json\/wp\/v2\/types\/post"}],"author":[{"embeddable":true,"href":"https:\/\/justicapotiguar.com.br\/index.php\/wp-json\/wp\/v2\/users\/5"}],"replies":[{"embeddable":true,"href":"https:\/\/justicapotiguar.com.br\/index.php\/wp-json\/wp\/v2\/comments?post=37717"}],"version-history":[{"count":1,"href":"https:\/\/justicapotiguar.com.br\/index.php\/wp-json\/wp\/v2\/posts\/37717\/revisions"}],"predecessor-version":[{"id":37718,"href":"https:\/\/justicapotiguar.com.br\/index.php\/wp-json\/wp\/v2\/posts\/37717\/revisions\/37718"}],"wp:attachment":[{"href":"https:\/\/justicapotiguar.com.br\/index.php\/wp-json\/wp\/v2\/media?parent=37717"}],"wp:term":[{"taxonomy":"category","embeddable":true,"href":"https:\/\/justicapotiguar.com.br\/index.php\/wp-json\/wp\/v2\/categories?post=37717"},{"taxonomy":"post_tag","embeddable":true,"href":"https:\/\/justicapotiguar.com.br\/index.php\/wp-json\/wp\/v2\/tags?post=37717"}],"curies":[{"name":"wp","href":"https:\/\/api.w.org\/{rel}","templated":true}]}}