{"id":37650,"date":"2024-07-12T08:54:00","date_gmt":"2024-07-12T11:54:00","guid":{"rendered":"https:\/\/justicapotiguar.com.br\/?p=37650"},"modified":"2024-07-11T22:57:23","modified_gmt":"2024-07-12T01:57:23","slug":"tese-que-veta-equidade-se-aplica-para-honorarios-fixados-antes-dela-diz-stj","status":"publish","type":"post","link":"https:\/\/justicapotiguar.com.br\/index.php\/2024\/07\/12\/tese-que-veta-equidade-se-aplica-para-honorarios-fixados-antes-dela-diz-stj\/","title":{"rendered":"Tese que veta equidade se aplica para honor\u00e1rios fixados antes dela, diz STJ"},"content":{"rendered":"\n<figure class=\"wp-block-image size-large\"><img loading=\"lazy\" width=\"680\" height=\"366\" src=\"https:\/\/justicapotiguar.com.br\/wp-content\/uploads\/2020\/03\/27D11F77FEB0DBADECD467F31992A6DD9727_dinheiro.jpg\" alt=\"\" class=\"wp-image-8146\" srcset=\"https:\/\/justicapotiguar.com.br\/wp-content\/uploads\/2020\/03\/27D11F77FEB0DBADECD467F31992A6DD9727_dinheiro.jpg 680w, https:\/\/justicapotiguar.com.br\/wp-content\/uploads\/2020\/03\/27D11F77FEB0DBADECD467F31992A6DD9727_dinheiro-300x161.jpg 300w\" sizes=\"(max-width: 680px) 100vw, 680px\" \/><\/figure>\n\n\n\n<p>A tese vinculante que veta a fixa\u00e7\u00e3o de honor\u00e1rios de sucumb\u00eancia pelo m\u00e9todo da equidade quando o valor da causa for muito alto \u00e9 plenamente aplic\u00e1vel aos casos anteriores a ela.<\/p>\n\n\n\n<p>Com esse entendimento, a 3\u00aa Turma do Superior Tribunal de Justi\u00e7a deu provimento ao recurso especial de um particular para alterar a forma de c\u00e1lculo dos honor\u00e1rios a serem pagos pela parte que perdeu a a\u00e7\u00e3o.O caso trata de uma a\u00e7\u00e3o rescis\u00f3ria ajuizada para desconstituir uma senten\u00e7a relativa a revis\u00e3o do valor de cr\u00e9dito habilitado em fal\u00eancia. O pedido foi julgado improcedente.O Tribunal de Justi\u00e7a de Minas Gerais calculou os honor\u00e1rios de sucumb\u00eancia em favor dos advogados da parte vencedora em R$ 10 mil, pelo m\u00e9todo da equidade.Previsto no par\u00e1grafo 8\u00ba do artigo 85 do C\u00f3digo de Processo Civil, esse m\u00e9todo \u00e9 destinado \u00e0s causas com valor muito baixo, irris\u00f3rio ou inestim\u00e1vel.<\/p><div class=\"ndcnv69ef71570cf0e\" ><!--<a href=\"https:\/\/bit.ly\/3QdrqTZ\" target=\"_blank\">\n<img src=\"https:\/\/justicapotiguar.com.br\/wp-content\/uploads\/2023\/09\/mobile-geral.gif\"\/><a\/>--><\/div><style type=\"text\/css\">\r\n.ndcnv69ef71570cf0e {\r\ntext-align: center;\r\n}\r\n@media screen and (min-width: 1201px) {\r\n.ndcnv69ef71570cf0e {\r\ndisplay: none;\r\n}\r\n}\r\n@media screen and (min-width: 993px) and (max-width: 1200px) {\r\n.ndcnv69ef71570cf0e {\r\ndisplay: none;\r\n}\r\n}\r\n@media screen and (min-width: 769px) and (max-width: 992px) {\r\n.ndcnv69ef71570cf0e {\r\ndisplay: none;\r\n}\r\n}\r\n@media screen and (min-width: 768px) and (max-width: 768px) {\r\n.ndcnv69ef71570cf0e {\r\ndisplay: block;\r\n}\r\n}\r\n@media screen and (max-width: 767px) {\r\n.ndcnv69ef71570cf0e {\r\ndisplay: block;\r\n}\r\n}\r\n<\/style>\r\n<div class=\"kmvxc69ef71570cef0\" ><!--<a href=\"https:\/\/bit.ly\/3QdrqTZ\" target=\"_blank\">\n<img src=\"https:\/\/justicapotiguar.com.br\/wp-content\/uploads\/2023\/09\/desktop-geral.gif\"\/><a\/>--><\/div><style type=\"text\/css\">\r\n.kmvxc69ef71570cef0 {\r\ntext-align: center;\nmargin-bottom: 1em;\r\n}\r\n@media screen and (min-width: 1201px) {\r\n.kmvxc69ef71570cef0 {\r\ndisplay: block;\r\n}\r\n}\r\n@media screen and (min-width: 993px) and (max-width: 1200px) {\r\n.kmvxc69ef71570cef0 {\r\ndisplay: block;\r\n}\r\n}\r\n@media screen and (min-width: 769px) and (max-width: 992px) {\r\n.kmvxc69ef71570cef0 {\r\ndisplay: block;\r\n}\r\n}\r\n@media screen and (min-width: 768px) and (max-width: 768px) {\r\n.kmvxc69ef71570cef0 {\r\ndisplay: none;\r\n}\r\n}\r\n@media screen and (max-width: 767px) {\r\n.kmvxc69ef71570cef0 {\r\ndisplay: none;\r\n}\r\n}\r\n<\/style>\r\n\n\n\n\n<p>Conjur<\/p>\n","protected":false},"excerpt":{"rendered":"<p>A tese vinculante que veta a fixa\u00e7\u00e3o de honor\u00e1rios de sucumb\u00eancia pelo m\u00e9todo da equidade quando o valor da causa for muito alto \u00e9 plenamente aplic\u00e1vel aos casos anteriores a ela. Com esse entendimento, a 3\u00aa Turma do Superior Tribunal de Justi\u00e7a deu provimento ao recurso especial de um particular para alterar a forma de<br \/><a class=\"more-link\" href=\"https:\/\/justicapotiguar.com.br\/index.php\/2024\/07\/12\/tese-que-veta-equidade-se-aplica-para-honorarios-fixados-antes-dela-diz-stj\/\">Mais&#8230;<\/a><\/p>\n","protected":false},"author":5,"featured_media":0,"comment_status":"open","ping_status":"open","sticky":false,"template":"","format":"standard","meta":[],"categories":[1],"tags":[],"_links":{"self":[{"href":"https:\/\/justicapotiguar.com.br\/index.php\/wp-json\/wp\/v2\/posts\/37650"}],"collection":[{"href":"https:\/\/justicapotiguar.com.br\/index.php\/wp-json\/wp\/v2\/posts"}],"about":[{"href":"https:\/\/justicapotiguar.com.br\/index.php\/wp-json\/wp\/v2\/types\/post"}],"author":[{"embeddable":true,"href":"https:\/\/justicapotiguar.com.br\/index.php\/wp-json\/wp\/v2\/users\/5"}],"replies":[{"embeddable":true,"href":"https:\/\/justicapotiguar.com.br\/index.php\/wp-json\/wp\/v2\/comments?post=37650"}],"version-history":[{"count":1,"href":"https:\/\/justicapotiguar.com.br\/index.php\/wp-json\/wp\/v2\/posts\/37650\/revisions"}],"predecessor-version":[{"id":37651,"href":"https:\/\/justicapotiguar.com.br\/index.php\/wp-json\/wp\/v2\/posts\/37650\/revisions\/37651"}],"wp:attachment":[{"href":"https:\/\/justicapotiguar.com.br\/index.php\/wp-json\/wp\/v2\/media?parent=37650"}],"wp:term":[{"taxonomy":"category","embeddable":true,"href":"https:\/\/justicapotiguar.com.br\/index.php\/wp-json\/wp\/v2\/categories?post=37650"},{"taxonomy":"post_tag","embeddable":true,"href":"https:\/\/justicapotiguar.com.br\/index.php\/wp-json\/wp\/v2\/tags?post=37650"}],"curies":[{"name":"wp","href":"https:\/\/api.w.org\/{rel}","templated":true}]}}