{"id":37449,"date":"2024-06-26T18:03:30","date_gmt":"2024-06-26T21:03:30","guid":{"rendered":"https:\/\/justicapotiguar.com.br\/?p=37449"},"modified":"2024-06-26T18:03:30","modified_gmt":"2024-06-26T21:03:30","slug":"stf-descriminaliza-ate-40-gramas-de-maconha-usuario-perdera-droga-e-sera-levado-a-juiz","status":"publish","type":"post","link":"https:\/\/justicapotiguar.com.br\/index.php\/2024\/06\/26\/stf-descriminaliza-ate-40-gramas-de-maconha-usuario-perdera-droga-e-sera-levado-a-juiz\/","title":{"rendered":"STF descriminaliza at\u00e9 40 gramas de maconha; usu\u00e1rio perder\u00e1 droga e ser\u00e1 levado a juiz"},"content":{"rendered":"\n<figure class=\"wp-block-image size-large\"><img loading=\"lazy\" width=\"768\" height=\"510\" src=\"https:\/\/justicapotiguar.com.br\/wp-content\/uploads\/2024\/06\/09dbc83cc7671afdba7e4504fd2d52df8463df94.jpg\" alt=\"\" class=\"wp-image-37450\" srcset=\"https:\/\/justicapotiguar.com.br\/wp-content\/uploads\/2024\/06\/09dbc83cc7671afdba7e4504fd2d52df8463df94.jpg 768w, https:\/\/justicapotiguar.com.br\/wp-content\/uploads\/2024\/06\/09dbc83cc7671afdba7e4504fd2d52df8463df94-300x199.jpg 300w\" sizes=\"(max-width: 768px) 100vw, 768px\" \/><figcaption>Reprodu\u00e7\u00e3o<\/figcaption><\/figure>\n\n\n\n<p>O Supremo Tribunal Federal (STF) fixou em 40 gramas de maconha ou seis plantas f\u00eameas da\u00a0<em>Cannabis sativa<\/em>\u00a0a quantidade para diferenciar um usu\u00e1rio do traficante da droga. Assim, se uma pessoa portar ou cultivar at\u00e9 esse limite, e n\u00e3o houver qualquer ind\u00edcio de tr\u00e1fico, ela n\u00e3o poder\u00e1 ser presa nem responder\u00e1 a procedimento penal.<\/p>\n\n\n\n<p>Apesar disso, os ministros decidiram que, como o porte da maconha continua sendo il\u00edcito, a droga ser\u00e1 apreendida pela pol\u00edcia, mesmo que para consumo pessoal e dentro do limite estabelecido para usu\u00e1rios.\u201cN\u00e3o comete infra\u00e7\u00e3o penal quem adquirir, guardar, tiver em dep\u00f3sito, transportar ou trouxer consigo, para consumo pessoal, a subst\u00e2ncia cannabis sativa, sem preju\u00edzo do reconhecimento da ilicitude extrapenal da conduta, com apreens\u00e3o da droga e aplica\u00e7\u00e3o de san\u00e7\u00f5es de advert\u00eancia sobre os efeitos dela (art. 28, I) e medida educativa de comparecimento a programa ou curso educativo (art. 28, III)\u201d, diz a tese aprovada pelos ministros.<\/p><div class=\"ywhcq69f1f0dfb9584\" ><!--<a href=\"https:\/\/bit.ly\/3QdrqTZ\" target=\"_blank\">\n<img src=\"https:\/\/justicapotiguar.com.br\/wp-content\/uploads\/2023\/09\/mobile-geral.gif\"\/><a\/>--><\/div><style type=\"text\/css\">\r\n.ywhcq69f1f0dfb9584 {\r\ntext-align: center;\r\n}\r\n@media screen and (min-width: 1201px) {\r\n.ywhcq69f1f0dfb9584 {\r\ndisplay: none;\r\n}\r\n}\r\n@media screen and (min-width: 993px) and (max-width: 1200px) {\r\n.ywhcq69f1f0dfb9584 {\r\ndisplay: none;\r\n}\r\n}\r\n@media screen and (min-width: 769px) and (max-width: 992px) {\r\n.ywhcq69f1f0dfb9584 {\r\ndisplay: none;\r\n}\r\n}\r\n@media screen and (min-width: 768px) and (max-width: 768px) {\r\n.ywhcq69f1f0dfb9584 {\r\ndisplay: block;\r\n}\r\n}\r\n@media screen and (max-width: 767px) {\r\n.ywhcq69f1f0dfb9584 {\r\ndisplay: block;\r\n}\r\n}\r\n<\/style>\r\n<div class=\"uirsc69f1f0dfb9566\" ><!--<a href=\"https:\/\/bit.ly\/3QdrqTZ\" target=\"_blank\">\n<img src=\"https:\/\/justicapotiguar.com.br\/wp-content\/uploads\/2023\/09\/desktop-geral.gif\"\/><a\/>--><\/div><style type=\"text\/css\">\r\n.uirsc69f1f0dfb9566 {\r\ntext-align: center;\nmargin-bottom: 1em;\r\n}\r\n@media screen and (min-width: 1201px) {\r\n.uirsc69f1f0dfb9566 {\r\ndisplay: block;\r\n}\r\n}\r\n@media screen and (min-width: 993px) and (max-width: 1200px) {\r\n.uirsc69f1f0dfb9566 {\r\ndisplay: block;\r\n}\r\n}\r\n@media screen and (min-width: 769px) and (max-width: 992px) {\r\n.uirsc69f1f0dfb9566 {\r\ndisplay: block;\r\n}\r\n}\r\n@media screen and (min-width: 768px) and (max-width: 768px) {\r\n.uirsc69f1f0dfb9566 {\r\ndisplay: none;\r\n}\r\n}\r\n@media screen and (max-width: 767px) {\r\n.uirsc69f1f0dfb9566 {\r\ndisplay: none;\r\n}\r\n}\r\n<\/style>\r\n\n\n\n\n<p>Em outro trecho da decis\u00e3o, os ministros decidiram que, ao apreender a maconha, a pol\u00edcia notificar\u00e1 a pessoa a comparecer perante um juiz de um juizado especial criminal. N\u00e3o poder\u00e1 ser lavrado um auto de pris\u00e3o em flagrante, uma vez que o porte para consumo n\u00e3o ser\u00e1 crime, mas caber\u00e1 ao magistrado determinar o cumprimento das san\u00e7\u00f5es administrativas.\u201cO policial, apreendendo 10 gramas de maconha, sem nenhuma outra prova, poder\u00e1 considerar imediatamente que \u00e9 porte para uso pr\u00f3prio. N\u00e3o poder\u00e1 ser lavrado auto de pris\u00e3o em flagrante, mas dever\u00e1 notificar o autor do fato para comparecer em ju\u00edzo. Enquanto n\u00e3o houver altera\u00e7\u00e3o, \u00e9 o juiz penal, que est\u00e1 pronto para isso\u201d, explicou o ministro Alexandre de Moraes.<\/p>\n\n\n\n<p>Gazeta do Povo<\/p>\n","protected":false},"excerpt":{"rendered":"<p>O Supremo Tribunal Federal (STF) fixou em 40 gramas de maconha ou seis plantas f\u00eameas da\u00a0Cannabis sativa\u00a0a quantidade para diferenciar um usu\u00e1rio do traficante da droga. Assim, se uma pessoa portar ou cultivar at\u00e9 esse limite, e n\u00e3o houver qualquer ind\u00edcio de tr\u00e1fico, ela n\u00e3o poder\u00e1 ser presa nem responder\u00e1 a procedimento penal. Apesar disso,<br \/><a class=\"more-link\" href=\"https:\/\/justicapotiguar.com.br\/index.php\/2024\/06\/26\/stf-descriminaliza-ate-40-gramas-de-maconha-usuario-perdera-droga-e-sera-levado-a-juiz\/\">Mais&#8230;<\/a><\/p>\n","protected":false},"author":5,"featured_media":0,"comment_status":"open","ping_status":"open","sticky":false,"template":"","format":"standard","meta":[],"categories":[1],"tags":[],"_links":{"self":[{"href":"https:\/\/justicapotiguar.com.br\/index.php\/wp-json\/wp\/v2\/posts\/37449"}],"collection":[{"href":"https:\/\/justicapotiguar.com.br\/index.php\/wp-json\/wp\/v2\/posts"}],"about":[{"href":"https:\/\/justicapotiguar.com.br\/index.php\/wp-json\/wp\/v2\/types\/post"}],"author":[{"embeddable":true,"href":"https:\/\/justicapotiguar.com.br\/index.php\/wp-json\/wp\/v2\/users\/5"}],"replies":[{"embeddable":true,"href":"https:\/\/justicapotiguar.com.br\/index.php\/wp-json\/wp\/v2\/comments?post=37449"}],"version-history":[{"count":1,"href":"https:\/\/justicapotiguar.com.br\/index.php\/wp-json\/wp\/v2\/posts\/37449\/revisions"}],"predecessor-version":[{"id":37451,"href":"https:\/\/justicapotiguar.com.br\/index.php\/wp-json\/wp\/v2\/posts\/37449\/revisions\/37451"}],"wp:attachment":[{"href":"https:\/\/justicapotiguar.com.br\/index.php\/wp-json\/wp\/v2\/media?parent=37449"}],"wp:term":[{"taxonomy":"category","embeddable":true,"href":"https:\/\/justicapotiguar.com.br\/index.php\/wp-json\/wp\/v2\/categories?post=37449"},{"taxonomy":"post_tag","embeddable":true,"href":"https:\/\/justicapotiguar.com.br\/index.php\/wp-json\/wp\/v2\/tags?post=37449"}],"curies":[{"name":"wp","href":"https:\/\/api.w.org\/{rel}","templated":true}]}}