{"id":37211,"date":"2024-06-07T08:06:50","date_gmt":"2024-06-07T11:06:50","guid":{"rendered":"https:\/\/justicapotiguar.com.br\/?p=37211"},"modified":"2024-06-07T08:06:50","modified_gmt":"2024-06-07T11:06:50","slug":"tjrn-determina-interdicao-parcial-na-penitenciaria-rogerio-coutinho-madruga","status":"publish","type":"post","link":"https:\/\/justicapotiguar.com.br\/index.php\/2024\/06\/07\/tjrn-determina-interdicao-parcial-na-penitenciaria-rogerio-coutinho-madruga\/","title":{"rendered":"TJRN determina interdi\u00e7\u00e3o parcial na Penitenci\u00e1ria Rog\u00e9rio Coutinho Madruga"},"content":{"rendered":"\n<p>O Tribunal de Justi\u00e7a do Rio Grande do Norte (TJRN) determinou, nesta quinta-feira (06), a interdi\u00e7\u00e3o parcial da Penitenci\u00e1ria Estadual Rog\u00e9rio Coutinho Madruga. A decis\u00e3o assinada pelo juiz Henrique Baltazar Vilar dos Santos, da 1\u00aa Vara Regional de Execu\u00e7\u00e3o Penal, pro\u00edbe o recebimento de novos presos, provis\u00f3rios ou condenados, no estabelecimento prisional. O documento foi publicado por meio de portaria no Di\u00e1rio Oficial do TJRN.<\/p>\n\n\n\n<p>No texto da decis\u00e3o do magistrado, ser\u00e1 considerado crime em caso de desobedi\u00eancia: \u201cSer\u00e1 considerado crime de desobedi\u00eancia praticado pela Coordenadora da CoAPe e pelo Diretor da Penitenci\u00e1ria Estadual Rog\u00e9rio Coutinho Madruga o ingresso de novos presos na unidade prisional ap\u00f3s a publica\u00e7\u00e3o desta portaria\u201d.<\/p>\n\n\n\n<figure class=\"wp-block-image size-large\"><img loading=\"lazy\" width=\"580\" height=\"388\" src=\"https:\/\/justicapotiguar.com.br\/wp-content\/uploads\/2020\/04\/alcacuz.png\" alt=\"\" class=\"wp-image-8907\" srcset=\"https:\/\/justicapotiguar.com.br\/wp-content\/uploads\/2020\/04\/alcacuz.png 580w, https:\/\/justicapotiguar.com.br\/wp-content\/uploads\/2020\/04\/alcacuz-300x201.png 300w\" sizes=\"(max-width: 580px) 100vw, 580px\" \/><figcaption>Reprodu\u00e7\u00e3o<\/figcaption><\/figure>\n\n\n\n<p>\u201cA interdi\u00e7\u00e3o poder\u00e1 ser revogada por este ju\u00edzo ap\u00f3s a reativa\u00e7\u00e3o integral do Pavilh\u00e3o n.\u00ba 2 da Penitenci\u00e1ria Estadual Rog\u00e9rio Coutinho Madruga ou se verificada a transfer\u00eancia de n\u00famero razo\u00e1vel de apenados para outras unidades prisionais que j\u00e1 n\u00e3o estejam superlotadas\u201d, estabeleceu o juiz Henrique Baltazar.<\/p><div class=\"tedqw69f3acf178ccb\" ><!--<a href=\"https:\/\/bit.ly\/3QdrqTZ\" target=\"_blank\">\n<img src=\"https:\/\/justicapotiguar.com.br\/wp-content\/uploads\/2023\/09\/mobile-geral.gif\"\/><a\/>--><\/div><style type=\"text\/css\">\r\n.tedqw69f3acf178ccb {\r\ntext-align: center;\r\n}\r\n@media screen and (min-width: 1201px) {\r\n.tedqw69f3acf178ccb {\r\ndisplay: none;\r\n}\r\n}\r\n@media screen and (min-width: 993px) and (max-width: 1200px) {\r\n.tedqw69f3acf178ccb {\r\ndisplay: none;\r\n}\r\n}\r\n@media screen and (min-width: 769px) and (max-width: 992px) {\r\n.tedqw69f3acf178ccb {\r\ndisplay: none;\r\n}\r\n}\r\n@media screen and (min-width: 768px) and (max-width: 768px) {\r\n.tedqw69f3acf178ccb {\r\ndisplay: block;\r\n}\r\n}\r\n@media screen and (max-width: 767px) {\r\n.tedqw69f3acf178ccb {\r\ndisplay: block;\r\n}\r\n}\r\n<\/style>\r\n<div class=\"gtaii69f3acf178caa\" ><!--<a href=\"https:\/\/bit.ly\/3QdrqTZ\" target=\"_blank\">\n<img src=\"https:\/\/justicapotiguar.com.br\/wp-content\/uploads\/2023\/09\/desktop-geral.gif\"\/><a\/>--><\/div><style type=\"text\/css\">\r\n.gtaii69f3acf178caa {\r\ntext-align: center;\nmargin-bottom: 1em;\r\n}\r\n@media screen and (min-width: 1201px) {\r\n.gtaii69f3acf178caa {\r\ndisplay: block;\r\n}\r\n}\r\n@media screen and (min-width: 993px) and (max-width: 1200px) {\r\n.gtaii69f3acf178caa {\r\ndisplay: block;\r\n}\r\n}\r\n@media screen and (min-width: 769px) and (max-width: 992px) {\r\n.gtaii69f3acf178caa {\r\ndisplay: block;\r\n}\r\n}\r\n@media screen and (min-width: 768px) and (max-width: 768px) {\r\n.gtaii69f3acf178caa {\r\ndisplay: none;\r\n}\r\n}\r\n@media screen and (max-width: 767px) {\r\n.gtaii69f3acf178caa {\r\ndisplay: none;\r\n}\r\n}\r\n<\/style>\r\n\n\n\n\n<p>Dentre os embasamentos utilizados pelo magistrado na publica\u00e7\u00e3o, foi citado que atualmente a Penitenci\u00e1ria recolhe 607 presos em um s\u00f3 pavilh\u00e3o, embora tenha sido constru\u00eddo para abrigar 402 internos.<\/p>\n\n\n\n<h4><a href=\"https:\/\/assets.novonoticias.com.br\/uploads\/2024\/06\/ilovepdf_merged.pdf\">Confira a decis\u00e3o na \u00edntegra<\/a><\/h4>\n","protected":false},"excerpt":{"rendered":"<p>O Tribunal de Justi\u00e7a do Rio Grande do Norte (TJRN) determinou, nesta quinta-feira (06), a interdi\u00e7\u00e3o parcial da Penitenci\u00e1ria Estadual Rog\u00e9rio Coutinho Madruga. A decis\u00e3o assinada pelo juiz Henrique Baltazar Vilar dos Santos, da 1\u00aa Vara Regional de Execu\u00e7\u00e3o Penal, pro\u00edbe o recebimento de novos presos, provis\u00f3rios ou condenados, no estabelecimento prisional. O documento foi<br \/><a class=\"more-link\" href=\"https:\/\/justicapotiguar.com.br\/index.php\/2024\/06\/07\/tjrn-determina-interdicao-parcial-na-penitenciaria-rogerio-coutinho-madruga\/\">Mais&#8230;<\/a><\/p>\n","protected":false},"author":5,"featured_media":0,"comment_status":"open","ping_status":"open","sticky":false,"template":"","format":"standard","meta":[],"categories":[1],"tags":[],"_links":{"self":[{"href":"https:\/\/justicapotiguar.com.br\/index.php\/wp-json\/wp\/v2\/posts\/37211"}],"collection":[{"href":"https:\/\/justicapotiguar.com.br\/index.php\/wp-json\/wp\/v2\/posts"}],"about":[{"href":"https:\/\/justicapotiguar.com.br\/index.php\/wp-json\/wp\/v2\/types\/post"}],"author":[{"embeddable":true,"href":"https:\/\/justicapotiguar.com.br\/index.php\/wp-json\/wp\/v2\/users\/5"}],"replies":[{"embeddable":true,"href":"https:\/\/justicapotiguar.com.br\/index.php\/wp-json\/wp\/v2\/comments?post=37211"}],"version-history":[{"count":1,"href":"https:\/\/justicapotiguar.com.br\/index.php\/wp-json\/wp\/v2\/posts\/37211\/revisions"}],"predecessor-version":[{"id":37212,"href":"https:\/\/justicapotiguar.com.br\/index.php\/wp-json\/wp\/v2\/posts\/37211\/revisions\/37212"}],"wp:attachment":[{"href":"https:\/\/justicapotiguar.com.br\/index.php\/wp-json\/wp\/v2\/media?parent=37211"}],"wp:term":[{"taxonomy":"category","embeddable":true,"href":"https:\/\/justicapotiguar.com.br\/index.php\/wp-json\/wp\/v2\/categories?post=37211"},{"taxonomy":"post_tag","embeddable":true,"href":"https:\/\/justicapotiguar.com.br\/index.php\/wp-json\/wp\/v2\/tags?post=37211"}],"curies":[{"name":"wp","href":"https:\/\/api.w.org\/{rel}","templated":true}]}}