{"id":37209,"date":"2024-06-07T07:22:00","date_gmt":"2024-06-07T10:22:00","guid":{"rendered":"https:\/\/justicapotiguar.com.br\/?p=37209"},"modified":"2024-06-06T22:23:44","modified_gmt":"2024-06-07T01:23:44","slug":"atitude-suspeita-ou-fuga-justificam-abordagem-policial","status":"publish","type":"post","link":"https:\/\/justicapotiguar.com.br\/index.php\/2024\/06\/07\/atitude-suspeita-ou-fuga-justificam-abordagem-policial\/","title":{"rendered":"Atitude suspeita ou fuga justificam abordagem policial"},"content":{"rendered":"\n<p>Em um recente julgamento, a C\u00e2mara Criminal do TJRN voltou a destacar o entendimento do STF, o qual j\u00e1 estabeleceu que a atitude suspeita e a subsequente tentativa de \u2018desvencilhamento\u2019 ou fuga de um suposto autor de delito, constituem, sim, motiva\u00e7\u00e3o v\u00e1lida \u00e0 abordagem e revista pessoal e at\u00e9 mesmo \u00e0 busca domiciliar.O entendimento \u00e9 baseado no\u00a0Habeas Corpus\u00a0169.788 (julgado em 2 de mar\u00e7o), apreciado na Suprema Corte, quando prevaleceu o voto do ministro Alexandre de Moraes, o qual definiu que os agentes estatais, como policiais, devem permear suas a\u00e7\u00f5es, em tais casos, motivadamente e com base em elementos probat\u00f3rios m\u00ednimos que indiquem a ocorr\u00eancia de situa\u00e7\u00e3o de flagrante.O destaque se deu no julgamento de uma apela\u00e7\u00e3o, movida pela defesa de um homem que, ap\u00f3s avistar a viatura policial, empreendeu fuga em uma moto, junto a outro suspeito que n\u00e3o \u00e9 alvo da atual demanda. Segundo os autos, em 29 de outubro de 2015, em Brejinho (RN), foi preso em flagrante portando rev\u00f3lver calibre 38 com muni\u00e7\u00f5es (Artigo 14 da\u00a0Lei\u00a010.836\/03), estando a arma com registro de apreens\u00e3o na Delegacia de Armas,Muni\u00e7\u00f5es e Explosivos (DAME\/RN).\u00a0Recurso negado pelo \u00f3rg\u00e3o julgador.Ainda conforme os autos, os policiais militares relataram, em s\u00edntese, que estavam ocorrendo muitos assaltos, arrast\u00f5es, na cidade de Brejinho, sempre com o mesmo modo de atua\u00e7\u00e3o e com dois indiv\u00edduos em uma moto, de modo que intensificaram o patrulhamento no hor\u00e1rio em que os crimes eram mais comuns.<\/p><div class=\"qlovc69f39834828a0\" ><!--<a href=\"https:\/\/bit.ly\/3QdrqTZ\" target=\"_blank\">\n<img src=\"https:\/\/justicapotiguar.com.br\/wp-content\/uploads\/2023\/09\/mobile-geral.gif\"\/><a\/>--><\/div><style type=\"text\/css\">\r\n.qlovc69f39834828a0 {\r\ntext-align: center;\r\n}\r\n@media screen and (min-width: 1201px) {\r\n.qlovc69f39834828a0 {\r\ndisplay: none;\r\n}\r\n}\r\n@media screen and (min-width: 993px) and (max-width: 1200px) {\r\n.qlovc69f39834828a0 {\r\ndisplay: none;\r\n}\r\n}\r\n@media screen and (min-width: 769px) and (max-width: 992px) {\r\n.qlovc69f39834828a0 {\r\ndisplay: none;\r\n}\r\n}\r\n@media screen and (min-width: 768px) and (max-width: 768px) {\r\n.qlovc69f39834828a0 {\r\ndisplay: block;\r\n}\r\n}\r\n@media screen and (max-width: 767px) {\r\n.qlovc69f39834828a0 {\r\ndisplay: block;\r\n}\r\n}\r\n<\/style>\r\n<div class=\"ydgpj69f3983482881\" ><!--<a href=\"https:\/\/bit.ly\/3QdrqTZ\" target=\"_blank\">\n<img src=\"https:\/\/justicapotiguar.com.br\/wp-content\/uploads\/2023\/09\/desktop-geral.gif\"\/><a\/>--><\/div><style type=\"text\/css\">\r\n.ydgpj69f3983482881 {\r\ntext-align: center;\nmargin-bottom: 1em;\r\n}\r\n@media screen and (min-width: 1201px) {\r\n.ydgpj69f3983482881 {\r\ndisplay: block;\r\n}\r\n}\r\n@media screen and (min-width: 993px) and (max-width: 1200px) {\r\n.ydgpj69f3983482881 {\r\ndisplay: block;\r\n}\r\n}\r\n@media screen and (min-width: 769px) and (max-width: 992px) {\r\n.ydgpj69f3983482881 {\r\ndisplay: block;\r\n}\r\n}\r\n@media screen and (min-width: 768px) and (max-width: 768px) {\r\n.ydgpj69f3983482881 {\r\ndisplay: none;\r\n}\r\n}\r\n@media screen and (max-width: 767px) {\r\n.ydgpj69f3983482881 {\r\ndisplay: none;\r\n}\r\n}\r\n<\/style>\r\n\n\n\n\n<figure class=\"wp-block-image size-large\"><img loading=\"lazy\" width=\"1024\" height=\"576\" src=\"https:\/\/justicapotiguar.com.br\/wp-content\/uploads\/2019\/11\/20191119_opmossoro1-1024x576.jpeg\" alt=\"\" class=\"wp-image-4007\" srcset=\"https:\/\/justicapotiguar.com.br\/wp-content\/uploads\/2019\/11\/20191119_opmossoro1-1024x576.jpeg 1024w, https:\/\/justicapotiguar.com.br\/wp-content\/uploads\/2019\/11\/20191119_opmossoro1-300x169.jpeg 300w, https:\/\/justicapotiguar.com.br\/wp-content\/uploads\/2019\/11\/20191119_opmossoro1-768x432.jpeg 768w, https:\/\/justicapotiguar.com.br\/wp-content\/uploads\/2019\/11\/20191119_opmossoro1.jpeg 1032w\" sizes=\"(max-width: 1024px) 100vw, 1024px\" \/><figcaption>Ilustrativa<\/figcaption><\/figure>\n\n\n\n<p>Os autos ainda narram que, em certo momento, visualizaram a dupla suspeita em uma moto, tendo o piloto realizado fuga \u201cem disparada\u201d, sendo preciso fazer o acompanhamento at\u00e9 trecho da estrada que liga Brejinho a Monte Alegre e, quando a viatura chegou em frente a um de posto de combust\u00edvel, o giroflex foi ligado e feito sinal de parada para os ocupantes da moto, quando foi localizada uma arma de fogo, tipo rev\u00f3lver, calibre 38.De acordo com a decis\u00e3o de segundo grau, vale destacar que, ao ser interrogado na esfera policial, o apelante informou que \u201croubou apenas um celular nas duas vezes anteriores que esteve na cidade de Brejinho\u201d, e que o acusado M. disse que havia comprado a arma de fogo no dia anterior, na Avenida Presidente Sarmento (antiga Avenida 4), em Natal e pretendiam \u201cfazer assaltos, mas desistiram\u201d. Circunst\u00e2ncias indicadoras de que o apelante tinha ci\u00eancia de estar a transportar a arma de fogo apreendida.<\/p>\n","protected":false},"excerpt":{"rendered":"<p>Em um recente julgamento, a C\u00e2mara Criminal do TJRN voltou a destacar o entendimento do STF, o qual j\u00e1 estabeleceu que a atitude suspeita e a subsequente tentativa de \u2018desvencilhamento\u2019 ou fuga de um suposto autor de delito, constituem, sim, motiva\u00e7\u00e3o v\u00e1lida \u00e0 abordagem e revista pessoal e at\u00e9 mesmo \u00e0 busca domiciliar.O entendimento \u00e9<br \/><a class=\"more-link\" href=\"https:\/\/justicapotiguar.com.br\/index.php\/2024\/06\/07\/atitude-suspeita-ou-fuga-justificam-abordagem-policial\/\">Mais&#8230;<\/a><\/p>\n","protected":false},"author":5,"featured_media":0,"comment_status":"open","ping_status":"open","sticky":false,"template":"","format":"standard","meta":[],"categories":[1],"tags":[],"_links":{"self":[{"href":"https:\/\/justicapotiguar.com.br\/index.php\/wp-json\/wp\/v2\/posts\/37209"}],"collection":[{"href":"https:\/\/justicapotiguar.com.br\/index.php\/wp-json\/wp\/v2\/posts"}],"about":[{"href":"https:\/\/justicapotiguar.com.br\/index.php\/wp-json\/wp\/v2\/types\/post"}],"author":[{"embeddable":true,"href":"https:\/\/justicapotiguar.com.br\/index.php\/wp-json\/wp\/v2\/users\/5"}],"replies":[{"embeddable":true,"href":"https:\/\/justicapotiguar.com.br\/index.php\/wp-json\/wp\/v2\/comments?post=37209"}],"version-history":[{"count":1,"href":"https:\/\/justicapotiguar.com.br\/index.php\/wp-json\/wp\/v2\/posts\/37209\/revisions"}],"predecessor-version":[{"id":37210,"href":"https:\/\/justicapotiguar.com.br\/index.php\/wp-json\/wp\/v2\/posts\/37209\/revisions\/37210"}],"wp:attachment":[{"href":"https:\/\/justicapotiguar.com.br\/index.php\/wp-json\/wp\/v2\/media?parent=37209"}],"wp:term":[{"taxonomy":"category","embeddable":true,"href":"https:\/\/justicapotiguar.com.br\/index.php\/wp-json\/wp\/v2\/categories?post=37209"},{"taxonomy":"post_tag","embeddable":true,"href":"https:\/\/justicapotiguar.com.br\/index.php\/wp-json\/wp\/v2\/tags?post=37209"}],"curies":[{"name":"wp","href":"https:\/\/api.w.org\/{rel}","templated":true}]}}