{"id":37207,"date":"2024-06-06T16:59:23","date_gmt":"2024-06-06T19:59:23","guid":{"rendered":"https:\/\/justicapotiguar.com.br\/?p=37207"},"modified":"2024-06-06T16:59:23","modified_gmt":"2024-06-06T19:59:23","slug":"negado-recurso-para-acusado-de-falsificacao-de-documento-publico","status":"publish","type":"post","link":"https:\/\/justicapotiguar.com.br\/index.php\/2024\/06\/06\/negado-recurso-para-acusado-de-falsificacao-de-documento-publico\/","title":{"rendered":"Negado recurso para acusado de falsifica\u00e7\u00e3o de documento p\u00fablico"},"content":{"rendered":"\n<p>A C\u00e2mara Criminal do TJRN manteve uma senten\u00e7a da 3\u00aa Vara Criminal de Natal, que definiu a penalidade de tr\u00eas anos de reclus\u00e3o em regime semiaberto, al\u00e9m de 22 dias-multa, para um homem acusado pela pr\u00e1tica prevista no artigo 297, do\u00a0C\u00f3digo\u00a0Penal (falsifica\u00e7\u00e3o de documento p\u00fablico). Segundo os autos, em datas, hor\u00e1rios e locais indeterminados, por duas vezes, o denunciado falsificou, no todo ou em parte, documento p\u00fablico ou alterou documento p\u00fablico verdadeiro, fazendo inserir fotografias e nomes em documentos RG, conforme descrito no termo de exibi\u00e7\u00e3o e apreens\u00e3o.<\/p>\n\n\n\n<p>A decis\u00e3o destacou que n\u00e3o se desconhece os \u00faltimos precedentes emanados das Cortes Superiores, que geram jurisprud\u00eancia vinculante, quanto \u00e0s diretrizes a serem observadas nas dilig\u00eancias relacionadas \u00e0 \u201cbusca domiciliar\u201d.Contudo, para a C\u00e2mara, a hip\u00f3tese dos autos \u00e9 outra, diante da exist\u00eancia de elementos caracterizadores das fundadas raz\u00f5es, centradas no fato de os agentes policiais terem adentrado no im\u00f3vel por for\u00e7a de Investiga\u00e7\u00e3o pr\u00e9via (cumprimento de mandado).\u201cDos dois documentos de identifica\u00e7\u00e3o civil apreendidos pelos policiais militares, um foi apreendido no momento em que o apresentou, ap\u00f3s revista pessoal, realizada no corredor do pr\u00e9dio onde localizada a quitinete na qual residia o acusado e, ap\u00f3s ser autorizada a entrada no pr\u00e9dio pelo propriet\u00e1rio deste, conforme refor\u00e7ado por uma testemunha.<\/p><div class=\"rqqso69f3854e27e0b\" ><!--<a href=\"https:\/\/bit.ly\/3QdrqTZ\" target=\"_blank\">\n<img src=\"https:\/\/justicapotiguar.com.br\/wp-content\/uploads\/2023\/09\/mobile-geral.gif\"\/><a\/>--><\/div><style type=\"text\/css\">\r\n.rqqso69f3854e27e0b {\r\ntext-align: center;\r\n}\r\n@media screen and (min-width: 1201px) {\r\n.rqqso69f3854e27e0b {\r\ndisplay: none;\r\n}\r\n}\r\n@media screen and (min-width: 993px) and (max-width: 1200px) {\r\n.rqqso69f3854e27e0b {\r\ndisplay: none;\r\n}\r\n}\r\n@media screen and (min-width: 769px) and (max-width: 992px) {\r\n.rqqso69f3854e27e0b {\r\ndisplay: none;\r\n}\r\n}\r\n@media screen and (min-width: 768px) and (max-width: 768px) {\r\n.rqqso69f3854e27e0b {\r\ndisplay: block;\r\n}\r\n}\r\n@media screen and (max-width: 767px) {\r\n.rqqso69f3854e27e0b {\r\ndisplay: block;\r\n}\r\n}\r\n<\/style>\r\n<div class=\"vlokb69f3854e27df2\" ><!--<a href=\"https:\/\/bit.ly\/3QdrqTZ\" target=\"_blank\">\n<img src=\"https:\/\/justicapotiguar.com.br\/wp-content\/uploads\/2023\/09\/desktop-geral.gif\"\/><a\/>--><\/div><style type=\"text\/css\">\r\n.vlokb69f3854e27df2 {\r\ntext-align: center;\nmargin-bottom: 1em;\r\n}\r\n@media screen and (min-width: 1201px) {\r\n.vlokb69f3854e27df2 {\r\ndisplay: block;\r\n}\r\n}\r\n@media screen and (min-width: 993px) and (max-width: 1200px) {\r\n.vlokb69f3854e27df2 {\r\ndisplay: block;\r\n}\r\n}\r\n@media screen and (min-width: 769px) and (max-width: 992px) {\r\n.vlokb69f3854e27df2 {\r\ndisplay: block;\r\n}\r\n}\r\n@media screen and (min-width: 768px) and (max-width: 768px) {\r\n.vlokb69f3854e27df2 {\r\ndisplay: none;\r\n}\r\n}\r\n@media screen and (max-width: 767px) {\r\n.vlokb69f3854e27df2 {\r\ndisplay: none;\r\n}\r\n}\r\n<\/style>\r\n\n\n\n\n<figure class=\"wp-block-image size-large\"><img loading=\"lazy\" width=\"502\" height=\"480\" src=\"https:\/\/justicapotiguar.com.br\/wp-content\/uploads\/2020\/09\/documentos-imovel.jpg\" alt=\"\" class=\"wp-image-12781\" srcset=\"https:\/\/justicapotiguar.com.br\/wp-content\/uploads\/2020\/09\/documentos-imovel.jpg 502w, https:\/\/justicapotiguar.com.br\/wp-content\/uploads\/2020\/09\/documentos-imovel-300x287.jpg 300w\" sizes=\"(max-width: 502px) 100vw, 502px\" \/><figcaption>Ilustrativa<\/figcaption><\/figure>\n\n\n\n<p> A apreens\u00e3o n\u00e3o ocorreu no interior da resid\u00eancia do acusado, restando comprovada a falsidade documental atrav\u00e9s de laudo pericial acostado aos autos\u201d, esclarece a decis\u00e3o.<\/p>\n\n\n\n<p>Ainda conforme a decis\u00e3o, no tocante ao pleito de redimensionamento da pena-base, n\u00e3o h\u00e1 raz\u00e3o legal para acolher, j\u00e1 que o juiz sentenciante negativou os \u201cantecedentes\u201d (primeira fase) e a \u201creincid\u00eancia\u201d (segunda fase), com base em motiva\u00e7\u00e3o id\u00f4nea (m\u00faltiplas condena\u00e7\u00f5es), conforme se infere do parecer do\u00a0Minist\u00e9rio P\u00fablico.<\/p>\n","protected":false},"excerpt":{"rendered":"<p>A C\u00e2mara Criminal do TJRN manteve uma senten\u00e7a da 3\u00aa Vara Criminal de Natal, que definiu a penalidade de tr\u00eas anos de reclus\u00e3o em regime semiaberto, al\u00e9m de 22 dias-multa, para um homem acusado pela pr\u00e1tica prevista no artigo 297, do\u00a0C\u00f3digo\u00a0Penal (falsifica\u00e7\u00e3o de documento p\u00fablico). Segundo os autos, em datas, hor\u00e1rios e locais indeterminados, por<br \/><a class=\"more-link\" href=\"https:\/\/justicapotiguar.com.br\/index.php\/2024\/06\/06\/negado-recurso-para-acusado-de-falsificacao-de-documento-publico\/\">Mais&#8230;<\/a><\/p>\n","protected":false},"author":5,"featured_media":0,"comment_status":"open","ping_status":"open","sticky":false,"template":"","format":"standard","meta":[],"categories":[1],"tags":[],"_links":{"self":[{"href":"https:\/\/justicapotiguar.com.br\/index.php\/wp-json\/wp\/v2\/posts\/37207"}],"collection":[{"href":"https:\/\/justicapotiguar.com.br\/index.php\/wp-json\/wp\/v2\/posts"}],"about":[{"href":"https:\/\/justicapotiguar.com.br\/index.php\/wp-json\/wp\/v2\/types\/post"}],"author":[{"embeddable":true,"href":"https:\/\/justicapotiguar.com.br\/index.php\/wp-json\/wp\/v2\/users\/5"}],"replies":[{"embeddable":true,"href":"https:\/\/justicapotiguar.com.br\/index.php\/wp-json\/wp\/v2\/comments?post=37207"}],"version-history":[{"count":1,"href":"https:\/\/justicapotiguar.com.br\/index.php\/wp-json\/wp\/v2\/posts\/37207\/revisions"}],"predecessor-version":[{"id":37208,"href":"https:\/\/justicapotiguar.com.br\/index.php\/wp-json\/wp\/v2\/posts\/37207\/revisions\/37208"}],"wp:attachment":[{"href":"https:\/\/justicapotiguar.com.br\/index.php\/wp-json\/wp\/v2\/media?parent=37207"}],"wp:term":[{"taxonomy":"category","embeddable":true,"href":"https:\/\/justicapotiguar.com.br\/index.php\/wp-json\/wp\/v2\/categories?post=37207"},{"taxonomy":"post_tag","embeddable":true,"href":"https:\/\/justicapotiguar.com.br\/index.php\/wp-json\/wp\/v2\/tags?post=37207"}],"curies":[{"name":"wp","href":"https:\/\/api.w.org\/{rel}","templated":true}]}}