{"id":37069,"date":"2024-05-27T15:35:15","date_gmt":"2024-05-27T18:35:15","guid":{"rendered":"https:\/\/justicapotiguar.com.br\/?p=37069"},"modified":"2024-05-27T15:35:15","modified_gmt":"2024-05-27T18:35:15","slug":"informativo-1-135-do-stf-de-13-de-maio-de-2024","status":"publish","type":"post","link":"https:\/\/justicapotiguar.com.br\/index.php\/2024\/05\/27\/informativo-1-135-do-stf-de-13-de-maio-de-2024\/","title":{"rendered":"Informativo 1.135 do STF, de 13 de maio de 2024"},"content":{"rendered":"\n<p><strong>Rodrigo Leite | @rodrigocrleite&nbsp;<\/strong><\/p>\n\n\n\n<p><strong>Canal P\u00edlulas Jur\u00eddicas | STF e STJ&nbsp;<\/strong><\/p>\n\n\n\n<p><strong>Link de acesso ao Canal: <\/strong><a href=\"https:\/\/whatsapp.com\/channel\/0029VaD2dLy4yltRhxnIPR0c\">https:\/\/whatsapp.com\/channel\/0029VaD2dLy4yltRhxnIPR0c<\/a><\/p>\n\n\n\n<p><strong>PLEN\u00c1RIO<\/strong><\/p>\n\n\n\n<p>&#8211; N\u00e3o possui repercuss\u00e3o geral a discuss\u00e3o sobre o desligamento volunt\u00e1rio do servi\u00e7o militar, antes do cumprimento de lapso temporal legalmente previsto, de pra\u00e7a das For\u00e7as Armadas que ingressa na carreira por meio de concurso p\u00fablico \u2013 <strong>RE 680.871\/RS<\/strong>, julgamento virtual finalizado em 06\/05\/2024.<\/p>\n\n\n\n<p>&#8211; A a\u00e7\u00e3o judicial visando ao reconhecimento do direito \u00e0 nomea\u00e7\u00e3o de candidato aprovado fora das vagas previstas no edital (cadastro de reserva) deve ter por causa de pedir preteri\u00e7\u00e3o ocorrida na vig\u00eancia do certame \u2013 <strong>RE 766.304\/RS<\/strong>, julgamento finalizado em 2\/5\/2024.<\/p>\n\n\n\n<p>&#8211; A pol\u00edcia judici\u00e1ria n\u00e3o possui exclusividade na condu\u00e7\u00e3o de investiga\u00e7\u00f5es, de modo que \u00e9 leg\u00edtima a investiga\u00e7\u00e3o criminal promovida pelo Minist\u00e9rio P\u00fablico, o qual, em atribui\u00e7\u00e3o concorrente, deve dispor de todos os instrumentos indispens\u00e1veis para a efetiva\u00e7\u00e3o da den\u00fancia, incluindo-se a capacidade de coletar provas que embasem a acusa\u00e7\u00e3o. Al\u00e9m de outras exig\u00eancias espec\u00edficas ora fixadas pelo Supremo Tribunal Federal, o Procedimento Investigat\u00f3rio Criminal (PIC) sempre deve assegurar os direitos e garantias fundamentais dos investigados, as prerrogativas dos advogados e as reservas constitucionais de jurisdi\u00e7\u00e3o \u2013 <strong>ADI 2.943\/DF<\/strong>, <strong>ADI 3.309\/DF<\/strong> e <strong>ADI 3.318\/DF<\/strong>, julgamento finalizado em 2\/5\/2024.<\/p><div class=\"iqcov69ef8d0234f03\" ><!--<a href=\"https:\/\/bit.ly\/3QdrqTZ\" target=\"_blank\">\n<img src=\"https:\/\/justicapotiguar.com.br\/wp-content\/uploads\/2023\/09\/mobile-geral.gif\"\/><a\/>--><\/div><style type=\"text\/css\">\r\n.iqcov69ef8d0234f03 {\r\ntext-align: center;\r\n}\r\n@media screen and (min-width: 1201px) {\r\n.iqcov69ef8d0234f03 {\r\ndisplay: none;\r\n}\r\n}\r\n@media screen and (min-width: 993px) and (max-width: 1200px) {\r\n.iqcov69ef8d0234f03 {\r\ndisplay: none;\r\n}\r\n}\r\n@media screen and (min-width: 769px) and (max-width: 992px) {\r\n.iqcov69ef8d0234f03 {\r\ndisplay: none;\r\n}\r\n}\r\n@media screen and (min-width: 768px) and (max-width: 768px) {\r\n.iqcov69ef8d0234f03 {\r\ndisplay: block;\r\n}\r\n}\r\n@media screen and (max-width: 767px) {\r\n.iqcov69ef8d0234f03 {\r\ndisplay: block;\r\n}\r\n}\r\n<\/style>\r\n<div class=\"galvp69ef8d0234ee5\" ><!--<a href=\"https:\/\/bit.ly\/3QdrqTZ\" target=\"_blank\">\n<img src=\"https:\/\/justicapotiguar.com.br\/wp-content\/uploads\/2023\/09\/desktop-geral.gif\"\/><a\/>--><\/div><style type=\"text\/css\">\r\n.galvp69ef8d0234ee5 {\r\ntext-align: center;\nmargin-bottom: 1em;\r\n}\r\n@media screen and (min-width: 1201px) {\r\n.galvp69ef8d0234ee5 {\r\ndisplay: block;\r\n}\r\n}\r\n@media screen and (min-width: 993px) and (max-width: 1200px) {\r\n.galvp69ef8d0234ee5 {\r\ndisplay: block;\r\n}\r\n}\r\n@media screen and (min-width: 769px) and (max-width: 992px) {\r\n.galvp69ef8d0234ee5 {\r\ndisplay: block;\r\n}\r\n}\r\n@media screen and (min-width: 768px) and (max-width: 768px) {\r\n.galvp69ef8d0234ee5 {\r\ndisplay: none;\r\n}\r\n}\r\n@media screen and (max-width: 767px) {\r\n.galvp69ef8d0234ee5 {\r\ndisplay: none;\r\n}\r\n}\r\n<\/style>\r\n\n\n\n\n<p><strong>&#8211; <\/strong>\u00c9 inconstitucional \u2013 por violar o princ\u00edpio da separa\u00e7\u00e3o dos Poderes (CF\/1988, art. 2\u00ba), bem como por ofender os direitos fundamentais \u00e0 propriedade (CF\/1988, art. 5\u00ba, XXII e XXIV), \u00e0 isonomia (CF\/1988, art. 5\u00ba, caput), ao devido processo legal substantivo (CF\/1988, art. 5\u00ba, LIV) e ao acesso \u00e0 jurisdi\u00e7\u00e3o (CF\/1988, art. 5\u00ba, XXXV) \u2013 o regime excepcional de parcelamento de precat\u00f3rios institu\u00eddo pela EC n\u00ba 30\/2000 \u2013 <strong>ADI 2.356\/DF<\/strong> e <strong>ADI 2.362\/DF<\/strong>, julgamento virtual finalizado em 6\/5\/2024.<\/p>\n\n\n\n<p>&#8211; \u00c9 constitucional \u2013 por n\u00e3o violar os princ\u00edpios da proporcionalidade e do livre exerc\u00edcio de atividade profissional (CF\/1988, art. 5\u00ba, XIII) \u2013 a exclus\u00e3o, do \u00e2mbito de incid\u00eancia da Lei n\u00ba 12.690\/2012, das cooperativas de profissionais liberais cujos s\u00f3cios exer\u00e7am as atividades em seus pr\u00f3prios estabelecimentos \u2013 <strong>ADI 4.849\/DF<\/strong>, julgamento virtual finalizado em 6\/5\/2024.<\/p>\n\n\n\n<p>_____________________&nbsp;<\/p>\n\n\n\n<p><strong>Rodrigo Costa Rodrigues Leite<\/strong><\/p>\n\n\n\n<p>Coautor do livro \u201cAn\u00e1lise das Diverg\u00eancias Jurisprudenciais no STF e STJ\u201d, Editora Juspodivm. Autor do livro \u201cTombamento \u2013 Vol. 36 \u2013 Cole\u00e7\u00e3o Leis Especiais para Concursos\u201d, Editora Juspodivm. Autor do livro \u201cDesapropria\u00e7\u00e3o \u2013 Vol. 39 \u2013 Cole\u00e7\u00e3o Especiais para Concursos\u201d, Editora Juspodivm. Coautor do livro \u201cSaberes Jurisprudenciais\u201d, Editora Saraiva. Coorganizador do livro \u201cCPC na Jurisprud\u00eancia\u201d, Editora Foco. Especialista em Direito P\u00fablico e Direito Processual Civil. Mestre em Direito Constitucional. Aluno laureado das Turmas 2005.2 da Universidade Potiguar. Professor da P\u00f3s-gradua\u00e7\u00e3o em Direito Civil da Rede Anhaguera-Kroton. M\u00e1ster Universit\u00e1rio em Direito Constitucional pela Universidad Del Pa\u00eds Vasco, San Sebasti\u00e1n, Espanha. Membro do Conselho Editorial da Revista do Poder Judici\u00e1rio do Estado do Rio Grande do Norte \u2013 REPOJURN.&nbsp;<\/p>\n\n\n\n<figure class=\"wp-block-image\"><img alt=\"\"\/><\/figure>\n","protected":false},"excerpt":{"rendered":"<p>Rodrigo Leite | @rodrigocrleite&nbsp; Canal P\u00edlulas Jur\u00eddicas | STF e STJ&nbsp; Link de acesso ao Canal: https:\/\/whatsapp.com\/channel\/0029VaD2dLy4yltRhxnIPR0c PLEN\u00c1RIO &#8211; N\u00e3o possui repercuss\u00e3o geral a discuss\u00e3o sobre o desligamento volunt\u00e1rio do servi\u00e7o militar, antes do cumprimento de lapso temporal legalmente previsto, de pra\u00e7a das For\u00e7as Armadas que ingressa na carreira por meio de concurso p\u00fablico \u2013<br \/><a class=\"more-link\" href=\"https:\/\/justicapotiguar.com.br\/index.php\/2024\/05\/27\/informativo-1-135-do-stf-de-13-de-maio-de-2024\/\">Mais&#8230;<\/a><\/p>\n","protected":false},"author":5,"featured_media":0,"comment_status":"open","ping_status":"open","sticky":false,"template":"","format":"standard","meta":[],"categories":[1],"tags":[],"_links":{"self":[{"href":"https:\/\/justicapotiguar.com.br\/index.php\/wp-json\/wp\/v2\/posts\/37069"}],"collection":[{"href":"https:\/\/justicapotiguar.com.br\/index.php\/wp-json\/wp\/v2\/posts"}],"about":[{"href":"https:\/\/justicapotiguar.com.br\/index.php\/wp-json\/wp\/v2\/types\/post"}],"author":[{"embeddable":true,"href":"https:\/\/justicapotiguar.com.br\/index.php\/wp-json\/wp\/v2\/users\/5"}],"replies":[{"embeddable":true,"href":"https:\/\/justicapotiguar.com.br\/index.php\/wp-json\/wp\/v2\/comments?post=37069"}],"version-history":[{"count":1,"href":"https:\/\/justicapotiguar.com.br\/index.php\/wp-json\/wp\/v2\/posts\/37069\/revisions"}],"predecessor-version":[{"id":37070,"href":"https:\/\/justicapotiguar.com.br\/index.php\/wp-json\/wp\/v2\/posts\/37069\/revisions\/37070"}],"wp:attachment":[{"href":"https:\/\/justicapotiguar.com.br\/index.php\/wp-json\/wp\/v2\/media?parent=37069"}],"wp:term":[{"taxonomy":"category","embeddable":true,"href":"https:\/\/justicapotiguar.com.br\/index.php\/wp-json\/wp\/v2\/categories?post=37069"},{"taxonomy":"post_tag","embeddable":true,"href":"https:\/\/justicapotiguar.com.br\/index.php\/wp-json\/wp\/v2\/tags?post=37069"}],"curies":[{"name":"wp","href":"https:\/\/api.w.org\/{rel}","templated":true}]}}