{"id":37067,"date":"2024-05-27T15:34:14","date_gmt":"2024-05-27T18:34:14","guid":{"rendered":"https:\/\/justicapotiguar.com.br\/?p=37067"},"modified":"2024-05-27T15:34:14","modified_gmt":"2024-05-27T18:34:14","slug":"casamento-comunitario-em-extremoz-celebra-uniao-civil-de-65-casais","status":"publish","type":"post","link":"https:\/\/justicapotiguar.com.br\/index.php\/2024\/05\/27\/casamento-comunitario-em-extremoz-celebra-uniao-civil-de-65-casais\/","title":{"rendered":"Casamento comunit\u00e1rio em Extremoz celebra uni\u00e3o civil de 65 casais"},"content":{"rendered":"\n<p><img alt=\"Cerim\u00f4nia aconteceu ao lado das Ru\u00ednas da Igreja de S\u00e3o Miguel Arcanjo, em mais um evento realizado pelo NAPS - fotos: Manoel Meirelles (Secoms TJRN)\" src=\"https:\/\/assets.tjrn.jus.br\/tjrn-site\/zfxgvftque-whatsapp-image-2024-05-27-at-111659-1.jpeg\"><\/p>\n\n\n\n<p><\/p><div class=\"pnpzd69ef8ce792723\" ><!--<a href=\"https:\/\/bit.ly\/3QdrqTZ\" target=\"_blank\">\n<img src=\"https:\/\/justicapotiguar.com.br\/wp-content\/uploads\/2023\/09\/mobile-geral.gif\"\/><a\/>--><\/div><style type=\"text\/css\">\r\n.pnpzd69ef8ce792723 {\r\ntext-align: center;\r\n}\r\n@media screen and (min-width: 1201px) {\r\n.pnpzd69ef8ce792723 {\r\ndisplay: none;\r\n}\r\n}\r\n@media screen and (min-width: 993px) and (max-width: 1200px) {\r\n.pnpzd69ef8ce792723 {\r\ndisplay: none;\r\n}\r\n}\r\n@media screen and (min-width: 769px) and (max-width: 992px) {\r\n.pnpzd69ef8ce792723 {\r\ndisplay: none;\r\n}\r\n}\r\n@media screen and (min-width: 768px) and (max-width: 768px) {\r\n.pnpzd69ef8ce792723 {\r\ndisplay: block;\r\n}\r\n}\r\n@media screen and (max-width: 767px) {\r\n.pnpzd69ef8ce792723 {\r\ndisplay: block;\r\n}\r\n}\r\n<\/style>\r\n<div class=\"xmhez69ef8ce792704\" ><!--<a href=\"https:\/\/bit.ly\/3QdrqTZ\" target=\"_blank\">\n<img src=\"https:\/\/justicapotiguar.com.br\/wp-content\/uploads\/2023\/09\/desktop-geral.gif\"\/><a\/>--><\/div><style type=\"text\/css\">\r\n.xmhez69ef8ce792704 {\r\ntext-align: center;\nmargin-bottom: 1em;\r\n}\r\n@media screen and (min-width: 1201px) {\r\n.xmhez69ef8ce792704 {\r\ndisplay: block;\r\n}\r\n}\r\n@media screen and (min-width: 993px) and (max-width: 1200px) {\r\n.xmhez69ef8ce792704 {\r\ndisplay: block;\r\n}\r\n}\r\n@media screen and (min-width: 769px) and (max-width: 992px) {\r\n.xmhez69ef8ce792704 {\r\ndisplay: block;\r\n}\r\n}\r\n@media screen and (min-width: 768px) and (max-width: 768px) {\r\n.xmhez69ef8ce792704 {\r\ndisplay: none;\r\n}\r\n}\r\n@media screen and (max-width: 767px) {\r\n.xmhez69ef8ce792704 {\r\ndisplay: none;\r\n}\r\n}\r\n<\/style>\r\n\n\n\n\n<p>O N\u00facleo de A\u00e7\u00f5es e Programas Socioambientais (NAPS) do TJRN promoveu em Extremoz, cerim\u00f4nia de casamento comunit\u00e1rio com efeito civil, dessa vez celebrando a uni\u00e3o de 65 casais. O ato teve in\u00edcio \u00e0s 16h, do dia 24 de maio, na Casa Multicultural Clara Camar\u00e3o, ao lado das Ru\u00ednas da Igreja de S\u00e3o Miguel Arcanjo, tendo a participa\u00e7\u00e3o de autoridades como a ju\u00edza celebrante, F\u00e1tima Soares; a prefeita do munic\u00edpio, Jussara Sales; o vice-prefeito, Izidoro Filho; a presidente da C\u00e2mara Municipal, Damares Sales, e a secretaria de Assist\u00eancia Social, Camila Batista.A ju\u00edza F\u00e1tima Soares destacou que \u201cessa a\u00e7\u00e3o tem fun\u00e7\u00e3o social e jurisdicional, porque formaliza a uni\u00e3o desses casais, gerando maior estabilidade e harmonia para todo o n\u00facleo familiar, o que valoriza o conv\u00edvio entre os integrantes e a pr\u00f3pria fam\u00edlia, como elemento que tem fun\u00e7\u00e3o basilar em nossa sociedade\u201d. Ela acrescentou que \u201co v\u00ednculo gerado no casamento civil torna mais forte a sensa\u00e7\u00e3o em rela\u00e7\u00e3o aos compromissos, deveres e obriga\u00e7\u00f5es assumidos pelos nubentes, levando a um entendimento maior da import\u00e2ncia desse ato para todos os envolvidos\u201d.J\u00e1 a prefeita Jussara Sales agradeceu a parceria realizada entre o Tribunal de Justi\u00e7a, prefeitura de Extremoz e \u00f3rg\u00e3os dos cart\u00f3rios locais, ressaltando \u201ca relev\u00e2ncia desse ato para as fam\u00edlias participantes e para a comunidade como um todo, visto que \u00e9 uma demonstra\u00e7\u00e3o de compromisso com a inclus\u00e3o social e igualdade de direitos para os cidad\u00e3os\u201d.<\/p>\n","protected":false},"excerpt":{"rendered":"<p>O N\u00facleo de A\u00e7\u00f5es e Programas Socioambientais (NAPS) do TJRN promoveu em Extremoz, cerim\u00f4nia de casamento comunit\u00e1rio com efeito civil, dessa vez celebrando a uni\u00e3o de 65 casais. O ato teve in\u00edcio \u00e0s 16h, do dia 24 de maio, na Casa Multicultural Clara Camar\u00e3o, ao lado das Ru\u00ednas da Igreja de S\u00e3o Miguel Arcanjo, tendo<br \/><a class=\"more-link\" href=\"https:\/\/justicapotiguar.com.br\/index.php\/2024\/05\/27\/casamento-comunitario-em-extremoz-celebra-uniao-civil-de-65-casais\/\">Mais&#8230;<\/a><\/p>\n","protected":false},"author":5,"featured_media":0,"comment_status":"open","ping_status":"open","sticky":false,"template":"","format":"standard","meta":[],"categories":[1],"tags":[],"_links":{"self":[{"href":"https:\/\/justicapotiguar.com.br\/index.php\/wp-json\/wp\/v2\/posts\/37067"}],"collection":[{"href":"https:\/\/justicapotiguar.com.br\/index.php\/wp-json\/wp\/v2\/posts"}],"about":[{"href":"https:\/\/justicapotiguar.com.br\/index.php\/wp-json\/wp\/v2\/types\/post"}],"author":[{"embeddable":true,"href":"https:\/\/justicapotiguar.com.br\/index.php\/wp-json\/wp\/v2\/users\/5"}],"replies":[{"embeddable":true,"href":"https:\/\/justicapotiguar.com.br\/index.php\/wp-json\/wp\/v2\/comments?post=37067"}],"version-history":[{"count":1,"href":"https:\/\/justicapotiguar.com.br\/index.php\/wp-json\/wp\/v2\/posts\/37067\/revisions"}],"predecessor-version":[{"id":37068,"href":"https:\/\/justicapotiguar.com.br\/index.php\/wp-json\/wp\/v2\/posts\/37067\/revisions\/37068"}],"wp:attachment":[{"href":"https:\/\/justicapotiguar.com.br\/index.php\/wp-json\/wp\/v2\/media?parent=37067"}],"wp:term":[{"taxonomy":"category","embeddable":true,"href":"https:\/\/justicapotiguar.com.br\/index.php\/wp-json\/wp\/v2\/categories?post=37067"},{"taxonomy":"post_tag","embeddable":true,"href":"https:\/\/justicapotiguar.com.br\/index.php\/wp-json\/wp\/v2\/tags?post=37067"}],"curies":[{"name":"wp","href":"https:\/\/api.w.org\/{rel}","templated":true}]}}