{"id":36842,"date":"2024-05-10T10:55:24","date_gmt":"2024-05-10T13:55:24","guid":{"rendered":"https:\/\/justicapotiguar.com.br\/?p=36842"},"modified":"2024-05-10T10:55:24","modified_gmt":"2024-05-10T13:55:24","slug":"quase-30-dos-advogados-relatam-prerrogativas-violadas-e-honorarios-aviltados","status":"publish","type":"post","link":"https:\/\/justicapotiguar.com.br\/index.php\/2024\/05\/10\/quase-30-dos-advogados-relatam-prerrogativas-violadas-e-honorarios-aviltados\/","title":{"rendered":"Quase 30% dos advogados relatam prerrogativas violadas e honor\u00e1rios aviltados"},"content":{"rendered":"\n<figure class=\"wp-block-image size-large\"><img loading=\"lazy\" width=\"1000\" height=\"667\" src=\"https:\/\/justicapotiguar.com.br\/wp-content\/uploads\/2019\/11\/advogado2.jpg\" alt=\"\" class=\"wp-image-3592\" srcset=\"https:\/\/justicapotiguar.com.br\/wp-content\/uploads\/2019\/11\/advogado2.jpg 1000w, https:\/\/justicapotiguar.com.br\/wp-content\/uploads\/2019\/11\/advogado2-300x200.jpg 300w, https:\/\/justicapotiguar.com.br\/wp-content\/uploads\/2019\/11\/advogado2-768x512.jpg 768w\" sizes=\"(max-width: 1000px) 100vw, 1000px\" \/><\/figure>\n\n\n\n<p>Mais de 1\/4 de advogados relatam que tiveram prerrogativas violadas e honor\u00e1rios aviltados. Conclus\u00e3o \u00e9 da pesquisa &#8220;PerfilADV &#8211; 1\u00ba Estudo sobre o Perfil Demogr\u00e1fico da Advocacia Brasileira&#8221;, realizada pela OAB em parceria com a FGV.&nbsp;<\/p>\n\n\n\n<p>Segundo o estudo, cerca de 29% dos advogados entrevistados, equivalente a 5.800 dos 20 mil participantes, relataram ter enfrentado as situa\u00e7\u00f5es.<\/p>\n\n\n\n<p>O aviltamento de honor\u00e1rios, que ocorre quando os pagamentos s\u00e3o feitos abaixo do m\u00ednimo tabelado, foi a ocorr\u00eancia mais comum, representando 22% das reclama\u00e7\u00f5es.<\/p><div class=\"gfsqn69f5dc42d1dce\" ><!--<a href=\"https:\/\/bit.ly\/3QdrqTZ\" target=\"_blank\">\n<img src=\"https:\/\/justicapotiguar.com.br\/wp-content\/uploads\/2023\/09\/mobile-geral.gif\"\/><a\/>--><\/div><style type=\"text\/css\">\r\n.gfsqn69f5dc42d1dce {\r\ntext-align: center;\r\n}\r\n@media screen and (min-width: 1201px) {\r\n.gfsqn69f5dc42d1dce {\r\ndisplay: none;\r\n}\r\n}\r\n@media screen and (min-width: 993px) and (max-width: 1200px) {\r\n.gfsqn69f5dc42d1dce {\r\ndisplay: none;\r\n}\r\n}\r\n@media screen and (min-width: 769px) and (max-width: 992px) {\r\n.gfsqn69f5dc42d1dce {\r\ndisplay: none;\r\n}\r\n}\r\n@media screen and (min-width: 768px) and (max-width: 768px) {\r\n.gfsqn69f5dc42d1dce {\r\ndisplay: block;\r\n}\r\n}\r\n@media screen and (max-width: 767px) {\r\n.gfsqn69f5dc42d1dce {\r\ndisplay: block;\r\n}\r\n}\r\n<\/style>\r\n<div class=\"fgnow69f5dc42d1db3\" ><!--<a href=\"https:\/\/bit.ly\/3QdrqTZ\" target=\"_blank\">\n<img src=\"https:\/\/justicapotiguar.com.br\/wp-content\/uploads\/2023\/09\/desktop-geral.gif\"\/><a\/>--><\/div><style type=\"text\/css\">\r\n.fgnow69f5dc42d1db3 {\r\ntext-align: center;\nmargin-bottom: 1em;\r\n}\r\n@media screen and (min-width: 1201px) {\r\n.fgnow69f5dc42d1db3 {\r\ndisplay: block;\r\n}\r\n}\r\n@media screen and (min-width: 993px) and (max-width: 1200px) {\r\n.fgnow69f5dc42d1db3 {\r\ndisplay: block;\r\n}\r\n}\r\n@media screen and (min-width: 769px) and (max-width: 992px) {\r\n.fgnow69f5dc42d1db3 {\r\ndisplay: block;\r\n}\r\n}\r\n@media screen and (min-width: 768px) and (max-width: 768px) {\r\n.fgnow69f5dc42d1db3 {\r\ndisplay: none;\r\n}\r\n}\r\n@media screen and (max-width: 767px) {\r\n.fgnow69f5dc42d1db3 {\r\ndisplay: none;\r\n}\r\n}\r\n<\/style>\r\n\n\n\n\n<p>A ele seguem incidentes de desrespeito, agress\u00f5es e despreparo por parte de funcion\u00e1rios em f\u00f3runs, delegacias e outros \u00f3rg\u00e3os p\u00fablicos, somando 10% das queixas. Esta \u00faltima situa\u00e7\u00e3o \u00e9 frequentemente associada \u00e0 insatisfa\u00e7\u00e3o com a estrutura do Judici\u00e1rio.<\/p>\n\n\n\n<p>Entre os que reportaram as infra\u00e7\u00f5es, 24%, ou seja, 1.682 advogados, formalizaram reclama\u00e7\u00f5es junto \u00e0 OAB, a qual apoiou quase todos os casos.<\/p>\n\n\n\n<p>Migalhas<\/p>\n","protected":false},"excerpt":{"rendered":"<p>Mais de 1\/4 de advogados relatam que tiveram prerrogativas violadas e honor\u00e1rios aviltados. Conclus\u00e3o \u00e9 da pesquisa &#8220;PerfilADV &#8211; 1\u00ba Estudo sobre o Perfil Demogr\u00e1fico da Advocacia Brasileira&#8221;, realizada pela OAB em parceria com a FGV.&nbsp; Segundo o estudo, cerca de 29% dos advogados entrevistados, equivalente a 5.800 dos 20 mil participantes, relataram ter enfrentado<br \/><a class=\"more-link\" href=\"https:\/\/justicapotiguar.com.br\/index.php\/2024\/05\/10\/quase-30-dos-advogados-relatam-prerrogativas-violadas-e-honorarios-aviltados\/\">Mais&#8230;<\/a><\/p>\n","protected":false},"author":5,"featured_media":0,"comment_status":"open","ping_status":"open","sticky":false,"template":"","format":"standard","meta":[],"categories":[1],"tags":[],"_links":{"self":[{"href":"https:\/\/justicapotiguar.com.br\/index.php\/wp-json\/wp\/v2\/posts\/36842"}],"collection":[{"href":"https:\/\/justicapotiguar.com.br\/index.php\/wp-json\/wp\/v2\/posts"}],"about":[{"href":"https:\/\/justicapotiguar.com.br\/index.php\/wp-json\/wp\/v2\/types\/post"}],"author":[{"embeddable":true,"href":"https:\/\/justicapotiguar.com.br\/index.php\/wp-json\/wp\/v2\/users\/5"}],"replies":[{"embeddable":true,"href":"https:\/\/justicapotiguar.com.br\/index.php\/wp-json\/wp\/v2\/comments?post=36842"}],"version-history":[{"count":1,"href":"https:\/\/justicapotiguar.com.br\/index.php\/wp-json\/wp\/v2\/posts\/36842\/revisions"}],"predecessor-version":[{"id":36843,"href":"https:\/\/justicapotiguar.com.br\/index.php\/wp-json\/wp\/v2\/posts\/36842\/revisions\/36843"}],"wp:attachment":[{"href":"https:\/\/justicapotiguar.com.br\/index.php\/wp-json\/wp\/v2\/media?parent=36842"}],"wp:term":[{"taxonomy":"category","embeddable":true,"href":"https:\/\/justicapotiguar.com.br\/index.php\/wp-json\/wp\/v2\/categories?post=36842"},{"taxonomy":"post_tag","embeddable":true,"href":"https:\/\/justicapotiguar.com.br\/index.php\/wp-json\/wp\/v2\/tags?post=36842"}],"curies":[{"name":"wp","href":"https:\/\/api.w.org\/{rel}","templated":true}]}}