{"id":36799,"date":"2024-05-07T13:41:06","date_gmt":"2024-05-07T16:41:06","guid":{"rendered":"https:\/\/justicapotiguar.com.br\/?p=36799"},"modified":"2024-05-07T13:41:06","modified_gmt":"2024-05-07T16:41:06","slug":"trt-rn-firma-acordo-tecnico-com-junta-comercial-para-agilizar-execucao-trabalhista","status":"publish","type":"post","link":"https:\/\/justicapotiguar.com.br\/index.php\/2024\/05\/07\/trt-rn-firma-acordo-tecnico-com-junta-comercial-para-agilizar-execucao-trabalhista\/","title":{"rendered":"TRT-RN firma acordo t\u00e9cnico com Junta Comercial para agilizar execu\u00e7\u00e3o trabalhista"},"content":{"rendered":"\n<p>O Tribunal Regional do Trabalho da 21\u00aa Regi\u00e3o (TRT-RN) celebrou um Acordo de Coopera\u00e7\u00e3o T\u00e9cnica com a Junta Comercial do Estado do Rio Grande do Norte (JUCERN) com o objetivo de agilizar as consultas \u00e0 base de dados cadastrais das empresas instaladas em todo o estado.<\/p>\n\n\n\n<figure class=\"wp-block-image size-large\"><img loading=\"lazy\" width=\"800\" height=\"526\" src=\"https:\/\/justicapotiguar.com.br\/wp-content\/uploads\/2024\/05\/Site_TRT-RN-firma-acordo-tecnico-com-Junta-Comercial-para-agilizar-execucao-trabalhista.png\" alt=\"\" class=\"wp-image-36800\" srcset=\"https:\/\/justicapotiguar.com.br\/wp-content\/uploads\/2024\/05\/Site_TRT-RN-firma-acordo-tecnico-com-Junta-Comercial-para-agilizar-execucao-trabalhista.png 800w, https:\/\/justicapotiguar.com.br\/wp-content\/uploads\/2024\/05\/Site_TRT-RN-firma-acordo-tecnico-com-Junta-Comercial-para-agilizar-execucao-trabalhista-300x197.png 300w, https:\/\/justicapotiguar.com.br\/wp-content\/uploads\/2024\/05\/Site_TRT-RN-firma-acordo-tecnico-com-Junta-Comercial-para-agilizar-execucao-trabalhista-768x505.png 768w\" sizes=\"(max-width: 800px) 100vw, 800px\" \/><figcaption>Reprodu\u00e7\u00e3o<\/figcaption><\/figure>\n\n\n\n<p>O acordo foi assinado nesta segunda-feira (06), pelo presidente em exerc\u00edcio do TRT-RN, desembargador Eduardo Serrano da Rocha, pelo presidente da JUCERN, Carlos Augusto de Paiva Maia e pelo juiz de Coopera\u00e7\u00e3o do Tribunal, In\u00e1cio Andr\u00e9 de Oliveira.<\/p>\n\n\n\n<p>\u201cA partir de agora, n\u00f3s teremos acesso aos registros oficiais das empresas que l\u00e1 est\u00e3o registradas para que, num caso espec\u00edfico, de algum processo existente, a gente tenha conhecimento se aquele poss\u00edvel devedor \u00e9 s\u00f3cio em uma, duas ou mais empresas, e isso facilite o nosso trabalho de execu\u00e7\u00e3o\u201d, destacou Eduardo Rocha.<\/p>\n\n\n\n<p>Com esse acordo, o juiz In\u00e1cio de Oliveira espera agilizar o trabalho de ju\u00edzes e servidores que atuam na fase da execu\u00e7\u00e3o trabalhista, \u201csubstituindo o envio de of\u00edcios pelo acesso direto ao banco de dados da Junta Comercial e poder trazer os s\u00f3cios para responder por aqueles processos\u201d.<\/p><div class=\"kmhdp69f5636ad2ee4\" ><!--<a href=\"https:\/\/bit.ly\/3QdrqTZ\" target=\"_blank\">\n<img src=\"https:\/\/justicapotiguar.com.br\/wp-content\/uploads\/2023\/09\/mobile-geral.gif\"\/><a\/>--><\/div><style type=\"text\/css\">\r\n.kmhdp69f5636ad2ee4 {\r\ntext-align: center;\r\n}\r\n@media screen and (min-width: 1201px) {\r\n.kmhdp69f5636ad2ee4 {\r\ndisplay: none;\r\n}\r\n}\r\n@media screen and (min-width: 993px) and (max-width: 1200px) {\r\n.kmhdp69f5636ad2ee4 {\r\ndisplay: none;\r\n}\r\n}\r\n@media screen and (min-width: 769px) and (max-width: 992px) {\r\n.kmhdp69f5636ad2ee4 {\r\ndisplay: none;\r\n}\r\n}\r\n@media screen and (min-width: 768px) and (max-width: 768px) {\r\n.kmhdp69f5636ad2ee4 {\r\ndisplay: block;\r\n}\r\n}\r\n@media screen and (max-width: 767px) {\r\n.kmhdp69f5636ad2ee4 {\r\ndisplay: block;\r\n}\r\n}\r\n<\/style>\r\n<div class=\"nfkru69f5636ad2ec9\" ><!--<a href=\"https:\/\/bit.ly\/3QdrqTZ\" target=\"_blank\">\n<img src=\"https:\/\/justicapotiguar.com.br\/wp-content\/uploads\/2023\/09\/desktop-geral.gif\"\/><a\/>--><\/div><style type=\"text\/css\">\r\n.nfkru69f5636ad2ec9 {\r\ntext-align: center;\nmargin-bottom: 1em;\r\n}\r\n@media screen and (min-width: 1201px) {\r\n.nfkru69f5636ad2ec9 {\r\ndisplay: block;\r\n}\r\n}\r\n@media screen and (min-width: 993px) and (max-width: 1200px) {\r\n.nfkru69f5636ad2ec9 {\r\ndisplay: block;\r\n}\r\n}\r\n@media screen and (min-width: 769px) and (max-width: 992px) {\r\n.nfkru69f5636ad2ec9 {\r\ndisplay: block;\r\n}\r\n}\r\n@media screen and (min-width: 768px) and (max-width: 768px) {\r\n.nfkru69f5636ad2ec9 {\r\ndisplay: none;\r\n}\r\n}\r\n@media screen and (max-width: 767px) {\r\n.nfkru69f5636ad2ec9 {\r\ndisplay: none;\r\n}\r\n}\r\n<\/style>\r\n\n\n\n\n<p>O presidente da JUCERN acredita que esse acordo t\u00e9cnico \u201cvai diminuir a burocracia para todo mundo, tanto para o TRT quanto para a Junta Comercial\u201d. Para Carlos Augusto Maia, \u201cele&nbsp; contribui para melhorar as execu\u00e7\u00f5es e deix\u00e1-las mais precisas\u201d.<\/p>\n\n\n\n<p>Atualmente, \u201co TRT-RN mant\u00e9m uma s\u00e9rie de acordos de coopera\u00e7\u00e3o com institui\u00e7\u00f5es e \u00f3rg\u00e3os p\u00fablicos que permitem a troca de informa\u00e7\u00f5es e a atua\u00e7\u00e3o conjunta, agilizando o cumprimento das senten\u00e7as e o pagamento das d\u00edvidas trabalhistas&#8221;, conclui Eduardo Rocha.<\/p>\n\n\n\n<p>A assinatura do Termos de Coopera\u00e7\u00e3o contou ainda com a participa\u00e7\u00e3o da secret\u00e1ria da Presid\u00eancia do TRT-RN, Priscilla Gatto, e do advogado e vogal da Jucern, respectivamente Ellison Trindade e Eduardo Gatto.<\/p>\n","protected":false},"excerpt":{"rendered":"<p>O Tribunal Regional do Trabalho da 21\u00aa Regi\u00e3o (TRT-RN) celebrou um Acordo de Coopera\u00e7\u00e3o T\u00e9cnica com a Junta Comercial do Estado do Rio Grande do Norte (JUCERN) com o objetivo de agilizar as consultas \u00e0 base de dados cadastrais das empresas instaladas em todo o estado. O acordo foi assinado nesta segunda-feira (06), pelo presidente<br \/><a class=\"more-link\" href=\"https:\/\/justicapotiguar.com.br\/index.php\/2024\/05\/07\/trt-rn-firma-acordo-tecnico-com-junta-comercial-para-agilizar-execucao-trabalhista\/\">Mais&#8230;<\/a><\/p>\n","protected":false},"author":5,"featured_media":0,"comment_status":"open","ping_status":"open","sticky":false,"template":"","format":"standard","meta":[],"categories":[1],"tags":[],"_links":{"self":[{"href":"https:\/\/justicapotiguar.com.br\/index.php\/wp-json\/wp\/v2\/posts\/36799"}],"collection":[{"href":"https:\/\/justicapotiguar.com.br\/index.php\/wp-json\/wp\/v2\/posts"}],"about":[{"href":"https:\/\/justicapotiguar.com.br\/index.php\/wp-json\/wp\/v2\/types\/post"}],"author":[{"embeddable":true,"href":"https:\/\/justicapotiguar.com.br\/index.php\/wp-json\/wp\/v2\/users\/5"}],"replies":[{"embeddable":true,"href":"https:\/\/justicapotiguar.com.br\/index.php\/wp-json\/wp\/v2\/comments?post=36799"}],"version-history":[{"count":1,"href":"https:\/\/justicapotiguar.com.br\/index.php\/wp-json\/wp\/v2\/posts\/36799\/revisions"}],"predecessor-version":[{"id":36801,"href":"https:\/\/justicapotiguar.com.br\/index.php\/wp-json\/wp\/v2\/posts\/36799\/revisions\/36801"}],"wp:attachment":[{"href":"https:\/\/justicapotiguar.com.br\/index.php\/wp-json\/wp\/v2\/media?parent=36799"}],"wp:term":[{"taxonomy":"category","embeddable":true,"href":"https:\/\/justicapotiguar.com.br\/index.php\/wp-json\/wp\/v2\/categories?post=36799"},{"taxonomy":"post_tag","embeddable":true,"href":"https:\/\/justicapotiguar.com.br\/index.php\/wp-json\/wp\/v2\/tags?post=36799"}],"curies":[{"name":"wp","href":"https:\/\/api.w.org\/{rel}","templated":true}]}}