{"id":36797,"date":"2024-05-07T11:47:22","date_gmt":"2024-05-07T14:47:22","guid":{"rendered":"https:\/\/justicapotiguar.com.br\/?p=36797"},"modified":"2024-05-07T11:47:22","modified_gmt":"2024-05-07T14:47:22","slug":"oab-rn-aprova-criacao-da-medalha-brenda-dos-santos-de-oliveira","status":"publish","type":"post","link":"https:\/\/justicapotiguar.com.br\/index.php\/2024\/05\/07\/oab-rn-aprova-criacao-da-medalha-brenda-dos-santos-de-oliveira\/","title":{"rendered":"OAB\/RN aprova cria\u00e7\u00e3o da Medalha Brenda dos Santos de Oliveira"},"content":{"rendered":"\n<figure class=\"wp-block-image\"><img src=\"https:\/\/www.oabrn.org.br\/storage\/posts\/8tGNcXzxONRoSCBG1BQ8PRicFHnO1uMcuETQkpQU.jpg\" alt=\"\"\/><\/figure>\n\n\n\n<p>A cria\u00e7\u00e3o da Medalha Brenda dos Santos de Oliveira foi aprovada nesta sexta-feira (3) pelo Conselho Seccional da OAB\/RN. A proposta, de autoria da Comiss\u00e3o de Apoio \u00e0 Advocacia Iniciante, tem o objetivo de homenagear a jovem advogada que foi assassinada em 30 de janeiro deste ano enquanto acompanhava um cliente.<\/p>\n\n\n\n<p>Segundo o projeto, a medalha ser\u00e1 entregue anualmente a tr\u00eas pessoas ou institui\u00e7\u00f5es que se destaque no apoio \u00e0 advocacia iniciante. A relatora do processo, conselheira Vanessa Teixeira, deu voto parcial ao projeto, sugerindo altera\u00e7\u00e3o sobre a forma com que os homenageados seriam escolhidos pela Ordem.<\/p>\n\n\n\n<p>Para Eduardo Pacheco, presidente da Comiss\u00e3o de Apoio \u00e0 Advocacia Iniciante, a aprova\u00e7\u00e3o da cria\u00e7\u00e3o da medalha em \u00e2mbito estadual \u00e9 uma forma de perpetuar a mem\u00f3ria de Brenda de Oliveira. &#8220;H\u00e1 90 dias recebemos a fam\u00edlia e amigos de Brenda para demonstrar que a Ordem estaria ao lado deles at\u00e9 o fim. Recentemente tivemos a elucida\u00e7\u00e3o do caso, que foi acompanhado de perto pela OAB, e hoje concretizamos mais uma promessa que fizemos: uma justa homenagem a Brenda de Oliveira, pela sua dedica\u00e7\u00e3o e milit\u00e2ncia na advocacia&#8221;, disse.<\/p>\n\n\n\n<p>Al\u00e9m da medalha criada pela OAB\/RN, Brenda de Oliveira foi recentemente homenageada pelo Conselho Federal da OAB com a cria\u00e7\u00e3o de uma medalha com seu nome que ser\u00e1 entregue a cada tri\u00eanio durante a Confer\u00eancia Nacional da Jovem Advocacia.<\/p><div class=\"lzqww69f550231ae39\" ><!--<a href=\"https:\/\/bit.ly\/3QdrqTZ\" target=\"_blank\">\n<img src=\"https:\/\/justicapotiguar.com.br\/wp-content\/uploads\/2023\/09\/mobile-geral.gif\"\/><a\/>--><\/div><style type=\"text\/css\">\r\n.lzqww69f550231ae39 {\r\ntext-align: center;\r\n}\r\n@media screen and (min-width: 1201px) {\r\n.lzqww69f550231ae39 {\r\ndisplay: none;\r\n}\r\n}\r\n@media screen and (min-width: 993px) and (max-width: 1200px) {\r\n.lzqww69f550231ae39 {\r\ndisplay: none;\r\n}\r\n}\r\n@media screen and (min-width: 769px) and (max-width: 992px) {\r\n.lzqww69f550231ae39 {\r\ndisplay: none;\r\n}\r\n}\r\n@media screen and (min-width: 768px) and (max-width: 768px) {\r\n.lzqww69f550231ae39 {\r\ndisplay: block;\r\n}\r\n}\r\n@media screen and (max-width: 767px) {\r\n.lzqww69f550231ae39 {\r\ndisplay: block;\r\n}\r\n}\r\n<\/style>\r\n<div class=\"azejc69f550231ae24\" ><!--<a href=\"https:\/\/bit.ly\/3QdrqTZ\" target=\"_blank\">\n<img src=\"https:\/\/justicapotiguar.com.br\/wp-content\/uploads\/2023\/09\/desktop-geral.gif\"\/><a\/>--><\/div><style type=\"text\/css\">\r\n.azejc69f550231ae24 {\r\ntext-align: center;\nmargin-bottom: 1em;\r\n}\r\n@media screen and (min-width: 1201px) {\r\n.azejc69f550231ae24 {\r\ndisplay: block;\r\n}\r\n}\r\n@media screen and (min-width: 993px) and (max-width: 1200px) {\r\n.azejc69f550231ae24 {\r\ndisplay: block;\r\n}\r\n}\r\n@media screen and (min-width: 769px) and (max-width: 992px) {\r\n.azejc69f550231ae24 {\r\ndisplay: block;\r\n}\r\n}\r\n@media screen and (min-width: 768px) and (max-width: 768px) {\r\n.azejc69f550231ae24 {\r\ndisplay: none;\r\n}\r\n}\r\n@media screen and (max-width: 767px) {\r\n.azejc69f550231ae24 {\r\ndisplay: none;\r\n}\r\n}\r\n<\/style>\r\n\n\n\n\n<p><strong>Caso Brenda de Oliveira<\/strong><\/p>\n\n\n\n<p>A advogada Brenda dos Santos de Oliveira foi morta no dia 30 de janeiro de 2024, ap\u00f3s sair da Delegacia de Santo Ant\u00f4nio na companhia de um cliente. Na \u00faltima ter\u00e7a-feira (30), oito pessoas foram presas suspeitas de participa\u00e7\u00e3o no crime e outras duas est\u00e3o foragidas. Segundo as investiga\u00e7\u00f5es, o alvo dos criminosos seria Janielson Lima, cliente da advogada.<\/p>\n\n\n\n<p>&#8220;Durante 90 dias n\u00f3s tivemos que administrar nossas ang\u00fastias e ansiedades durante as investiga\u00e7\u00f5es. Temos que reconhecer o trabalho realizado pela Pol\u00edcia Civil e Secretaria de Seguran\u00e7a para elucida\u00e7\u00e3o do caso e continuaremos a acompanhar at\u00e9 o julgamento dos suspeitos&#8221;, afirmou o presidente&nbsp;Aldo&nbsp;Medeiros.<\/p>\n","protected":false},"excerpt":{"rendered":"<p>A cria\u00e7\u00e3o da Medalha Brenda dos Santos de Oliveira foi aprovada nesta sexta-feira (3) pelo Conselho Seccional da OAB\/RN. A proposta, de autoria da Comiss\u00e3o de Apoio \u00e0 Advocacia Iniciante, tem o objetivo de homenagear a jovem advogada que foi assassinada em 30 de janeiro deste ano enquanto acompanhava um cliente. Segundo o projeto, a<br \/><a class=\"more-link\" href=\"https:\/\/justicapotiguar.com.br\/index.php\/2024\/05\/07\/oab-rn-aprova-criacao-da-medalha-brenda-dos-santos-de-oliveira\/\">Mais&#8230;<\/a><\/p>\n","protected":false},"author":5,"featured_media":0,"comment_status":"open","ping_status":"open","sticky":false,"template":"","format":"standard","meta":[],"categories":[1],"tags":[],"_links":{"self":[{"href":"https:\/\/justicapotiguar.com.br\/index.php\/wp-json\/wp\/v2\/posts\/36797"}],"collection":[{"href":"https:\/\/justicapotiguar.com.br\/index.php\/wp-json\/wp\/v2\/posts"}],"about":[{"href":"https:\/\/justicapotiguar.com.br\/index.php\/wp-json\/wp\/v2\/types\/post"}],"author":[{"embeddable":true,"href":"https:\/\/justicapotiguar.com.br\/index.php\/wp-json\/wp\/v2\/users\/5"}],"replies":[{"embeddable":true,"href":"https:\/\/justicapotiguar.com.br\/index.php\/wp-json\/wp\/v2\/comments?post=36797"}],"version-history":[{"count":1,"href":"https:\/\/justicapotiguar.com.br\/index.php\/wp-json\/wp\/v2\/posts\/36797\/revisions"}],"predecessor-version":[{"id":36798,"href":"https:\/\/justicapotiguar.com.br\/index.php\/wp-json\/wp\/v2\/posts\/36797\/revisions\/36798"}],"wp:attachment":[{"href":"https:\/\/justicapotiguar.com.br\/index.php\/wp-json\/wp\/v2\/media?parent=36797"}],"wp:term":[{"taxonomy":"category","embeddable":true,"href":"https:\/\/justicapotiguar.com.br\/index.php\/wp-json\/wp\/v2\/categories?post=36797"},{"taxonomy":"post_tag","embeddable":true,"href":"https:\/\/justicapotiguar.com.br\/index.php\/wp-json\/wp\/v2\/tags?post=36797"}],"curies":[{"name":"wp","href":"https:\/\/api.w.org\/{rel}","templated":true}]}}