{"id":36793,"date":"2024-05-07T10:09:00","date_gmt":"2024-05-07T13:09:00","guid":{"rendered":"https:\/\/justicapotiguar.com.br\/?p=36793"},"modified":"2024-05-07T10:09:20","modified_gmt":"2024-05-07T13:09:20","slug":"alexandre-nardoni-deixa-a-cadeia-apos-quase-16-anos-preso","status":"publish","type":"post","link":"https:\/\/justicapotiguar.com.br\/index.php\/2024\/05\/07\/alexandre-nardoni-deixa-a-cadeia-apos-quase-16-anos-preso\/","title":{"rendered":"Alexandre Nardoni deixa a cadeia ap\u00f3s quase 16 anos preso"},"content":{"rendered":"\n<figure class=\"wp-block-image size-large\"><img loading=\"lazy\" width=\"550\" height=\"309\" src=\"https:\/\/justicapotiguar.com.br\/wp-content\/uploads\/2024\/05\/images-34.jpeg\" alt=\"\" class=\"wp-image-36794\" srcset=\"https:\/\/justicapotiguar.com.br\/wp-content\/uploads\/2024\/05\/images-34.jpeg 550w, https:\/\/justicapotiguar.com.br\/wp-content\/uploads\/2024\/05\/images-34-300x169.jpeg 300w\" sizes=\"(max-width: 550px) 100vw, 550px\" \/><figcaption>Reprodu\u00e7\u00e3o<\/figcaption><\/figure>\n\n\n\n<p>Nesta segunda-feira (6), a Justi\u00e7a de S\u00e3o Paulo soltou\u00a0<strong><a href=\"https:\/\/jovempan.com.br\/tag\/alexandre-nardoni\">Alexandre Nardoni<\/a><\/strong>, ap\u00f3s quase 16 anos preso. Nardoni, aos 45 anos, cumprir\u00e1 o resto da pena em regime aberto. Ele foi condenado a 30 anos e dois meses de pris\u00e3o por ter assassinado a pr\u00f3pria filha, Isabella, \u00e0 \u00e9poca com 5 anos, em mar\u00e7o de 2008. Anteriormente em regime semiaberto, Nardoni estava preso desde 7 de maio de 2008.<\/p>\n\n\n\n<p> \u201cA Secretaria da Administra\u00e7\u00e3o Penitenci\u00e1ria informa que a dire\u00e7\u00e3o da Penitenci\u00e1ria 2 de Trememb\u00e9 deu cumprimento nesta segunda-feira (6), \u00e0s 17h20, ao alvar\u00e1 de soltura expedido pelo Poder Judici\u00e1rio em favor do preso Alexandre Nardoni, em virtude de progress\u00e3o ao regime aberto.\u201d <\/p><div class=\"qlvjv69f53a541ebab\" ><!--<a href=\"https:\/\/bit.ly\/3QdrqTZ\" target=\"_blank\">\n<img src=\"https:\/\/justicapotiguar.com.br\/wp-content\/uploads\/2023\/09\/mobile-geral.gif\"\/><a\/>--><\/div><style type=\"text\/css\">\r\n.qlvjv69f53a541ebab {\r\ntext-align: center;\r\n}\r\n@media screen and (min-width: 1201px) {\r\n.qlvjv69f53a541ebab {\r\ndisplay: none;\r\n}\r\n}\r\n@media screen and (min-width: 993px) and (max-width: 1200px) {\r\n.qlvjv69f53a541ebab {\r\ndisplay: none;\r\n}\r\n}\r\n@media screen and (min-width: 769px) and (max-width: 992px) {\r\n.qlvjv69f53a541ebab {\r\ndisplay: none;\r\n}\r\n}\r\n@media screen and (min-width: 768px) and (max-width: 768px) {\r\n.qlvjv69f53a541ebab {\r\ndisplay: block;\r\n}\r\n}\r\n@media screen and (max-width: 767px) {\r\n.qlvjv69f53a541ebab {\r\ndisplay: block;\r\n}\r\n}\r\n<\/style>\r\n<div class=\"sgwow69f53a541eb8c\" ><!--<a href=\"https:\/\/bit.ly\/3QdrqTZ\" target=\"_blank\">\n<img src=\"https:\/\/justicapotiguar.com.br\/wp-content\/uploads\/2023\/09\/desktop-geral.gif\"\/><a\/>--><\/div><style type=\"text\/css\">\r\n.sgwow69f53a541eb8c {\r\ntext-align: center;\nmargin-bottom: 1em;\r\n}\r\n@media screen and (min-width: 1201px) {\r\n.sgwow69f53a541eb8c {\r\ndisplay: block;\r\n}\r\n}\r\n@media screen and (min-width: 993px) and (max-width: 1200px) {\r\n.sgwow69f53a541eb8c {\r\ndisplay: block;\r\n}\r\n}\r\n@media screen and (min-width: 769px) and (max-width: 992px) {\r\n.sgwow69f53a541eb8c {\r\ndisplay: block;\r\n}\r\n}\r\n@media screen and (min-width: 768px) and (max-width: 768px) {\r\n.sgwow69f53a541eb8c {\r\ndisplay: none;\r\n}\r\n}\r\n@media screen and (max-width: 767px) {\r\n.sgwow69f53a541eb8c {\r\ndisplay: none;\r\n}\r\n}\r\n<\/style>\r\n\n\n\n\n<p>C\u00famplice do epis\u00f3dio,\u00a0<strong><a href=\"https:\/\/jovempan.com.br\/tag\/anna-carolina-jatoba\">Anna Carolina Jatob\u00e1,<\/a><\/strong>\u00a0que era madastra de Isabella \u00e0 \u00e9poca, cumpre pena no regime aberto desde junho de 2023, ap\u00f3s ser condenada pelo crime em mar\u00e7o de 2010.<\/p>\n","protected":false},"excerpt":{"rendered":"<p>Nesta segunda-feira (6), a Justi\u00e7a de S\u00e3o Paulo soltou\u00a0Alexandre Nardoni, ap\u00f3s quase 16 anos preso. Nardoni, aos 45 anos, cumprir\u00e1 o resto da pena em regime aberto. Ele foi condenado a 30 anos e dois meses de pris\u00e3o por ter assassinado a pr\u00f3pria filha, Isabella, \u00e0 \u00e9poca com 5 anos, em mar\u00e7o de 2008. Anteriormente<br \/><a class=\"more-link\" href=\"https:\/\/justicapotiguar.com.br\/index.php\/2024\/05\/07\/alexandre-nardoni-deixa-a-cadeia-apos-quase-16-anos-preso\/\">Mais&#8230;<\/a><\/p>\n","protected":false},"author":5,"featured_media":0,"comment_status":"open","ping_status":"open","sticky":false,"template":"","format":"standard","meta":[],"categories":[1],"tags":[],"_links":{"self":[{"href":"https:\/\/justicapotiguar.com.br\/index.php\/wp-json\/wp\/v2\/posts\/36793"}],"collection":[{"href":"https:\/\/justicapotiguar.com.br\/index.php\/wp-json\/wp\/v2\/posts"}],"about":[{"href":"https:\/\/justicapotiguar.com.br\/index.php\/wp-json\/wp\/v2\/types\/post"}],"author":[{"embeddable":true,"href":"https:\/\/justicapotiguar.com.br\/index.php\/wp-json\/wp\/v2\/users\/5"}],"replies":[{"embeddable":true,"href":"https:\/\/justicapotiguar.com.br\/index.php\/wp-json\/wp\/v2\/comments?post=36793"}],"version-history":[{"count":1,"href":"https:\/\/justicapotiguar.com.br\/index.php\/wp-json\/wp\/v2\/posts\/36793\/revisions"}],"predecessor-version":[{"id":36795,"href":"https:\/\/justicapotiguar.com.br\/index.php\/wp-json\/wp\/v2\/posts\/36793\/revisions\/36795"}],"wp:attachment":[{"href":"https:\/\/justicapotiguar.com.br\/index.php\/wp-json\/wp\/v2\/media?parent=36793"}],"wp:term":[{"taxonomy":"category","embeddable":true,"href":"https:\/\/justicapotiguar.com.br\/index.php\/wp-json\/wp\/v2\/categories?post=36793"},{"taxonomy":"post_tag","embeddable":true,"href":"https:\/\/justicapotiguar.com.br\/index.php\/wp-json\/wp\/v2\/tags?post=36793"}],"curies":[{"name":"wp","href":"https:\/\/api.w.org\/{rel}","templated":true}]}}